{"id":104631,"date":"2025-09-10T02:48:03","date_gmt":"2025-09-10T02:48:03","guid":{"rendered":"https:\/\/www.europesays.com\/es\/104631\/"},"modified":"2025-09-10T02:48:03","modified_gmt":"2025-09-10T02:48:03","slug":"el-condor-esta-de-vuelta-gran-victoria-de-egan-bernal-en-la-etapa-16-asi-estan-los-colombianos-en-la-clasificacion-general-de-la-vuelta-marca","status":"publish","type":"post","link":"https:\/\/www.europesays.com\/es\/104631\/","title":{"rendered":"El C\u00f3ndor est\u00e1 de vuelta, gran victoria de Egan Bernal en la etapa 16: As\u00ed est\u00e1n los colombianos en la Clasificaci\u00f3n General de la Vuelta &#8211; MARCA"},"content":{"rendered":"<ol>\n<li><a href=\"https:\/\/news.google.com\/rss\/articles\/CBMic0FVX3lxTFBFYnVMOGZTNEdNdDFxMG40cm0taXdQdFNMVGdkWV9GeUd5YmNLSnh2WjJkWnplRkpESEZCbjhNOWtTV3g3TXEwVTNzT3RZempDWWlYTnJDLVJZZUh6OGptZGtSMHhxN3pxYW5sck13X0p2NlnSAXNBVV95cUxNZzY2UUo2VU10bWh0SmhUcVFkV3cyZzhFc1lxWU01VlpEdml4blpVbXVsZTN2UVR2cW9RSEV2OGpNQ0U1UWxuUkdGOXhFTmdudFUxdEN2N0FCNV8tZ2kyOVNnb1dNbmt5Z0xzclZFRml6MDYw?oc=5\" target=\"_blank\" rel=\"nofollow noopener\">El C\u00f3ndor est\u00e1 de vuelta, gran victoria de Egan Bernal en la etapa 16: As\u00ed est\u00e1n los colombianos en la Clasificaci\u00f3n General de la Vuelta<\/a>&nbsp;&nbsp;MARCA<\/li>\n<li><a href=\"https:\/\/news.google.com\/rss\/articles\/CBMixgFBVV95cUxQZWhHN2p3QUpTc2JQNGxlR0J1TlBHOGRGZ29FTFpIZS1XTTk2MGowa3hGTEtkNGFOV1pnYjJTaUgzcWo1TGtFcmNUN3poTW9DWmptcm03Rm8wQ3AtVnJCck9mUFRhTXZtSDN1dGlOeDFIdDlNWGFINE9kY1c2MTJvbFptaHRCMWNrdzFrdjBYZjg1alJWbGlxbi1VaE1PQzIyQm9fRERmc2tzN2N4bEhtZDVnQUwzNVFTVFdJcDJMdTdyd3ctV3c?oc=5\" target=\"_blank\" rel=\"nofollow noopener\">Boicot a LaVuelta y la victoria m\u00e1s triste de Bernal sobre Landa: \u00bfacabar\u00e1 la carrera?<\/a>&nbsp;&nbsp;MARCA<\/li>\n<li><a href=\"https:\/\/news.google.com\/rss\/articles\/CBMirAFBVV95cUxQb2t6TVpnVEhzLVR0cnRFRl94ejVSVGdPaWlnQS1fcldkc05nZHFNU2Z2RUlRR0xFcVZOeTExdUZhMlg0dWstUkZXT0l1T29SazZiZDNfbUNBUW5NWjhzcFVOZnJKRlIya2ljSUwzcllZMk1QRkZ2ZTZVcndmX3hnYTVJVnNGeEJYU3FLMVlZOWFrbE96VHVJeGx2Q2VrTDA1ckE0RlM2dGJMai040gHAAUFVX3lxTFAtdjk5NERmM1NmeTJJN01kQW0xb3lRNFJLMVRvdXlVZmE0UFJhRkxaWE5TWFRTZkRsNVM5UlFsVkZEVW9NTWl1UHptMnF3VGFnN0E5alMtcDV5cWF4SWxIVzU0Njh3RUIzc1RzZzdEWjhCMUltaTM3T3ptUVBIZDg3N1J3YzBmR21uX0dfNTd2blExSUlnNHpBQ3d4aDNJVFdIUWRyeTdlVHBscjhYTVFSX21rMDlmeEp2ZzFYbjZfMw?oc=5\" target=\"_blank\" rel=\"nofollow noopener\">Bernal bate a Landa en otro final recortado por las protestas contra Israel<\/a>&nbsp;&nbsp;Diario AS<\/li>\n<li><a href=\"https:\/\/news.google.com\/rss\/articles\/CBMiygFBVV95cUxQSXk0Z1A3MEJzQjNpSDhrM1lyY0hTcnJ1TW1icEFOUjBJdHh4RDZoVXFtRFBrQ1RHUElWME81MHV2SHpvR3BIdTlRcTFnbjlVLXZrRHZwMnBLMFBaYWdzLTctaG9Kc0pXT3hrVmNYSkl3ek15Ymg2ZXFJNEJtdVZ1NWJHVWJOUkFkaV95dzJSX3FGSHlnZ21pQzBaVDJlaWptOWRhOUE1RjNjWF9IbGF0QUU5eWN1V2hhYzhGX0lGM3JUbElMQVRyNXl30gHPAUFVX3lxTE1GaVp0SmdoY1kyX1l0czY2bzllcTZjc0k2cjQ0RHpqam9qQ181NU9Ubl9fT2VtMmpRZ2o1dVhMRDM4OWlLamNPYlpjbmxXX3F1QlNjYkZqZFJTMVRtYS1JNmxIaEJhbWQyR1RnY1ZYaUgyejlRZlhqU05KY2JxS1lwZ1gwc0N2MWxmeGxYcUpOcFZZNE43aHRCR0t6Nnh0N1c5eUY5R0dyMW1kQTRaNF96b2V0dHVFYVJVTVZ4eXQzOW84OUlpTGFzYlZUTnhyZw?oc=5\" target=\"_blank\" rel=\"nofollow noopener\">La Vuelta Espa\u00f1a 2025: as\u00ed queda la clasificaci\u00f3n general tras la etapa 16<\/a>&nbsp;&nbsp;El Confidencial<\/li>\n<li><a href=\"https:\/\/news.google.com\/rss\/articles\/CBMi3gFBVV95cUxOT19Fc2JMQWNmS0p6b0RXWTMzYkVmWV9EY1hvTE5VNEdIelZma2QtTmMzTEpBS1p5MlpPZ3ZQWWdkbkRENkxMaVhIMEFhdVJLWFhGOExocFpReUxjMG9xRVlaZTVpQU1SOW5iNjd5RjFDaTNPN0NqZGxXUy1zaktURHRvdE1PSW1WUzd4WTNHOWRlUkVqMGg0TjRCaEN6dkpKTk5OVkJvc2xnTDNYRWtCVnN2LTBCY2lRdDJ3MVVFWS0ydWZTRUFmNm5xY01tYW42cGszX3hWam40UVpGV3c?oc=5\" target=\"_blank\" rel=\"nofollow noopener\">Las protestas suprimen el puerto de Castro de Herville y dejan a Bernal con un triunfo descafeinado<\/a>&nbsp;&nbsp;La Vanguardia<\/li>\n<\/ol>\n","protected":false},"excerpt":{"rendered":"El C\u00f3ndor est\u00e1 de vuelta, gran victoria de Egan Bernal en la etapa 16: As\u00ed est\u00e1n los colombianos&hellip;\n","protected":false},"author":2,"featured_media":104632,"comment_status":"","ping_status":"","sticky":false,"template":"","format":"standard","meta":{"footnotes":""},"categories":[273],"tags":[313,14166,312,168,25,24,23,167],"class_list":{"0":"post-104631","1":"post","2":"type-post","3":"status-publish","4":"format-standard","5":"has-post-thumbnail","7":"category-ciclismo","8":"tag-ciclismo","9":"tag-co","10":"tag-cycling","11":"tag-deportes","12":"tag-es","13":"tag-espana","14":"tag-spain","15":"tag-sports"},"share_on_mastodon":{"url":"","error":""},"_links":{"self":[{"href":"https:\/\/www.europesays.com\/es\/wp-json\/wp\/v2\/posts\/104631","targetHints":{"allow":["GET"]}}],"collection":[{"href":"https:\/\/www.europesays.com\/es\/wp-json\/wp\/v2\/posts"}],"about":[{"href":"https:\/\/www.europesays.com\/es\/wp-json\/wp\/v2\/types\/post"}],"author":[{"embeddable":true,"href":"https:\/\/www.europesays.com\/es\/wp-json\/wp\/v2\/users\/2"}],"replies":[{"embeddable":true,"href":"https:\/\/www.europesays.com\/es\/wp-json\/wp\/v2\/comments?post=104631"}],"version-history":[{"count":0,"href":"https:\/\/www.europesays.com\/es\/wp-json\/wp\/v2\/posts\/104631\/revisions"}],"wp:featuredmedia":[{"embeddable":true,"href":"https:\/\/www.europesays.com\/es\/wp-json\/wp\/v2\/media\/104632"}],"wp:attachment":[{"href":"https:\/\/www.europesays.com\/es\/wp-json\/wp\/v2\/media?parent=104631"}],"wp:term":[{"taxonomy":"category","embeddable":true,"href":"https:\/\/www.europesays.com\/es\/wp-json\/wp\/v2\/categories?post=104631"},{"taxonomy":"post_tag","embeddable":true,"href":"https:\/\/www.europesays.com\/es\/wp-json\/wp\/v2\/tags?post=104631"}],"curies":[{"name":"wp","href":"https:\/\/api.w.org\/{rel}","templated":true}]}}