{"id":104633,"date":"2025-09-10T02:49:06","date_gmt":"2025-09-10T02:49:06","guid":{"rendered":"https:\/\/www.europesays.com\/es\/104633\/"},"modified":"2025-09-10T02:49:06","modified_gmt":"2025-09-10T02:49:06","slug":"cuando-saldra-a-la-venta-la-mercancia-de-cadillac-y-tommy-hilfiger","status":"publish","type":"post","link":"https:\/\/www.europesays.com\/es\/104633\/","title":{"rendered":"\u00bfCu\u00e1ndo saldr\u00e1 a la venta la mercanc\u00eda de Cadillac y Tommy Hilfiger?"},"content":{"rendered":"\n<p>El fin de semana, durante el US Open, el piloto mexicano <b>Sergio \u00abCheco\u00bb P\u00e9rez<\/b> apareci\u00f3 como un invitado especial junto al empresario\u00a0<b>Thomas Jacob Hilfiger<\/b>, en un encuentro que ha sido interpretado como <a href=\"https:\/\/www.mediotiempo.com\/automovilismo\/f1\/checo-perez-se-reune-importante-patrocinador-cadillac-f1\" style=\"letter-spacing: -0.22px; background-color: rgb(255, 255, 255);\" rel=\"nofollow noopener\" target=\"_blank\">el primero que forma parte de sus labores<\/a> como piloto de la escuder\u00eda Cadillac.<\/p>\n<p>En una de las fotograf\u00edas que fueron compartidas de la reuni\u00f3n, se pudo ver a ambos portar gorras en las que <b>ya aparec\u00edan los logos de las marcas Cadillac y Tommy Hilfiger<\/b>, uno al lado del otro, lo que llev\u00f3 a que los aficionados empezaran a cuestionarse si ya eran parte de la mercanc\u00eda oficial o c\u00f3mo conseguirlas, aunque <b>para que exista esa posibilidad habr\u00e1 que esperar<\/b>.<\/p>\n<p>Tommy Hilfiger se encargar\u00e1 de vestir a Cadillac<\/p>\n<p>El mercado estadounidense se ha convertido en el m\u00e1s importante para la F\u00f3rmula 1, por lo que diversas marcas de ese pa\u00eds se han interesado en adentrarse en ella, <b>entre las cuales destaca Tommy Hilfiger<\/b>, que tras vestir a los protagonistas de <a href=\"https:\/\/www.mediotiempo.com\/automovilismo\/f1\/f1-la-pelicula-una-ficcion-para-disfrutar-mas-de-la-realidad\" style=\"letter-spacing: -0.22px; background-color: rgb(255, 255, 255);\" rel=\"nofollow noopener\" target=\"_blank\">&#8216;F1, la pel\u00edcula&#8217;<\/a>, tambi\u00e9n lo har\u00e1 con Cadillac.<\/p>\n<p><img decoding=\"async\" src=\"https:\/\/www.europesays.com\/es\/wp-content\/uploads\/2025\/09\/G0VXQTbWEAAHqLw\" alt=\"\" style=\"width: 100%; height: auto;\"\/><\/p>\n<p>A inicios de junio se hizo oficial la uni\u00f3n comercial que llevar\u00e1 a la empresa estadounidense a vestir a cada integrante del equipo, adem\u00e1s de <b>crear colecciones deportivas destinadas a los aficionados<\/b>, siempre es una fuente importante de ganancias para los equipos de F1.<\/p>\n<p>Esa relaci\u00f3n tambi\u00e9n llevar\u00e1 a que el logotipo de la marca Tommy Hilfiger aparezca en el casto y los autos <a href=\"https:\/\/www.mediotiempo.com\/automovilismo\/f1\/emocionante-reaccion-cadillac-fichajes-checo-perez-valtteri-bottas\" rel=\"nofollow noopener\" target=\"_blank\">que conducir\u00e1n Checo P\u00e9rez y Valterri Bottas<\/a> para as\u00ed tener visibilidad entre los aficionados de la Gran Carpa.\u00a0<\/p>\n<p>\u00bfCu\u00e1ndo se lanzar\u00e1 la mercanc\u00eda?<\/p>\n<p>Al ser una escuder\u00eda que debutar\u00e1 apenas en 2026 y debido a que el acuerdo entre Tommy Hilfiger y Cadillac s\u00f3lo tiene unas semanas de haberse cerrado, los aficionados que deseen adquirir los productos oficiales\u00a0<b>deber\u00e1n de esperar para tenerlos en sus manos<\/b>.\u00a0<\/p>\n<p> La colecci\u00f3n incluir\u00e1 chamarras, camisetas, sudaderas, t-shirts, sudaderas con capucha, polos, gorras con logotipo y un jersey con cremallera, pero para conocerlas habr\u00e1 que esperar.\u00a0<\/p>\n<p>De acuerdo con el sitio especializado de moda\u00a0Business of Fashion, en un reporte de agosto, los productos para aficionados <b>ser\u00e1n puestos a la venta en el mes de febrero de 2026<\/b>, un mes antes de lo que report\u00f3 inicialmente Forbes.<\/p>\n<p>  <img decoding=\"async\" src=\"https:\/\/www.europesays.com\/es\/wp-content\/uploads\/2025\/09\/checo-bottas-sesion-fotos-cadillac_thumb_608_539.jpg\" alt=\"Checo y Bottas, en sesi\u00f3n de fotos con Cadillac (Captura)\" class=\"thumbnail-image h-auto w-full\" loading=\"lazy\" width=\"608\" height=\"539\" data-astro-cid-76gfcyhr=\"\"\/>  Checo y Bottas, en sesi\u00f3n de fotos con Cadillac (Captura)          <\/p>\n","protected":false},"excerpt":{"rendered":"El fin de semana, durante el US Open, el piloto mexicano Sergio \u00abCheco\u00bb P\u00e9rez apareci\u00f3 como un invitado&hellip;\n","protected":false},"author":2,"featured_media":104634,"comment_status":"","ping_status":"","sticky":false,"template":"","format":"standard","meta":{"footnotes":""},"categories":[270],"tags":[5331,5332,168,25,24,306,271,272,36419,36420,36421,11007,23,167,29189],"class_list":{"0":"post-104633","1":"post","2":"type-post","3":"status-publish","4":"format-standard","5":"has-post-thumbnail","7":"category-formula-1","8":"tag-cadillac","9":"tag-checo-perez","10":"tag-deportes","11":"tag-es","12":"tag-espana","13":"tag-f1","14":"tag-formula-1","15":"tag-formula1","16":"tag-mercancia","17":"tag-productos-de-cadillac","18":"tag-productos-oficiales","19":"tag-sergio-perez","20":"tag-spain","21":"tag-sports","22":"tag-tommy-hilfiger"},"share_on_mastodon":{"url":"","error":""},"_links":{"self":[{"href":"https:\/\/www.europesays.com\/es\/wp-json\/wp\/v2\/posts\/104633","targetHints":{"allow":["GET"]}}],"collection":[{"href":"https:\/\/www.europesays.com\/es\/wp-json\/wp\/v2\/posts"}],"about":[{"href":"https:\/\/www.europesays.com\/es\/wp-json\/wp\/v2\/types\/post"}],"author":[{"embeddable":true,"href":"https:\/\/www.europesays.com\/es\/wp-json\/wp\/v2\/users\/2"}],"replies":[{"embeddable":true,"href":"https:\/\/www.europesays.com\/es\/wp-json\/wp\/v2\/comments?post=104633"}],"version-history":[{"count":0,"href":"https:\/\/www.europesays.com\/es\/wp-json\/wp\/v2\/posts\/104633\/revisions"}],"wp:featuredmedia":[{"embeddable":true,"href":"https:\/\/www.europesays.com\/es\/wp-json\/wp\/v2\/media\/104634"}],"wp:attachment":[{"href":"https:\/\/www.europesays.com\/es\/wp-json\/wp\/v2\/media?parent=104633"}],"wp:term":[{"taxonomy":"category","embeddable":true,"href":"https:\/\/www.europesays.com\/es\/wp-json\/wp\/v2\/categories?post=104633"},{"taxonomy":"post_tag","embeddable":true,"href":"https:\/\/www.europesays.com\/es\/wp-json\/wp\/v2\/tags?post=104633"}],"curies":[{"name":"wp","href":"https:\/\/api.w.org\/{rel}","templated":true}]}}