{"id":104640,"date":"2025-09-10T02:53:19","date_gmt":"2025-09-10T02:53:19","guid":{"rendered":"https:\/\/www.europesays.com\/es\/104640\/"},"modified":"2025-09-10T02:53:19","modified_gmt":"2025-09-10T02:53:19","slug":"una-exposicion-fotografica-celebra-lo-genuinamente-vasco-en-vitoria-gasteiz","status":"publish","type":"post","link":"https:\/\/www.europesays.com\/es\/104640\/","title":{"rendered":"Una exposici\u00f3n fotogr\u00e1fica celebra lo \u201cGenuinamente vasco\u201d en Vitoria-Gasteiz"},"content":{"rendered":"<p>\n        La exposici\u00f3n\u00a0<strong>Genuinamente vasco<\/strong>, impulsada por\u00a0<strong>Cultura Inquieta e Iberdrola<\/strong>, reune<strong> 288 im\u00e1genes<\/strong> que capturan la esencia de una tierra rica en identidad, tradiciones, paisajes y personas \u00fanicas.\n<\/p>\n<p class=\"article-body__text \">\n        Esta <strong>muestra colectiva<\/strong> forma parte del certamen fotogr\u00e1fico del mismo nombre, celebrado en Instagram desde el mes de marzo.\u00a0\n<\/p>\n<p class=\"article-body__text \">\n        <strong>Aficionados y profesionales<\/strong> -multitud de fot\u00f3grafos movidos por su amor a esta tierra- han compartido im\u00e1genes que reflejan lo m\u00e1s aut\u00e9ntico del Pa\u00eds Vasco.\n<\/p>\n<p class=\"article-photo__footer\">\n            Fotograf\u00eda de Arnaitz Rubio            Arnaitz Rubio        <\/p>\n<p class=\"article-photo__footer\">\n            Fotograf\u00eda de la exposici\u00f3n \u00abGenuinamente vasco\u00bb en Vitoria.            Cedida        <\/p>\n<p class=\"article-body__text \">\n        Para la selecci\u00f3n final se han valorado tanto la <strong>calidad art\u00edstica de las instant\u00e1neas como la sensibilidad, autenticidad y emoci\u00f3n <\/strong>con las que se ha captado lo vasco en su estado m\u00e1s puro.\n<\/p>\n<p class=\"article-body__text \">\n        Las im\u00e1genes han sido compartidas en Instagram bajo el hashtag\u00a0<a href=\"https:\/\/www.instagram.com\/p\/DIYFVIxsnHv\/\" title=\"#GenuinamenteVasco\" rel=\"nofollow noopener\" class=\"link copy\" target=\"_blank\"><strong>#GenuinamenteVasco<\/strong>, mencionando a\u00a0<strong>@<\/strong><\/a><a href=\"https:\/\/www.instagram.com\/culturainquieta\/\" title=\"culturainquieta \" rel=\"nofollow noopener\" class=\"link copy\" target=\"_blank\"><strong>culturainquieta <\/strong><\/a><strong>e @iberdrola.<\/strong>\n<\/p>\n<p>            <script async src=\"\/\/www.instagram.com\/embed.js\"><\/script><\/p>\n","protected":false},"excerpt":{"rendered":"La exposici\u00f3n\u00a0Genuinamente vasco, impulsada por\u00a0Cultura Inquieta e Iberdrola, reune 288 im\u00e1genes que capturan la esencia de una tierra&hellip;\n","protected":false},"author":2,"featured_media":104641,"comment_status":"","ping_status":"","sticky":false,"template":"","format":"standard","meta":{"footnotes":""},"categories":[173],"tags":[229,233,231,230,232,234,146,147,25,24,36424,36423,36422,1156,23,7674],"class_list":{"0":"post-104640","1":"post","2":"type-post","3":"status-publish","4":"format-standard","5":"has-post-thumbnail","7":"category-arte-y-diseno","8":"tag-arte","9":"tag-arte-y-diseno","10":"tag-arts","11":"tag-arts-and-design","12":"tag-design","13":"tag-diseno","14":"tag-entertainment","15":"tag-entretenimiento","16":"tag-es","17":"tag-espana","18":"tag-exposicion-fotografia-iberdrola","19":"tag-fueros","20":"tag-genuinamente","21":"tag-muestra","22":"tag-spain","23":"tag-vasco"},"share_on_mastodon":{"url":"","error":""},"_links":{"self":[{"href":"https:\/\/www.europesays.com\/es\/wp-json\/wp\/v2\/posts\/104640","targetHints":{"allow":["GET"]}}],"collection":[{"href":"https:\/\/www.europesays.com\/es\/wp-json\/wp\/v2\/posts"}],"about":[{"href":"https:\/\/www.europesays.com\/es\/wp-json\/wp\/v2\/types\/post"}],"author":[{"embeddable":true,"href":"https:\/\/www.europesays.com\/es\/wp-json\/wp\/v2\/users\/2"}],"replies":[{"embeddable":true,"href":"https:\/\/www.europesays.com\/es\/wp-json\/wp\/v2\/comments?post=104640"}],"version-history":[{"count":0,"href":"https:\/\/www.europesays.com\/es\/wp-json\/wp\/v2\/posts\/104640\/revisions"}],"wp:featuredmedia":[{"embeddable":true,"href":"https:\/\/www.europesays.com\/es\/wp-json\/wp\/v2\/media\/104641"}],"wp:attachment":[{"href":"https:\/\/www.europesays.com\/es\/wp-json\/wp\/v2\/media?parent=104640"}],"wp:term":[{"taxonomy":"category","embeddable":true,"href":"https:\/\/www.europesays.com\/es\/wp-json\/wp\/v2\/categories?post=104640"},{"taxonomy":"post_tag","embeddable":true,"href":"https:\/\/www.europesays.com\/es\/wp-json\/wp\/v2\/tags?post=104640"}],"curies":[{"name":"wp","href":"https:\/\/api.w.org\/{rel}","templated":true}]}}