{"id":104664,"date":"2025-09-10T03:14:12","date_gmt":"2025-09-10T03:14:12","guid":{"rendered":"https:\/\/www.europesays.com\/es\/104664\/"},"modified":"2025-09-10T03:14:12","modified_gmt":"2025-09-10T03:14:12","slug":"junior-y-angel-ortiz-juegan-los-90-minutos-con-sus-selecciones-pablo-garcia-tambien-participa","status":"publish","type":"post","link":"https:\/\/www.europesays.com\/es\/104664\/","title":{"rendered":"Junior y \u00c1ngel Ortiz juegan los 90 minutos con sus selecciones; Pablo Garc\u00eda tambi\u00e9n participa"},"content":{"rendered":"<p class=\"voc-pretitle\">\nBetis\n<\/p>\n<p>Iv\u00e1n Corralejo anot\u00f3 con la selecci\u00f3n espa\u00f1ola sub 19<\/p>\n<p><img fetchpriority=\"high\" class=\"voc-img\" src=\"https:\/\/s3.abcstatics.com\/abc\/www\/multimedia\/deportes\/2025\/09\/09\/G0bKtrCW4AArJnN(1)-RJSJ5eur9aIrLqbpCguewIJ-1200x840@diario_abc.jpg\" loading=\"eager\" decoding=\"async\" alt=\"Junior Firpo, durante el amistoso ante Jordania\" width=\"1200\" height=\"840\"\/><\/p>\n<p>Junior Firpo, durante el amistoso ante Jordania    SEDOFUTBOL  <\/p>\n<p><img decoding=\"async\" class=\"voc-author__img\" src=\"https:\/\/www.europesays.com\/es\/wp-content\/uploads\/2025\/08\/autor-6269-foto-5.jpeg\" alt=\"Nacho P\u00e9rez\"\/><\/p>\n<p>09\/09\/2025<br \/>\n<br \/><strong><br \/>\nActualizado a las 21:40h.<br \/>\n<\/strong><\/p>\n<p class=\"voc-p\" style=\"\">La <strong>selecci\u00f3n espa\u00f1ola sub 21<\/strong> se midi\u00f3 este martes a la de Kosovo en Pristina en duelo correspondiente a la fase de clasificaci\u00f3n para el Europeo. Adem\u00e1s, la <strong>sub 19<\/strong> bati\u00f3 a Ucrania en el \u00faltimo duelo del Torneo Pinatar Arena. Igualmente, la <strong>Rep\u00fablica Dominicana<\/strong> se midi\u00f3 a Jordania en un duelo amistoso. En todos los duelos mencionados hubo representaci\u00f3n b\u00e9tica en las figuras de <strong>\u00c1ngel Ortiz, Pablo Garc\u00eda, Iv\u00e1n Corralejo, Jos\u00e9 Antonio Morante, Manu Gonz\u00e1lez y Junior Firpo<\/strong>. <\/p>\n<p class=\"voc-p\" style=\"\">\u00c1ngel Ortiz fue titular en el partido en el que la sub 21 consigui\u00f3 derrotar a Kosovo (1-3) y jug\u00f3 el partido completo. Pablo Garc\u00eda parti\u00f3 desde el banquillo y tuvo minutos en la segunda mitad saltando al campo en el minuto 63. Joel Roca, Iker Bravo y Adri\u00e1n Ni\u00f1o anotaron los goles para Espa\u00f1a. Iv\u00e1n Corralejo consigui\u00f3 hacer el primer gol en la victoria de la sub 19 ante Ucrania (3-1), sus compa\u00f1eros en el Betis Manu Gonz\u00e1lez y Morante, titulares en el duelo ante Inglaterra del fin de semana, comenzaron como suplentes. Por \u00faltimo, Junior Firpo jug\u00f3 el partido completo ante Jordania. <\/p>\n<p class=\"voc-p\" style=\"\">Ahora, el Betis espera que poco a poco vayan regresando sus futbolistas para preparar el duelo ante el Levante del primer equipo (domingo 14 a las 16.15 horas) y el derbi chico (s\u00e1bado 13 a las 21 horas). <\/p>\n<p>Reportar un error<\/p>\n","protected":false},"excerpt":{"rendered":"Betis Iv\u00e1n Corralejo anot\u00f3 con la selecci\u00f3n espa\u00f1ola sub 19 Junior Firpo, durante el amistoso ante Jordania SEDOFUTBOL&hellip;\n","protected":false},"author":2,"featured_media":104665,"comment_status":"","ping_status":"","sticky":false,"template":"","format":"standard","meta":{"footnotes":""},"categories":[268],"tags":[168,25,24,2501,280,282,3368,1988,281,23,167,4039],"class_list":{"0":"post-104664","1":"post","2":"type-post","3":"status-publish","4":"format-standard","5":"has-post-thumbnail","7":"category-futbol","8":"tag-deportes","9":"tag-es","10":"tag-espana","11":"tag-espanola","12":"tag-football","13":"tag-futbol","14":"tag-junior","15":"tag-seleccion","16":"tag-soccer","17":"tag-spain","18":"tag-sports","19":"tag-sub"},"share_on_mastodon":{"url":"","error":""},"_links":{"self":[{"href":"https:\/\/www.europesays.com\/es\/wp-json\/wp\/v2\/posts\/104664","targetHints":{"allow":["GET"]}}],"collection":[{"href":"https:\/\/www.europesays.com\/es\/wp-json\/wp\/v2\/posts"}],"about":[{"href":"https:\/\/www.europesays.com\/es\/wp-json\/wp\/v2\/types\/post"}],"author":[{"embeddable":true,"href":"https:\/\/www.europesays.com\/es\/wp-json\/wp\/v2\/users\/2"}],"replies":[{"embeddable":true,"href":"https:\/\/www.europesays.com\/es\/wp-json\/wp\/v2\/comments?post=104664"}],"version-history":[{"count":0,"href":"https:\/\/www.europesays.com\/es\/wp-json\/wp\/v2\/posts\/104664\/revisions"}],"wp:featuredmedia":[{"embeddable":true,"href":"https:\/\/www.europesays.com\/es\/wp-json\/wp\/v2\/media\/104665"}],"wp:attachment":[{"href":"https:\/\/www.europesays.com\/es\/wp-json\/wp\/v2\/media?parent=104664"}],"wp:term":[{"taxonomy":"category","embeddable":true,"href":"https:\/\/www.europesays.com\/es\/wp-json\/wp\/v2\/categories?post=104664"},{"taxonomy":"post_tag","embeddable":true,"href":"https:\/\/www.europesays.com\/es\/wp-json\/wp\/v2\/tags?post=104664"}],"curies":[{"name":"wp","href":"https:\/\/api.w.org\/{rel}","templated":true}]}}