{"id":104722,"date":"2025-09-10T03:57:04","date_gmt":"2025-09-10T03:57:04","guid":{"rendered":"https:\/\/www.europesays.com\/es\/104722\/"},"modified":"2025-09-10T03:57:04","modified_gmt":"2025-09-10T03:57:04","slug":"la-vuelta-a-espana-vuelve-a-mos-escenario-del-famoso-yo-me-quedo-por-aqui-de-superman-lopez-que-fue-el-principio-del-fin-del-corredor-colombiano","status":"publish","type":"post","link":"https:\/\/www.europesays.com\/es\/104722\/","title":{"rendered":"La Vuelta a Espa\u00f1a vuelve a Mos, escenario del famoso &#8216;yo me quedo por aqu\u00ed&#8217; de Superman L\u00f3pez que fue el principio del fin del corredor colombiano"},"content":{"rendered":"<p>El colombiano <b data-testid=\"body-text-bold\">Miguel \u00c1ngel L\u00f3pez abandon\u00f3 la Vuelta a Espa\u00f1a 2021 <\/b>en el transcurso de la 20\u00aa etapa, a falta de unos veinte kil\u00f3metros para el final, tras no haber podido entrar en el corte del grupo de favoritos. Superman empez\u00f3 a ceder minutos y perdi\u00f3 su tercera posici\u00f3n en la general.<\/p>\n<p><b data-testid=\"body-text-bold\">Un podio que parec\u00eda controlado para Movistar con Enric Mas y Superman<\/b>, segundo y tercero respectivamente en el inicio de la jornada. Sin embargo, un movimiento de Bahrain, aprovechando el ataque de Adam Yates, a poco menos de 60 kil\u00f3metros para meta <b data-testid=\"body-text-bold\">revent\u00f3 las aspiraciones del colombiano<\/b>, que en apenas 20 kil\u00f3metros ya hab\u00eda cedido su plaza en favor de <b data-testid=\"body-text-bold\">Jack Haig.<\/b><\/p>\n<blockquote class=\"wrapping-break-word mb-5 caps-s3-rs font-bold uppercase\"><p><b data-testid=\"body-text-bold\">Bueno, yo me quedo por aqu\u00ed, fue un placer se\u00f1ores<\/b><\/p><\/blockquote>\n<p>El boyacense iba camino de perder hasta el apellido, pero lo que nadie esperaba es que se fuese a bajar de la bicicleta. La <b data-testid=\"body-text-bold\">noticia salt\u00f3 a 30 kil\u00f3metros del final, cuando se empez\u00f3 a especular con su abandono<\/b>. Despu\u00e9s de varios intentos de persecuci\u00f3n, el de Pesca cedi\u00f3 en su empe\u00f1o y termin\u00f3 deteni\u00e9ndose y sent\u00e1ndose en un lado de la carretera sin motivo aparente y de forma pol\u00e9mica. Ni la llegada de su director <b data-testid=\"body-text-bold\">Patxi Vila<\/b>, ahora en Red Bull-Bora, del que seg\u00fan apuntaron los medios presentes en el lugar incluso se habr\u00eda apartado entonces sin querer entablar conversaci\u00f3n, ni en aquel tiempo compa\u00f1ero de equipo <b data-testid=\"body-text-bold\">Imanol Erviti <\/b>fueron capaces de hacerle reaccionar y que volviese a subirse a la bicicleta.<\/p>\n<p>A falta de im\u00e1genes de la realizaci\u00f3n televisiva de la propia Vuelta a Espa\u00f1a, cuya se\u00f1al era la que emiti\u00f3 Eurosport, <b data-testid=\"body-text-bold\">el \u00fanico documento gr\u00e1fico del abandono de Miguel \u00c1ngel L\u00f3pez<\/b> fue el que tom\u00f3 el reportero de Televisi\u00f3n Espa\u00f1ola, Juan Carlos Garc\u00eda.<\/p>\n<p>Ya en l\u00ednea de meta, fue el propio equipo Movistar el que confirm\u00f3 a Alberto Contador, enviado especial de Eurosport a la meta, que <b data-testid=\"body-text-bold\">el abandono se deb\u00eda a un tema \u00abde cabeza\u00bb<\/b>, o sea, mental. El colombiano, que se impuso de manera brillante en la 18\u00aa etapa que finaliz\u00f3 en el in\u00e9dito <b data-testid=\"body-text-bold\">Alto del Gamoniteiru<\/b>, no fue capaz de reponerse al palo de perder un podio que ten\u00eda pr\u00e1cticamente asegurado.<\/p>\n<p>Por otro lado, <b data-testid=\"body-text-bold\">el diario &#8216;El Tiempo&#8217; apunt\u00f3 en otra direcci\u00f3n.<\/b> El medio colombiano asegur\u00f3 que, tras hablar con el entorno del corredor, decidi\u00f3 irse de la carrera, muy enfadado y en claro desacuerdo con el equipo Movistar, por haber recibido la orden de dejar de tirar del grupo perseguidor para no perjudicar a su compa\u00f1ero Enric Mas. \u00abLe dieron la orden de no perseguir. No quer\u00edan que le siguiera dando y eso a \u00e9l no le gust\u00f3. (&#8230;) Los t\u00e9cnicos lo rega\u00f1aron porque le ven\u00eda dando tratando de llegar al grupo de adelante\u00bb, dijo esta fuente al rotativo colombiano.<\/p>\n<p>La primera explicaci\u00f3n de Superm\u00e1n<\/p>\n<p>El propio ciclista colombiano expres\u00f3 su punto de vista en los micr\u00f3fonos de la Cadena SER, admitiendo que <b data-testid=\"body-text-bold\">su comportamiento no fue correcto y pidiendo disculpas a sus compa\u00f1eros y al equipo<\/b> antes de explayarse diciendo que \u00abes una situaci\u00f3n compleja, un poco inc\u00f3moda. Somos seres humanos, no motores, no es una carrera de automovilismo. Somos de carne y hueso y sabemos solo dentro de nosotros mismos nuestros motivos y nuestras razones\u00bb.<\/p>\n<p>Estas razones las detall\u00f3 Superman en <b data-testid=\"body-text-bold\">declaraciones ofrecidas por Movistar Team horas despu\u00e9s del final de la etapa<\/b>: \u00abEl momento del corte ha sido una situaci\u00f3n inc\u00f3moda, dif\u00edcil de resolver. Nos hemos visto en un momento complicado y se nos han ido los mejores por delante; el Bahrain ha jugado bien sus cartas, y es dif\u00edcil tapar un hueco as\u00ed, aunque sea peque\u00f1o, a estas alturas de Vuelta. Hay mucho cansancio, mucho nivel y l\u00f3gicamente nadie iba a ayudar a cerrar esa peque\u00f1a brecha en ese momento. Tardamos en reaccionar\u00bb, detall\u00f3.<\/p>\n","protected":false},"excerpt":{"rendered":"El colombiano Miguel \u00c1ngel L\u00f3pez abandon\u00f3 la Vuelta a Espa\u00f1a 2021 en el transcurso de la 20\u00aa etapa,&hellip;\n","protected":false},"author":2,"featured_media":104723,"comment_status":"","ping_status":"","sticky":false,"template":"","format":"standard","meta":{"footnotes":""},"categories":[273],"tags":[313,312,168,25,24,36442,23,167,33880],"class_list":{"0":"post-104722","1":"post","2":"type-post","3":"status-publish","4":"format-standard","5":"has-post-thumbnail","7":"category-ciclismo","8":"tag-ciclismo","9":"tag-cycling","10":"tag-deportes","11":"tag-es","12":"tag-espana","13":"tag-miguel-angel-lopez","14":"tag-spain","15":"tag-sports","16":"tag-vuelta-a-espana-2025"},"share_on_mastodon":{"url":"","error":""},"_links":{"self":[{"href":"https:\/\/www.europesays.com\/es\/wp-json\/wp\/v2\/posts\/104722","targetHints":{"allow":["GET"]}}],"collection":[{"href":"https:\/\/www.europesays.com\/es\/wp-json\/wp\/v2\/posts"}],"about":[{"href":"https:\/\/www.europesays.com\/es\/wp-json\/wp\/v2\/types\/post"}],"author":[{"embeddable":true,"href":"https:\/\/www.europesays.com\/es\/wp-json\/wp\/v2\/users\/2"}],"replies":[{"embeddable":true,"href":"https:\/\/www.europesays.com\/es\/wp-json\/wp\/v2\/comments?post=104722"}],"version-history":[{"count":0,"href":"https:\/\/www.europesays.com\/es\/wp-json\/wp\/v2\/posts\/104722\/revisions"}],"wp:featuredmedia":[{"embeddable":true,"href":"https:\/\/www.europesays.com\/es\/wp-json\/wp\/v2\/media\/104723"}],"wp:attachment":[{"href":"https:\/\/www.europesays.com\/es\/wp-json\/wp\/v2\/media?parent=104722"}],"wp:term":[{"taxonomy":"category","embeddable":true,"href":"https:\/\/www.europesays.com\/es\/wp-json\/wp\/v2\/categories?post=104722"},{"taxonomy":"post_tag","embeddable":true,"href":"https:\/\/www.europesays.com\/es\/wp-json\/wp\/v2\/tags?post=104722"}],"curies":[{"name":"wp","href":"https:\/\/api.w.org\/{rel}","templated":true}]}}