{"id":104726,"date":"2025-09-10T03:59:11","date_gmt":"2025-09-10T03:59:11","guid":{"rendered":"https:\/\/www.europesays.com\/es\/104726\/"},"modified":"2025-09-10T03:59:11","modified_gmt":"2025-09-10T03:59:11","slug":"el-casademont-zaragoza-organiza-un-entrenamiento-de-puertas-abiertas","status":"publish","type":"post","link":"https:\/\/www.europesays.com\/es\/104726\/","title":{"rendered":"El Casademont Zaragoza organiza un entrenamiento de puertas abiertas"},"content":{"rendered":"<p class=\"paragraph\"><a href=\"https:\/\/www.heraldo.es\/noticias\/deportes\/baloncesto\/2025\/09\/09\/casademont-zaragoza-finaliza-estancia-corea-sur-nos-llevamos-muchas-cosas-positivas-1852699.html\" title=\"El Casademont Zaragoza finaliza su estancia en Corea del Sur: &quot;Nos llevamos muchas cosas positivas&quot;\" rel=\"nofollow noopener\" target=\"_blank\">La gira que ha realizado el Casademont Zaragoza en Corea del Sur, <\/a>as\u00ed como la previa de clasificaci\u00f3n para la Euroliga, han dejado sin espacio en el calendario de septiembre para la celebraci\u00f3n del tradicional partido de presentaci\u00f3n del equipo.\u00a0Como compensaci\u00f3n a su afici\u00f3n abonada, el club aragon\u00e9s habilitar\u00e1 acceso gratuito (abono club y abono femenino) al partido de vuelta de la eliminatoria europea en Zaragoza y <b>organizar\u00e1 un entrenamiento de puertas abiertas.\u00a0<\/b><\/p>\n<p class=\"paragraph\">La expedici\u00f3n del Casademont puso fin este martes a su estancia en Corea del Sur, tras haber participado en la Park Shin-Ja Cup. La competici\u00f3n, que se disput\u00f3 hasta el pasado domingo <b>en el Sajik Indoor Gymnasium de Busan, <\/b>un pabell\u00f3n con capacidad para cerca de 14.000 espectadores, acab\u00f3 con el conjunto de Carlos Cantero instalado en la tercera posici\u00f3n.\u00a0<\/p>\n<p class=\"paragraph\">No habr\u00e1 encuentro de presentaci\u00f3n, ya que la entidad <b>ha priorizado la preparaci\u00f3n deportiva del equipo<\/b> y los compromisos internacionales, que han concentrado el calendario de pretemporada.\u00a0Ahora, el Casademont Zaragoza seguir\u00e1 en la capital aragonesa con su puesta a punto para la primera cita oficial de la temporada.\u00a0<\/p>\n<p>Acceso gratuito<\/p>\n<p class=\"paragraph\"><b>El<\/b> <b>entrenamiento del pr\u00f3ximo domingo, 15 de septiembre, ser\u00e1 de puertas abiertas<\/b> y se celebrar\u00e1 a partir de las\u00a018.00 horas en el pabell\u00f3n Pr\u00edncipe Felipe. Los aficionados tendr\u00e1n acceso gratuito para presenciar la sesi\u00f3n de Carlos Cantero.\u00a0El entrenamiento de puertas abiertas permitir\u00e1 a la afici\u00f3n conocer de cerca el trabajo del equipo y acercarse a las jugadoras antes del inicio de curso.<\/p>\n<p class=\"paragraph\">Hay que recordar que uno de los grandes objetivos del Casademont es <b>acceder a la fase de grupos de la Euroliga,<\/b> la m\u00e1xima competici\u00f3n continental. Para ello est\u00e1 obligado a superar una eliminatoria previa que le mide con el Brno.\u00a0<\/p>\n<p class=\"paragraph\">El encuentro de ida est\u00e1 programado para el pr\u00f3ximo <b>17 de septiembre, en la Rep\u00fablica Checa, <\/b>mientras que la vuelta se jugar\u00e1 seis d\u00edas m\u00e1s tarde en el pabell\u00f3n Pr\u00edncipe Felipe. Precisamente, para este choque de vuelta, que se disputar\u00e1 el d\u00eda 24 a partir de las 20.00, los abonados del Casademont Zaragoza\u00a0(abono club y abono femenino) tendr\u00e1n acceso gratuito.\u00a0Inmediatamente despu\u00e9s, el 27 de septiembre, las aragonesas afrontar\u00e1n la Supercopa de Espa\u00f1a en el Palacios de los Deportes de Huesca.<\/p>\n","protected":false},"excerpt":{"rendered":"La gira que ha realizado el Casademont Zaragoza en Corea del Sur, as\u00ed como la previa de clasificaci\u00f3n&hellip;\n","protected":false},"author":2,"featured_media":104727,"comment_status":"","ping_status":"","sticky":false,"template":"","format":"standard","meta":{"footnotes":""},"categories":[269],"tags":[3127,299,298,2511,168,8346,25,24,11339,23,167,491],"class_list":{"0":"post-104726","1":"post","2":"type-post","3":"status-publish","4":"format-standard","5":"has-post-thumbnail","7":"category-baloncesto","8":"tag-abiertas","9":"tag-baloncesto","10":"tag-basketball","11":"tag-casademont","12":"tag-deportes","13":"tag-entrenamiento","14":"tag-es","15":"tag-espana","16":"tag-organiza","17":"tag-spain","18":"tag-sports","19":"tag-zaragoza"},"share_on_mastodon":{"url":"","error":""},"_links":{"self":[{"href":"https:\/\/www.europesays.com\/es\/wp-json\/wp\/v2\/posts\/104726","targetHints":{"allow":["GET"]}}],"collection":[{"href":"https:\/\/www.europesays.com\/es\/wp-json\/wp\/v2\/posts"}],"about":[{"href":"https:\/\/www.europesays.com\/es\/wp-json\/wp\/v2\/types\/post"}],"author":[{"embeddable":true,"href":"https:\/\/www.europesays.com\/es\/wp-json\/wp\/v2\/users\/2"}],"replies":[{"embeddable":true,"href":"https:\/\/www.europesays.com\/es\/wp-json\/wp\/v2\/comments?post=104726"}],"version-history":[{"count":0,"href":"https:\/\/www.europesays.com\/es\/wp-json\/wp\/v2\/posts\/104726\/revisions"}],"wp:featuredmedia":[{"embeddable":true,"href":"https:\/\/www.europesays.com\/es\/wp-json\/wp\/v2\/media\/104727"}],"wp:attachment":[{"href":"https:\/\/www.europesays.com\/es\/wp-json\/wp\/v2\/media?parent=104726"}],"wp:term":[{"taxonomy":"category","embeddable":true,"href":"https:\/\/www.europesays.com\/es\/wp-json\/wp\/v2\/categories?post=104726"},{"taxonomy":"post_tag","embeddable":true,"href":"https:\/\/www.europesays.com\/es\/wp-json\/wp\/v2\/tags?post=104726"}],"curies":[{"name":"wp","href":"https:\/\/api.w.org\/{rel}","templated":true}]}}