{"id":104740,"date":"2025-09-10T04:08:09","date_gmt":"2025-09-10T04:08:09","guid":{"rendered":"https:\/\/www.europesays.com\/es\/104740\/"},"modified":"2025-09-10T04:08:09","modified_gmt":"2025-09-10T04:08:09","slug":"el-cancer-de-apendice-es-un-cancer-raro-pero-se-ha-cuadruplicado-entre-los-millenials","status":"publish","type":"post","link":"https:\/\/www.europesays.com\/es\/104740\/","title":{"rendered":"El c\u00e1ncer de ap\u00e9ndice es un c\u00e1ncer raro, pero se ha cuadruplicado entre los &#8216;millenials&#8217;"},"content":{"rendered":"<p>Aunque los c\u00e1nceres son la segunda causa de muerte en Europa y <a href=\"https:\/\/theobjective.com\/etiqueta\/estados-unidos\/\" rel=\"nofollow noopener\" target=\"_blank\">Estados Unidos<\/a>, no todos los tipos tienen la misma incidencia ni la misma letalidad. Algunos, como el de mama, el de pulm\u00f3n o el de colon, est\u00e1n entre los m\u00e1s frecuentes y conocidos. En cambio, existen otros que, por su baja prevalencia, <strong>apenas reciben atenci\u00f3n<\/strong> hasta que muestran un aumento inesperado en sus cifras.<\/p>\n<p>Entre los m\u00e1s diagnosticados, los l\u00edderes siguen siendo el <strong>c\u00e1ncer de mama, el de pr\u00f3stata, el colorrectal y el de pulm\u00f3n<\/strong>, especialmente en pa\u00edses con sistemas de cribado y diagn\u00f3stico m\u00e1s eficaces. Su frecuencia ha propiciado avances considerables en prevenci\u00f3n y tratamiento. Pero tambi\u00e9n existen otros, como el melanoma o el c\u00e1ncer de p\u00e1ncreas, cuya incidencia es menor pero va en aumento, especialmente entre adultos j\u00f3venes. Una <a href=\"https:\/\/theobjective.com\/lifestyle\/2024-09-26\/expertos-alertan-jovenes-padecen-cancer\/\" rel=\"nofollow noopener\" target=\"_blank\">realidad de la que ya hemos hablado previamente<\/a> en <a href=\"https:\/\/theobjective.com\/\" rel=\"nofollow noopener\" target=\"_blank\">THE OBJECTIVE<\/a>.<\/p>\n<p>En cuanto a mortalidad, el <strong>c\u00e1ncer de pulm\u00f3n sigue siendo el m\u00e1s letal<\/strong>, seguido del colorrectal, el de h\u00edgado y el de est\u00f3mago. Frente a estos gigantes de la estad\u00edstica, \u00f3rganos como el ap\u00e9ndice no suelen despertar preocupaci\u00f3n, m\u00e1s all\u00e1 de las conocidas apendicitis. Sin embargo, en los \u00faltimos a\u00f1os, estudios realizados en Estados Unidos han detectado un incremento llamativo en la incidencia del <strong>c\u00e1ncer de ap\u00e9ndice<\/strong>, particularmente entre personas nacidas en la d\u00e9cada de los ochenta. Un carcinoma raro que empieza a dejar de ser anecd\u00f3tico, <a href=\"https:\/\/aacrjournals.org\/cdnews\/news\/2436\/Appendix-Cancer-on-the-Rise-in-Younger-Generations\" rel=\"nofollow noopener\" target=\"_blank\">como explica la American Association for Cancer Research<\/a>.<\/p>\n<p>Los datos detr\u00e1s del incremento del c\u00e1ncer de ap\u00e9ndice<\/p>\n<p>El <a href=\"https:\/\/www.acpjournals.org\/doi\/10.7326\/ANNALS-24-02479\" rel=\"nofollow noopener\" target=\"_blank\">reciente estudio publicado<\/a> en Annals of Internal Medicine ha arrojado datos que han sorprendido a la comunidad m\u00e9dica. Aunque el c\u00e1ncer de ap\u00e9ndice sigue siendo poco frecuente en t\u00e9rminos absolutos, su incidencia ha aumentado significativamente entre adultos j\u00f3venes. Espec\u00edficamente, el aumento se concentra en los nacidos entre 1975 y 1989, un grupo que muestra <strong>tasas considerablemente m\u00e1s altas que generaciones anteriores<\/strong> a la misma edad.<\/p>\n<p>Para ello, los investigadores recurrieron a una <strong>enorme base de datos del Programa Seer<\/strong>, del Instituto Nacional del C\u00e1ncer estadounidense, delimitando 21 grupos de edad, en rangos de ocho a\u00f1os, desde 1891 hasta 1999. En cifras, a\u00fan hablando de un c\u00e1ncer poco frecuente, descubrieron que los nacidos entre 1975 y 2019, con edades de veinte a\u00f1os o m\u00e1s, presentaron m\u00e1s de 4.800 casos de c\u00e1ncer. Vali\u00e9ndose de esas estad\u00edsticas comprobaron, por ejemplo, que la incidencia para alguien que haya nacido en 1985 es de 4,62 veces mayor que para alguien que naci\u00f3 en 1945.<\/p>\n<p>Se podr\u00eda suponer que esta variabilidad estad\u00edstica est\u00e9 vinculada simplemente a la falta de diagnosis en generaciones previas, lo cual podr\u00eda ser una teor\u00eda plausible. Sin embargo, el estudio ha comprobado que <a href=\"https:\/\/onlinelibrary.wiley.com\/doi\/abs\/10.1002\/9781119423195.ch30\" rel=\"nofollow noopener\" target=\"_blank\">no es solo una realidad vinculada a mejores diagn\u00f3sticos<\/a>, ya que el <strong>aumento es espec\u00edfico de ciertos subtipos como el adenocarcinoma<\/strong>. Adem\u00e1s, otros estudios apuntan a que en personas nacidas entre los a\u00f1os 2000 y 2020, las <a href=\"https:\/\/academic.oup.com\/jnci\/article-abstract\/117\/7\/1340\/8029049?login=false\" rel=\"nofollow noopener\" target=\"_blank\">probabilidades de sufrir este c\u00e1ncer son 3,7 veces m\u00e1s que de padecer otro c\u00e1ncer<\/a>.<\/p>\n<p>El adenocarcinoma de ap\u00e9ndice, una variante particularmente agresiva, es el que m\u00e1s ha crecido entre este grupo demogr\u00e1fico. El estudio se\u00f1ala que, aunque <strong>sigue siendo menos frecuente que otros tumores gastrointestinales<\/strong>, el ritmo de crecimiento de su incidencia es notable. Estas cifras han abierto una l\u00ednea de investigaci\u00f3n que trata de averiguar qu\u00e9 factores podr\u00edan estar incidiendo de forma espec\u00edfica en esta generaci\u00f3n. En datos estadounidenses, pa\u00eds donde se ha realizado el estudio, los nuevos diagn\u00f3sticos en este ejemplo rondan los 3.000 casos anuales. Puestos en contexto, suponen una cantidad peque\u00f1a si se comparan con los <a href=\"https:\/\/www.cdc.gov\/united-states-cancer-statistics\/publications\/breast-cancer-stat-bite.html\" rel=\"nofollow noopener\" target=\"_blank\">cerca de 300.000 c\u00e1nceres de mama que se descubren al a\u00f1o<\/a>.<\/p>\n<p>En la b\u00fasqueda del motivo del aumento<\/p>\n<p>A d\u00eda de hoy, <strong>no existe una causa \u00fanica ni claramente identificada que explique por qu\u00e9 el c\u00e1ncer de ap\u00e9ndice ha aumentado entre los millennials<\/strong>. Sin embargo, los expertos manejan varias hip\u00f3tesis relacionadas con los cambios sociales, ambientales y alimentarios de las \u00faltimas d\u00e9cadas. Una de las teor\u00edas m\u00e1s debatidas apunta a la dieta occidental moderna, cada vez m\u00e1s rica en alimentos ultraprocesados y con alto contenido en aditivos. No en vano, lo cierto es que las generaciones nacidas del a\u00f1o 1970 en adelante muestran una <a href=\"https:\/\/www.thelancet.com\/journals\/lanonc\/article\/PIIS1470-2045(24)00600-4\/fulltext\" rel=\"nofollow noopener\" target=\"_blank\">mayor prevalencia de c\u00e1nceres gastrointestinales que sus predecesores<\/a>. <\/p>\n<p><img fetchpriority=\"high\" decoding=\"async\" width=\"1024\" height=\"576\" src=\"https:\/\/www.europesays.com\/es\/wp-content\/uploads\/2025\/09\/paciente-cancer-apendice-consulta-medico-1024x576.jpg\" alt=\"paciente-cancer-apendice-consulta-medico\" class=\"wp-image-3708085\"  \/>A pesar de no conocerse las causas claras, algunos investigadores apuntan, entre otras razones, a los cambios en la microbiota. \u00a9Freepik.<\/p>\n<p>Este tipo de alimentaci\u00f3n ha demostrado tener efectos directos sobre la microbiota intestinal, la inflamaci\u00f3n cr\u00f3nica y la respuesta inmunitaria del sistema digestivo. <strong>Aunque no hay una relaci\u00f3n causal directa comprobada con el c\u00e1ncer de ap\u00e9ndice, <\/strong>los investigadores <a href=\"https:\/\/theconversation.com\/appendix-cancer-rising-among-younger-generation-new-study-258607\" target=\"_blank\" rel=\"noreferrer noopener nofollow\">no descartan que estos factores puedan contribuir<\/a> a su aparici\u00f3n en edades tempranas. Los nacidos en los a\u00f1os 80 fueron los primeros en crecer con un acceso masivo a comida r\u00e1pida, bebidas azucaradas y productos industriales.<\/p>\n<p>Otra l\u00ednea de investigaci\u00f3n apunta a la <strong>exposici\u00f3n continuada a sustancias t\u00f3xicas presentes en el ambiente<\/strong>, como los <a href=\"https:\/\/www.nytimes.com\/2025\/06\/09\/well\/appendix-cancer-age.html\" target=\"_blank\" rel=\"noreferrer noopener nofollow\">micropl\u00e1sticos, los pesticidas o ciertos disruptores endocrinos<\/a>. Aunque estas sustancias afectan a toda la poblaci\u00f3n, se plantea la posibilidad de que su efecto acumulativo haya impactado con m\u00e1s fuerza a determinadas generaciones. No se trata de afirmaciones concluyentes, pero s\u00ed de indicios que marcan el camino hacia futuras investigaciones.<\/p>\n<p>Un problema a\u00f1adido: el diagn\u00f3stico confuso<\/p>\n<p><strong>M\u00e1s all\u00e1 del incremento en su prevalencia<\/strong>, uno de los mayores desaf\u00edos del c\u00e1ncer de ap\u00e9ndice sigue siendo su diagn\u00f3stico. Al tratarse de un tumor extremadamente raro, no existen programas de cribado espec\u00edficos ni gu\u00edas cl\u00ednicas ampliamente consensuadas para su detecci\u00f3n temprana. <\/p>\n<p>Tambi\u00e9n sucede que pruebas <strong>diagn\u00f3sticas gastrointestinales m\u00e1s frecuentes como la colonoscopia no llegan al ap\u00e9ndice<\/strong>. Otros m\u00e9todos de detecci\u00f3n, como son los esc\u00e1neres y los tacs, no tienen la sensibilidad y precisi\u00f3n necesarias para descubrir el c\u00e1ncer de ap\u00e9ndice. Un carcinoma que, adem\u00e1s, no muestra s\u00edntomas hasta ya bien avanzado y, como veremos a continuaci\u00f3n, puede que se solapen. De hecho, <a href=\"https:\/\/onlinelibrary.wiley.com\/doi\/full\/10.5402\/2011\/728579\" rel=\"nofollow noopener\" target=\"_blank\">la mayor\u00eda de los casos se descubren de manera fortuita<\/a>, durante cirug\u00edas por apendicitis o tras estudios m\u00e1s amplios ante s\u00edntomas inespec\u00edficos.<\/p>\n<p>El problema se agrava porque los s\u00edntomas iniciales del c\u00e1ncer de ap\u00e9ndice <strong>suelen confundirse con otras patolog\u00edas gastrointestinales<\/strong> mucho m\u00e1s comunes. Dolor abdominal, cambios en el tr\u00e1nsito intestinal o sensaci\u00f3n de hinchaz\u00f3n son compartidos con otras patolog\u00edas m\u00e1s frecuentes. Algo que sucede, por ejemplo, con el s\u00edndrome del intestino irritable, lo que retrasa la sospecha cl\u00ednica. Cuando el diagn\u00f3stico llega, a menudo el c\u00e1ncer ya se encuentra en fases m\u00e1s avanzadas, complicando el tratamiento. La buena noticia, si es que eso se pudiera catalogar as\u00ed hablando de carcinomas, es que el c\u00e1ncer de ap\u00e9ndice, si se diagnostica a tiempo y no se ha extendido, es m\u00e1s f\u00e1cil de tratar que otros tipos de c\u00e1nceres del sistema gastrointestinal. <\/p>\n","protected":false},"excerpt":{"rendered":"Aunque los c\u00e1nceres son la segunda causa de muerte en Europa y Estados Unidos, no todos los tipos&hellip;\n","protected":false},"author":2,"featured_media":104741,"comment_status":"","ping_status":"","sticky":false,"template":"","format":"standard","meta":{"footnotes":""},"categories":[92],"tags":[4251,12903,1293,25,24,165,36445,166,23,1077],"class_list":{"0":"post-104740","1":"post","2":"type-post","3":"status-publish","4":"format-standard","5":"has-post-thumbnail","7":"category-salud","8":"tag-bienestar","9":"tag-cu00e1ncer","10":"tag-enfermedades","11":"tag-es","12":"tag-espana","13":"tag-health","14":"tag-millennials","15":"tag-salud","16":"tag-spain","17":"tag-tumores"},"share_on_mastodon":{"url":"","error":""},"_links":{"self":[{"href":"https:\/\/www.europesays.com\/es\/wp-json\/wp\/v2\/posts\/104740","targetHints":{"allow":["GET"]}}],"collection":[{"href":"https:\/\/www.europesays.com\/es\/wp-json\/wp\/v2\/posts"}],"about":[{"href":"https:\/\/www.europesays.com\/es\/wp-json\/wp\/v2\/types\/post"}],"author":[{"embeddable":true,"href":"https:\/\/www.europesays.com\/es\/wp-json\/wp\/v2\/users\/2"}],"replies":[{"embeddable":true,"href":"https:\/\/www.europesays.com\/es\/wp-json\/wp\/v2\/comments?post=104740"}],"version-history":[{"count":0,"href":"https:\/\/www.europesays.com\/es\/wp-json\/wp\/v2\/posts\/104740\/revisions"}],"wp:featuredmedia":[{"embeddable":true,"href":"https:\/\/www.europesays.com\/es\/wp-json\/wp\/v2\/media\/104741"}],"wp:attachment":[{"href":"https:\/\/www.europesays.com\/es\/wp-json\/wp\/v2\/media?parent=104740"}],"wp:term":[{"taxonomy":"category","embeddable":true,"href":"https:\/\/www.europesays.com\/es\/wp-json\/wp\/v2\/categories?post=104740"},{"taxonomy":"post_tag","embeddable":true,"href":"https:\/\/www.europesays.com\/es\/wp-json\/wp\/v2\/tags?post=104740"}],"curies":[{"name":"wp","href":"https:\/\/api.w.org\/{rel}","templated":true}]}}