{"id":104812,"date":"2025-09-10T05:00:18","date_gmt":"2025-09-10T05:00:18","guid":{"rendered":"https:\/\/www.europesays.com\/es\/104812\/"},"modified":"2025-09-10T05:00:18","modified_gmt":"2025-09-10T05:00:18","slug":"las-sanciones-de-la-ley-antitabaco","status":"publish","type":"post","link":"https:\/\/www.europesays.com\/es\/104812\/","title":{"rendered":"las sanciones de la Ley Antitabaco"},"content":{"rendered":"<p class=\"paragraph\">La<a href=\"https:\/\/www.heraldo.es\/noticias\/sociedad\/2025\/09\/09\/nueva-ley-antitabaco-donde-no-se-podra-fumar-a-partir-de-ahora-1852652.html\" title=\"Nueva ley antitabaco: d\u00f3nde no se podr\u00e1 fumar a partir de ahora\" target=\"_blank\" rel=\"nofollow noopener\"> futura ley antitabaco<\/a> actualiza el r\u00e9gimen sancionador por saltarse la normativa: ser\u00e1 una infracci\u00f3n leve, por ejemplo, que un menor fume o vapee, lo cual conllevar\u00e1 una multa de 100 euros que deber\u00e1n asumir sus padres, mientras que las <b>muy graves, como patrocinar cigarrillos electr\u00f3nicos, alcanzar\u00e1n los 600.000.<\/b><\/p>\n<p class=\"paragraph\">El <b>anteproyecto aprobado este martes por el Consejo de Ministros ampl\u00eda las zonas libres de humo a nuevos espacios<\/b> como veh\u00edculos comerciales, piscinas, campus universitarios, estaciones de transporte p\u00fablico y terrazas de bares y restaurantes, entre otros exteriores.<\/p>\n<p class=\"paragraph\">Adem\u00e1s, iguala las restricciones que pesan sobre el tabaco a sus productos relacionados, entre ellos los cigarrillos electr\u00f3nicos, y proh\u00edbe, por primera vez, el consumo de todos ellos a los menores de edad y no s\u00f3lo la venta, como ocurre con la actual normativa.<\/p>\n<p class=\"paragraph\"><b>Saltarse cualquiera de estas prohibiciones conllevar\u00e1 una sanci\u00f3n, que el texto divide entre leves, graves y muy graves:<\/b><\/p>\n<p>Leves: de 100 a 600 euros<\/p>\n<p class=\"paragraph\">&#8211; Fumar o consumir productos relacionados, excluyendo bolsas de nicotina, en los lugares en que exista prohibici\u00f3n o fuera de las zonas habilitadas al efecto.<\/p>\n<p class=\"paragraph\">&#8211; No disponer o no exponer en lugar visible en los establecimientos en los que est\u00e9 autorizada la venta los carteles que informen de la prohibici\u00f3n de venta de tabaco y productos relacionados a los menores de dieciocho a\u00f1os y adviertan sobre los perjuicios para la salud derivados del uso del tabaco y productos relacionados.<\/p>\n<p class=\"paragraph\">&#8211; Que las m\u00e1quinas expendedoras no dispongan de la preceptiva advertencia sanitaria o no cumplan con las caracter\u00edsticas legalmente preceptivas.<\/p>\n<p class=\"paragraph\">&#8211; No informar en la entrada de los establecimientos de la prohibici\u00f3n de fumar o consumir productos relacionados, excluyendo bolsas de nicotina.<\/p>\n<p class=\"paragraph\">&#8211; La venta o comercializaci\u00f3n de estos productos por menores.<\/p>\n<p class=\"paragraph\">&#8211; El consumo por menores. En este caso, responder\u00e1n subsidiariamente los padres, madres, personas tutoras o guardadoras.<\/p>\n<p>Graves: de 601 euros hasta 10.000<\/p>\n<p class=\"paragraph\">&#8211; Habilitar zonas para fumar o consumir productos relacionados en establecimientos y lugares donde no est\u00e9 permitida su habilitaci\u00f3n o en los que existe prohibici\u00f3n de hacerlo.<\/p>\n<p class=\"paragraph\">&#8211; La acumulaci\u00f3n de tres infracciones por fumar en lugares prohibidos.<\/p>\n<p class=\"paragraph\">&#8211; La comercializaci\u00f3n, venta y suministro de cigarrillos y cigarritos no provistos de capa natural en unidades de empaquetamiento de venta inferior a 20 unidades, as\u00ed como por unidades individuales, y hacerlo en donde no est\u00e9 permitido.<\/p>\n<p class=\"paragraph\">&#8211; La entrega o distribuci\u00f3n de muestras de cualquier producto del tabaco o productos relacionados, sean o no gratuitas.<\/p>\n<p class=\"paragraph\">&#8211; La instalaci\u00f3n o emplazamiento de m\u00e1quinas expendedoras en lugares expresamente prohibidos o que estas suministren productos distintos al tabaco.<\/p>\n<p class=\"paragraph\">&#8211; La venta y suministro a distancia o procedimientos similares, excepto a trav\u00e9s de m\u00e1quinas expendedoras.<\/p>\n<p class=\"paragraph\">&#8211; La distribuci\u00f3n gratuita o promocional, fuera de la red de estancos, de productos, bienes o servicios con la finalidad o efecto directo o indirecto de promocionar un producto del tabaco.<\/p>\n<p class=\"paragraph\">&#8211; Los descuentos.<\/p>\n<p class=\"paragraph\">&#8211; La venta o entrega a personas menores de productos del tabaco y productos relacionados, as\u00ed como sus dispositivos, o de productos que imiten productos del tabaco e induzcan a fumar o vapear, as\u00ed como de dulces, refrigerios, juguetes y otros objetos que los imiten y puedan resultar atractivos para los menores.<\/p>\n<p class=\"paragraph\">&#8211; Permitir a menores usar m\u00e1quinas expendedoras y que \u00e9stas carezcan del mecanismo adecuado de activaci\u00f3n o puesta en marcha por el titular del establecimiento.<\/p>\n<p class=\"paragraph\">&#8211; La distribuci\u00f3n gratuita o promocional de productos, bienes o servicios con la finalidad o efecto directo o indirecto de promocionar un producto del tabaco o productos relacionados a menores.<\/p>\n<p class=\"paragraph\">&#8211; La comercializaci\u00f3n de bienes o servicios utilizando nombres, marcas, s\u00edmbolos u otros signos distintivos ya utilizados para un producto.<\/p>\n<p class=\"paragraph\">&#8211; La distribuci\u00f3n gratuita en estancos de bienes y servicios relacionados exclusivamente con productos del tabaco o con el h\u00e1bito de fumar o consumir productos relacionados o que lleven aparejados nombres, marcas, s\u00edmbolos u otros signos distintivos que sean utilizados para los mismos.<\/p>\n<p class=\"paragraph\">&#8211; La comercializaci\u00f3n de tabaco de uso oral.<\/p>\n<p class=\"paragraph\">&#8211; No cumplir los requisitos reglamentariamente exigidos en materia de comunicaci\u00f3n de la informaci\u00f3n por parte de los fabricantes.<\/p>\n<p>Muy graves: desde 10.001 euros hasta 600.000 euros<\/p>\n<p class=\"paragraph\">La publicidad, promoci\u00f3n y patrocinio de tabaco y relacionados, as\u00ed como de los dispositivos necesarios para su consumo, en todos los medios y soportes, incluidos los servicios de la sociedad de la informaci\u00f3n, salvo las publicaciones destinadas exclusivamente a los profesionales que intervienen en el comercio del tabaco. EFE<\/p>\n","protected":false},"excerpt":{"rendered":"La futura ley antitabaco actualiza el r\u00e9gimen sancionador por saltarse la normativa: ser\u00e1 una infracci\u00f3n leve, por ejemplo,&hellip;\n","protected":false},"author":2,"featured_media":104813,"comment_status":"","ping_status":"","sticky":false,"template":"","format":"standard","meta":{"footnotes":""},"categories":[5],"tags":[36478,17,18,25,24,13,14,36479,11,563,19,20,8671,9,10,15,16,3621,23,12,21,22],"class_list":{"0":"post-104812","1":"post","2":"type-post","3":"status-publish","4":"format-standard","5":"has-post-thumbnail","7":"category-titulares","8":"tag-antitabaco","9":"tag-breaking-news","10":"tag-breakingnews","11":"tag-es","12":"tag-espana","13":"tag-featured-news","14":"tag-featurednews","15":"tag-fumen","16":"tag-headlines","17":"tag-hijos","18":"tag-latest-news","19":"tag-latestnews","20":"tag-multas","21":"tag-news","22":"tag-noticias","23":"tag-noticias-destacadas","24":"tag-noticiasdestacadas","25":"tag-padres","26":"tag-spain","27":"tag-titulares","28":"tag-ultimas-noticias","29":"tag-ultimasnoticias"},"share_on_mastodon":{"url":"","error":""},"_links":{"self":[{"href":"https:\/\/www.europesays.com\/es\/wp-json\/wp\/v2\/posts\/104812","targetHints":{"allow":["GET"]}}],"collection":[{"href":"https:\/\/www.europesays.com\/es\/wp-json\/wp\/v2\/posts"}],"about":[{"href":"https:\/\/www.europesays.com\/es\/wp-json\/wp\/v2\/types\/post"}],"author":[{"embeddable":true,"href":"https:\/\/www.europesays.com\/es\/wp-json\/wp\/v2\/users\/2"}],"replies":[{"embeddable":true,"href":"https:\/\/www.europesays.com\/es\/wp-json\/wp\/v2\/comments?post=104812"}],"version-history":[{"count":0,"href":"https:\/\/www.europesays.com\/es\/wp-json\/wp\/v2\/posts\/104812\/revisions"}],"wp:featuredmedia":[{"embeddable":true,"href":"https:\/\/www.europesays.com\/es\/wp-json\/wp\/v2\/media\/104813"}],"wp:attachment":[{"href":"https:\/\/www.europesays.com\/es\/wp-json\/wp\/v2\/media?parent=104812"}],"wp:term":[{"taxonomy":"category","embeddable":true,"href":"https:\/\/www.europesays.com\/es\/wp-json\/wp\/v2\/categories?post=104812"},{"taxonomy":"post_tag","embeddable":true,"href":"https:\/\/www.europesays.com\/es\/wp-json\/wp\/v2\/tags?post=104812"}],"curies":[{"name":"wp","href":"https:\/\/api.w.org\/{rel}","templated":true}]}}