{"id":104814,"date":"2025-09-10T05:02:21","date_gmt":"2025-09-10T05:02:21","guid":{"rendered":"https:\/\/www.europesays.com\/es\/104814\/"},"modified":"2025-09-10T05:02:21","modified_gmt":"2025-09-10T05:02:21","slug":"paco-urena-en-murcia-y-albacete","status":"publish","type":"post","link":"https:\/\/www.europesays.com\/es\/104814\/","title":{"rendered":"Paco Ure\u00f1a en Murcia y Albacete"},"content":{"rendered":"<p class=\"ft-text ft-helper-align-justify\">El\u00a0nombre\u00a0de\u00a0Paco\u00a0Ure\u00f1a\u00a0recorre\u00a0desde\u00a0hoy\u00a0las\u00a0calles\u00a0de\u00a0Albacete\u00a0y\u00a0<a class=\"ft-link ft-link--decoration\" href=\"https:\/\/www.laopiniondemurcia.es\/tags\/murcia\/\" rel=\"nofollow noopener\" target=\"_blank\">Murcia<\/a>.<strong>\u00a0\u2018<\/strong><a class=\"ft-link ft-link--decoration\" href=\"https:\/\/www.laopiniondemurcia.es\/sociedad\/2025\/06\/14\/entrevista-torero-paco-urena-ventas-madrid-118592085.html\" target=\"_blank\" rel=\"nofollow noopener\"><strong>Pasi\u00f3n\u00a0Ure\u00f1a<\/strong><\/a><strong>\u2019 es\u00a0el\u00a0t\u00edtulo\u00a0de\u00a0la\u00a0campa\u00f1apuesta\u00a0en\u00a0marcha\u00a0por\u00a0el\u00a0diestro\u00a0lorquino\u00a0de\u00a0cara\u00a0a\u00a0su\u00a0presencia en ambas ferias<\/strong>, dos ciclos muy vinculados sentimental y personalmente a \u00e9l y donde parte como base de ambos seriales.<\/p>\n<blockquote class=\"ft-mol-quote ft-mol-quote--basic\" data-aida-cite=\"\"><p>Se trata de dos ciclos muy vinculados sentimental y personalmente a \u00e9l y donde parte como base de ambos seriales<\/p><\/blockquote>\n<p class=\"ft-text ft-helper-align-justify\">\u2018Pasi\u00f3n Ure\u00f1a. Pura personalidad\u2019, todo un mensaje, un argumento muy ligado al diestro murciano que ha llenado las vallas, mupis y autobuses de ambas ciudades con una campa\u00f1a que es en s\u00ed misma, una campa\u00f1a personal y una campa\u00f1a de promoci\u00f3n de la propia tauromaquia.<\/p>\n<p>Citas en Murcia y Albacete<img decoding=\"async\" src=\"https:\/\/www.europesays.com\/es\/wp-content\/uploads\/2025\/09\/7b386e56-8afc-4dae-980f-2fb756d5985f_alta-libre-aspect-ratio_default_0.jpg\" width=\"1200\" height=\"1800\" alt=\"Campa\u00f1a de Paco Ure\u00f1a\" class=\"ft-helper-img-rd\" loading=\"lazy\" hasdataaida=\"true\"\/><\/p>\n<p class=\"ft-helper-fontColor-quaternary ft-helper-fontSize-body-S ft-helper-spacer-t-xxs\">Campa\u00f1a de Paco Ure\u00f1a  \/ La Opini\u00f3n<\/p>\n<p class=\"ft-text ft-helper-align-justify\">Paco\u00a0Ure\u00f1a\u00a0es\u00a0pieza\u00a0clave\u00a0tanto en\u00a0la\u00a0feria\u00a0de\u00a0La\u00a0Virgen\u00a0de\u00a0los Llanos\u00a0de\u00a0Albacete\u00a0como en\u00a0la\u00a0de\u00a0Murcia\u00a0donde\u00a0est\u00e1anunciado\u00a0dos\u00a0tardes.\u00a0En\u00a0Albacete\u00a0torea\u00a0<strong>este\u00a0s\u00e1bado\u00a0d\u00eda\u00a013\u00a0de septiembre con Morante de la Puebla y Roca Rey frente a toros de Daniel Ruiz<\/strong>.<\/p>\n<p class=\"ft-text ft-helper-align-justify\">En\u00a0Murcia,\u00a0Paco\u00a0Ure\u00f1a\u00a0har\u00e1\u00a0el\u00a0pase\u00edllo\u00a0dos\u00a0tardes.\u00a0La\u00a0primera\u00a0<strong>el\u00a0martes\u00a016\u00a0de\u00a0septiembre frente a toros de Victoriano del R\u00edo<\/strong>, junto a Talavante y Roca Rey. Y la segunda, e<strong>n la corrida del 1200 Aniversario de la Ciudad de Murcia el viernes 19 de septiembre<\/strong> con toros de El Parralejo junto a Miguel \u00c1ngel Perera y Daniel Luque.<\/p>\n","protected":false},"excerpt":{"rendered":"El\u00a0nombre\u00a0de\u00a0Paco\u00a0Ure\u00f1a\u00a0recorre\u00a0desde\u00a0hoy\u00a0las\u00a0calles\u00a0de\u00a0Albacete\u00a0y\u00a0Murcia.\u00a0\u2018Pasi\u00f3n\u00a0Ure\u00f1a\u2019 es\u00a0el\u00a0t\u00edtulo\u00a0de\u00a0la\u00a0campa\u00f1apuesta\u00a0en\u00a0marcha\u00a0por\u00a0el\u00a0diestro\u00a0lorquino\u00a0de\u00a0cara\u00a0a\u00a0su\u00a0presencia en ambas ferias, dos ciclos muy vinculados sentimental y personalmente a \u00e9l y donde parte como&hellip;\n","protected":false},"author":2,"featured_media":104815,"comment_status":"","ping_status":"","sticky":false,"template":"","format":"standard","meta":{"footnotes":""},"categories":[277],"tags":[2545,373,1346,658,168,25,24,1478,13511,23,167,374,444,26581],"class_list":{"0":"post-104814","1":"post","2":"type-post","3":"status-publish","4":"format-standard","5":"has-post-thumbnail","7":"category-toreo","8":"tag-albacete","9":"tag-bullfighting","10":"tag-calles","11":"tag-campana","12":"tag-deportes","13":"tag-es","14":"tag-espana","15":"tag-murcia","16":"tag-pasion","17":"tag-spain","18":"tag-sports","19":"tag-toreo","20":"tag-toros","21":"tag-urena"},"share_on_mastodon":{"url":"","error":""},"_links":{"self":[{"href":"https:\/\/www.europesays.com\/es\/wp-json\/wp\/v2\/posts\/104814","targetHints":{"allow":["GET"]}}],"collection":[{"href":"https:\/\/www.europesays.com\/es\/wp-json\/wp\/v2\/posts"}],"about":[{"href":"https:\/\/www.europesays.com\/es\/wp-json\/wp\/v2\/types\/post"}],"author":[{"embeddable":true,"href":"https:\/\/www.europesays.com\/es\/wp-json\/wp\/v2\/users\/2"}],"replies":[{"embeddable":true,"href":"https:\/\/www.europesays.com\/es\/wp-json\/wp\/v2\/comments?post=104814"}],"version-history":[{"count":0,"href":"https:\/\/www.europesays.com\/es\/wp-json\/wp\/v2\/posts\/104814\/revisions"}],"wp:featuredmedia":[{"embeddable":true,"href":"https:\/\/www.europesays.com\/es\/wp-json\/wp\/v2\/media\/104815"}],"wp:attachment":[{"href":"https:\/\/www.europesays.com\/es\/wp-json\/wp\/v2\/media?parent=104814"}],"wp:term":[{"taxonomy":"category","embeddable":true,"href":"https:\/\/www.europesays.com\/es\/wp-json\/wp\/v2\/categories?post=104814"},{"taxonomy":"post_tag","embeddable":true,"href":"https:\/\/www.europesays.com\/es\/wp-json\/wp\/v2\/tags?post=104814"}],"curies":[{"name":"wp","href":"https:\/\/api.w.org\/{rel}","templated":true}]}}