{"id":104824,"date":"2025-09-10T05:09:09","date_gmt":"2025-09-10T05:09:09","guid":{"rendered":"https:\/\/www.europesays.com\/es\/104824\/"},"modified":"2025-09-10T05:09:09","modified_gmt":"2025-09-10T05:09:09","slug":"mikel-villanueva-podria-fichar-por-un-rival-del-malaga-cf","status":"publish","type":"post","link":"https:\/\/www.europesays.com\/es\/104824\/","title":{"rendered":"Mikel Villanueva podr\u00eda fichar por un rival del M\u00e1laga CF"},"content":{"rendered":"<p><a href=\"https:\/\/www.merchanendirecto.es\/wp-content\/uploads\/2025\/09\/MIKEL-VILLANUEVA-PODRIA-FICHAR-POR-UN-RIVAL-DEL-MALAGA-CF.webp\" data-caption=\"Mikel Villanueva durante su etapa en el M\u00e1laga CF\" rel=\"nofollow noopener\" target=\"_blank\"><img loading=\"lazy\" decoding=\"async\" width=\"696\" height=\"392\" class=\"entry-thumb td-modal-image\" src=\"https:\/\/www.europesays.com\/es\/wp-content\/uploads\/2025\/09\/MIKEL-VILLANUEVA-PODRIA-FICHAR-POR-UN-RIVAL-DEL-MALAGA-CF-696x392.webp.webp\"   alt=\"\" title=\"MIKEL VILLANUEVA PODR\u00cdA FICHAR POR UN RIVAL DEL M\u00c1LAGA CF\"\/><\/a>Mikel Villanueva durante su etapa en el M\u00e1laga CF<\/p>\n<p>El mercado de fichajes termin\u00f3 a las <strong>0:00h<\/strong> del pasado <strong>2 de septiembre<\/strong>. A pesar de que se cerr\u00f3 la ventana de traspasos, los fichajes pueden seguir produci\u00e9ndose siempre y cuando los jugadores que lleguen a un equipo lo hagan con la condici\u00f3n de <strong>libre<\/strong>. Eso ocurri\u00f3 en el <strong>M\u00e1laga CF<\/strong> con el caso de <strong><a href=\"https:\/\/www.merchanendirecto.es\/malaga-cf\/oficial-darko-brasanac-refuerza-el-centro-del-campo-del-malaga-cf\/\" rel=\"nofollow noopener\" target=\"_blank\">Darko Brasanac<\/a><\/strong> para reforzar el centro del campo tras la baja de larga duraci\u00f3n de <strong>Luismi<\/strong> y tambi\u00e9n aprovechando la grave lesi\u00f3n de rodilla de <strong>Pastor<\/strong>. Ese mercado de agentes libres lo est\u00e1 vigilando la <strong>Cultural y Deportiva Leonesa<\/strong>. El equipo, reci\u00e9n ascendido a la categor\u00eda de plata, ocupa posici\u00f3n de <strong>descenso<\/strong> con <strong>solo un punto<\/strong>. Lo logr\u00f3 en la \u00faltima jornada en casa empatando sin goles ante el <strong>Legan\u00e9s<\/strong>. El equipo debe mejorar para lograr el objetivo de la permanencia y piensa en refuerzos. Uno de ellos podr\u00eda ser el del exmalaguista\u2026 \u00a1<strong><a href=\"https:\/\/www.merchanendirecto.es\/tag\/mikel-villanueva\/\" target=\"_blank\" rel=\"noreferrer noopener nofollow\">Mikel Villanueva<\/a><\/strong>! <\/p>\n<p>Seg\u00fan adelant\u00f3 \u2018La Puentecilla\u2018, programa de radio que sigue la actualidad del conjunto leon\u00e9s, la \u2018Cultu\u2018 estar\u00eda interesada en reforzarse con el central venezolano con pasado en el club de la capital de la <strong>Costa del Sol<\/strong>. <strong>Mikel Villanueva <\/strong>tiene <strong>32 a\u00f1os<\/strong> y es <strong>internacional absoluto<\/strong> con la \u2018Vinotinto\u2018. En las \u00faltimas tres temporadas ha jugado en la <strong>Primera Divisi\u00f3n<\/strong> de <strong>Portugal<\/strong> con el <strong>Vitoria de Guimaraes<\/strong>. En el pasado curso particip\u00f3 en <strong>24 encuentros<\/strong> y en <strong>20 de ellos<\/strong> fue titular. Tuvo la opci\u00f3n de disputar la <strong>UEFA Conference League<\/strong> donde alcanz\u00f3 los octavos de final, ronda en la que fue eliminado por el <strong>Real Betis<\/strong>. <\/p>\n<p>Antes de fichar por el equipo de <strong>Guimaraes<\/strong>, tambi\u00e9n tuvo una experiencia en un equipo que estuvo en la zona media alta de la tabla. Jug\u00f3 en el <strong>Santa Clara<\/strong> con qui\u00e9n acab\u00f3 en <strong>sexta<\/strong> y <strong>s\u00e9ptima posici\u00f3n<\/strong> en las dos temporadas en las que milit\u00f3 en sus filas. Lejos queda ya su experiencia en el <strong>M\u00e1laga CF<\/strong>. Jug\u00f3 en <strong>Primera Divisi\u00f3n<\/strong> en la temporada <strong>2016\/17<\/strong>. Con un recuerdo negativo para la gran parte de la parroquia malaguista que le recuerda m\u00e1s por su bajo nivel que por ser un jugador que rindiera en la zaga. Jug\u00f3 <strong>15 partidos<\/strong> como <strong>titular<\/strong> en <strong>Primera<\/strong>. Dos cursos despu\u00e9s volvi\u00f3 al equipo blanquiazul donde disput\u00f3 <strong>15 encuentros<\/strong> en la categor\u00eda de plata. <\/p>\n<p>Adem\u00e1s del conjunto de <strong>La Rosaleda<\/strong>, <strong>Mikel Villanueva<\/strong> tambi\u00e9n tuvo experiencias en <strong>Espa\u00f1a<\/strong> en el <strong>C\u00e1diz CF<\/strong>, el <strong>Reus<\/strong> y el <strong>N\u00e1stic de Tarragona<\/strong>. En los equipos catalanes recal\u00f3 en <strong>mercados invernales<\/strong>. En ambas experiencias acab\u00f3 perdiendo la categor\u00eda y descendiendo al bronce. A nivel de selecci\u00f3n ha sido internacional con <strong>Venezuela<\/strong> en <strong>33 ocasiones<\/strong>. Ahora, tras finalizar su contrato en el <strong>Vitoria de Guimaraes<\/strong> , se encuentra <strong>sin equipo<\/strong>. Son\u00f3 para recalar en el reci\u00e9n ascendido <strong>Kocaelispor<\/strong> en la <strong>Primera Divisi\u00f3n<\/strong> de <strong>Turqu\u00eda<\/strong>. <\/p>\n<p>El mal inicio de temporada de la <strong>Cultural<\/strong>, sumando <strong>un punto<\/strong> de <strong>doce posibles<\/strong>, le hacen mirar al mercado. Y para reforzar su defensa est\u00e1 pensando en el fichaje de <strong>Mikel Villanueva<\/strong>. <\/p>\n","protected":false},"excerpt":{"rendered":"Mikel Villanueva durante su etapa en el M\u00e1laga CF El mercado de fichajes termin\u00f3 a las 0:00h del&hellip;\n","protected":false},"author":2,"featured_media":104825,"comment_status":"","ping_status":"","sticky":false,"template":"","format":"standard","meta":{"footnotes":""},"categories":[268],"tags":[12899,168,25,24,280,282,4174,1963,36483,281,23,167],"class_list":{"0":"post-104824","1":"post","2":"type-post","3":"status-publish","4":"format-standard","5":"has-post-thumbnail","7":"category-futbol","8":"tag-cultural-leonesa","9":"tag-deportes","10":"tag-es","11":"tag-espana","12":"tag-football","13":"tag-futbol","14":"tag-laliga-hypermotion","15":"tag-malaga-cf","16":"tag-mikel-villanueva","17":"tag-soccer","18":"tag-spain","19":"tag-sports"},"share_on_mastodon":{"url":"","error":""},"_links":{"self":[{"href":"https:\/\/www.europesays.com\/es\/wp-json\/wp\/v2\/posts\/104824","targetHints":{"allow":["GET"]}}],"collection":[{"href":"https:\/\/www.europesays.com\/es\/wp-json\/wp\/v2\/posts"}],"about":[{"href":"https:\/\/www.europesays.com\/es\/wp-json\/wp\/v2\/types\/post"}],"author":[{"embeddable":true,"href":"https:\/\/www.europesays.com\/es\/wp-json\/wp\/v2\/users\/2"}],"replies":[{"embeddable":true,"href":"https:\/\/www.europesays.com\/es\/wp-json\/wp\/v2\/comments?post=104824"}],"version-history":[{"count":0,"href":"https:\/\/www.europesays.com\/es\/wp-json\/wp\/v2\/posts\/104824\/revisions"}],"wp:featuredmedia":[{"embeddable":true,"href":"https:\/\/www.europesays.com\/es\/wp-json\/wp\/v2\/media\/104825"}],"wp:attachment":[{"href":"https:\/\/www.europesays.com\/es\/wp-json\/wp\/v2\/media?parent=104824"}],"wp:term":[{"taxonomy":"category","embeddable":true,"href":"https:\/\/www.europesays.com\/es\/wp-json\/wp\/v2\/categories?post=104824"},{"taxonomy":"post_tag","embeddable":true,"href":"https:\/\/www.europesays.com\/es\/wp-json\/wp\/v2\/tags?post=104824"}],"curies":[{"name":"wp","href":"https:\/\/api.w.org\/{rel}","templated":true}]}}