{"id":104852,"date":"2025-09-10T05:25:05","date_gmt":"2025-09-10T05:25:05","guid":{"rendered":"https:\/\/www.europesays.com\/es\/104852\/"},"modified":"2025-09-10T05:25:05","modified_gmt":"2025-09-10T05:25:05","slug":"el-incomodo-paso-de-marilo-montero-por-la-revuelta-abucheada-criticada-y-cuestionada","status":"publish","type":"post","link":"https:\/\/www.europesays.com\/es\/104852\/","title":{"rendered":"El inc\u00f3modo paso de Maril\u00f3 Montero por &#8216;La revuelta&#8217;: abucheada, criticada y cuestionada"},"content":{"rendered":"<p>Este martes 9 de septiembre de 2025, <strong><a href=\"https:\/\/theobjective.com\/etiqueta\/marilo-montero\/\" rel=\"nofollow noopener\" target=\"_blank\">Maril\u00f3 Montero<\/a><\/strong> regres\u00f3 a la primera l\u00ednea televisiva como invitada de La Revuelta, el programa de <a href=\"https:\/\/theobjective.com\/etiqueta\/david-broncano\/\" rel=\"nofollow noopener\" target=\"_blank\">David Broncano<\/a> en TVE que acaba de estrenar su segunda temporada. Lo que promet\u00eda ser una charla ligera sobre su paso por MasterChef Celebrity 10 termin\u00f3 convirti\u00e9ndose en uno de los momentos m\u00e1s ic\u00f3nicos del programa. La periodista, de 60 a\u00f1os, dio una entrevista en la que se mezcl\u00f3 un <strong>fuerte cruce ideol\u00f3gico <\/strong>y la eterna controversia en torno a la <strong><a href=\"https:\/\/theobjective.com\/etiqueta\/tauromaquia\/\" rel=\"nofollow noopener\" target=\"_blank\">tauromaquia<\/a><\/strong>.<\/p>\n<p>Maril\u00f3 Montero pidi\u00f3 m\u00e1s pluralidad ideol\u00f3gica en TVE<\/p>\n<p>Nada m\u00e1s comenzar la entrevista, la conversaci\u00f3n deriv\u00f3 hacia un terreno m\u00e1s espinoso: <strong>la pluralidad ideol\u00f3gica en TVE<\/strong>. Maril\u00f3 Montero, sin rodeos, acus\u00f3 a la cadena p\u00fablica de estar \u00ab<strong>sesgada hacia la izquierda<\/strong>\u00bb en buena parte de su programaci\u00f3n. \u00abPor la ma\u00f1ana, por la tarde y por la noche se transmite una misma visi\u00f3n\u00bb, asegur\u00f3.<\/p>\n<p><img fetchpriority=\"high\" decoding=\"async\" width=\"1024\" height=\"576\" src=\"https:\/\/www.europesays.com\/es\/wp-content\/uploads\/2025\/09\/marilo-montero-toros-criticas-la-revuela-1024x576.jpg\" alt=\"El paso de Maril\u00f3 Montero por 'La revuelta' ha sido muy pol\u00e9mico\" class=\"wp-image-3710525\"  \/>El paso de Maril\u00f3 Montero por \u2018La revuelta\u2019 ha sido muy pol\u00e9mico<\/p>\n<p>Broncano, fiel a su estilo, trat\u00f3 de quitar hierro con iron\u00eda: \u00ab<strong>Si esto estuviera tan sesgado como dices, no estar\u00edas aqu\u00ed diciendo esto en directo<\/strong>\u00bb. La respuesta gener\u00f3 risas y aplausos en el p\u00fablico, pero no disuadi\u00f3 a la periodista, que insisti\u00f3 en su idea de que la televisi\u00f3n p\u00fablica deber\u00eda ser un espacio plural, libre de \u00abcolores ideol\u00f3gicos\u00bb. Maril\u00f3 tambi\u00e9n dijo que los presentadores que hab\u00eda en TVE eran todos de izquierdas.<\/p>\n<p>\u00ab<strong>Por la ma\u00f1ana, ideolog\u00eda de presentadores de izquierdas. Por la tarde, m\u00e1s izquierda y por la noche, m\u00e1s izquierda.<\/strong>\u00a0Hay derecho que cada uno contrate a quien quiera, y que d\u00e9 buenos resultados, pero como hablamos del hecho de que Ana Rosa se hab\u00eda quejado, no pasa nada, se puede decir. Yo soy una mujer de paz\u00bb, dijo al respecto.<\/p>\n<p>El intercambio se convirti\u00f3 en un pulso dial\u00e9ctico. Por momentos parec\u00eda un debate pol\u00edtico m\u00e1s que una entrevista de entretenimiento. Y en ese choque qued\u00f3 clara la estrategia de la comunicadora: aprovechar la ventana de La Revuelta para lanzar un mensaje que sabe que no deja indiferente. Broncano y la invitada llegaron a cierto punto de entendimiento en esta cuesti\u00f3n. El presentador aleg\u00f3 que puede ser cierto, pero que tampoco deber\u00eda ocurrir en otras cadenas.<\/p>\n<p>\u00abTodo el mundo tiene una ideolog\u00eda, yo soy de izquierdas progresista, pero eso no me deber\u00eda impedir hacer ning\u00fan trabajo.\u00a0La representaci\u00f3n del pa\u00eds no depende del presentador, pero<strong> lo que se hace en el programa s\u00ed y creo que aqu\u00ed hacemos una representaci\u00f3n amplia y diversa de lo que es la sociedad<\/strong>\u00bb, aleg\u00f3 Broncano.<\/p>\n<p>La pol\u00e9mica lleg\u00f3 con su defensa de los toros<\/p>\n<p>El punto \u00e1lgido de la tensi\u00f3n lleg\u00f3 cuando sali\u00f3 a colaci\u00f3n la <strong>tauromaquia<\/strong>. Maril\u00f3 Montero, sin titubeos, la defendi\u00f3 como una expresi\u00f3n cultural que merece respeto y espacio en la sociedad. Asimismo, aleg\u00f3 que la televisi\u00f3n p\u00fablica deber\u00eda emitir corridas de toros porque son \u00abarte\u00bb, ante un estupefacto Broncano. La mayor\u00eda del p\u00fablico \u2014por no decir su totalidad\u2014 respondi\u00f3 con fuertes abucheos, algo que no hab\u00eda ocurrido en La revuelta hasta ahora.<\/p>\n<p>\u00abLos toros son arte. Podemos debatirlo, pero no borrarlo\u00bb, afirm\u00f3. Broncano, en tono socarr\u00f3n, replic\u00f3: \u00abLo que me sorprende es que tu caballo de batalla principal sean los toros\u00bb. El comentario desat\u00f3 carcajadas, pero evidenci\u00f3 la distancia entre ambos.<\/p>\n<p>Maril\u00f3 sigui\u00f3: \u00abSon contenidos culturales que se quitan de la emisi\u00f3n por partidos pol\u00edticos que no les gusta la tauromaquia. (\u2026) <strong>Canal Sur no es sospechosa ideol\u00f3gicamente y que Telemadrid hace lo que tiene que hacer<\/strong>. (\u2026) A muchas mujeres no les dejaron torear durante muchos a\u00f1os y es un debate que sigue vivo en Espa\u00f1a\u00bb. <\/p>\n<p>Broncano no pod\u00eda creer lo que estaba escuchando y la respondi\u00f3 que<strong>\u00a0parec\u00eda que estuviera \u00aben 1945\u00bb<\/strong>. \u00ab<strong>Yo soy muy antitaurino, muy convencido, y si os gusta, os gusta, pero al animal se le est\u00e1 maltratando s\u00ed o s\u00ed.<\/strong>\u00a0Me sorprende que de todas las posibles cosas tu principal caballo de batalla sean los toros. (\u2026) Abandona este barco, has emprendido este camino rid\u00edculo\u00bb, a\u00f1adi\u00f3 el presentador, ante las risas y fuertes aplausos del p\u00fablico.<\/p>\n<p>Recibe una avalancha de cr\u00edticas en sus redes sociales<\/p>\n<p>Al terminar, el ambiente era distinto al de otras entregas del programa. La Revuelta acostumbra a moverse en el terreno del humor y la complicidad, pero la pasada noche el tono fue del todo \u00e1spero y cargado de tensi\u00f3n. Muchos lo calificaron como \u00abla entrevista m\u00e1s tensa en la historia del formato\u00bb. En las redes sociales no hab\u00eda m\u00e1s que cr\u00edticas y burlas hacia la presentadora.<\/p>\n<p>Unos comentarios que tambi\u00e9n se est\u00e1n volcando en el propio Instagram de Maril\u00f3 Montero. <a href=\"https:\/\/www.instagram.com\/p\/DOO6wnziG6d\/?hl=es&amp;img_index=1\" target=\"_blank\" rel=\"noreferrer noopener nofollow\">Su post m\u00e1s reciente ya lleva m\u00e1s de 700 comentarios<\/a>. La mayor\u00eda son cr\u00edticas por sus palabras en TVE.<\/p>\n<blockquote class=\"instagram-media\" data-instgrm-permalink=\"https:\/\/www.instagram.com\/p\/DOO6wnziG6d\/?utm_source=ig_embed&amp;utm_campaign=loading\" data-instgrm-version=\"14\" style=\" background:#FFF; border:0; border-radius:3px; box-shadow:0 0 1px 0 rgba(0,0,0,0.5),0 1px 10px 0 rgba(0,0,0,0.15); margin: 1px; max-width:540px; min-width:326px; padding:0; width:99.375%; width:-webkit-calc(100% - 2px); width:calc(100% - 2px);\"\/>\n<p>Sin duda, un programa que se recordar\u00e1 durante mucho tiempo y que ha reabierto el debate sobre la tauromaquia y la pluralidad ideol\u00f3gica de la televisi\u00f3n p\u00fablica.<\/p>\n<p>                                                    <script async src=\"\/\/www.instagram.com\/embed.js\"><\/script><\/p>\n","protected":false},"excerpt":{"rendered":"Este martes 9 de septiembre de 2025, Maril\u00f3 Montero regres\u00f3 a la primera l\u00ednea televisiva como invitada de&hellip;\n","protected":false},"author":2,"featured_media":104853,"comment_status":"","ping_status":"","sticky":false,"template":"","format":"standard","meta":{"footnotes":""},"categories":[277],"tags":[373,255,8069,9029,168,25,24,29956,36497,518,23,167,625,374,444,3156],"class_list":{"0":"post-104852","1":"post","2":"type-post","3":"status-publish","4":"format-standard","5":"has-post-thumbnail","7":"category-toreo","8":"tag-bullfighting","9":"tag-celebrities","10":"tag-corrida-de-toros","11":"tag-david-broncano","12":"tag-deportes","13":"tag-es","14":"tag-espana","15":"tag-la-revuelta","16":"tag-marilu00f3-montero","17":"tag-rtve","18":"tag-spain","19":"tag-sports","20":"tag-tauromaquia","21":"tag-toreo","22":"tag-toros","23":"tag-tve"},"share_on_mastodon":{"url":"","error":""},"_links":{"self":[{"href":"https:\/\/www.europesays.com\/es\/wp-json\/wp\/v2\/posts\/104852","targetHints":{"allow":["GET"]}}],"collection":[{"href":"https:\/\/www.europesays.com\/es\/wp-json\/wp\/v2\/posts"}],"about":[{"href":"https:\/\/www.europesays.com\/es\/wp-json\/wp\/v2\/types\/post"}],"author":[{"embeddable":true,"href":"https:\/\/www.europesays.com\/es\/wp-json\/wp\/v2\/users\/2"}],"replies":[{"embeddable":true,"href":"https:\/\/www.europesays.com\/es\/wp-json\/wp\/v2\/comments?post=104852"}],"version-history":[{"count":0,"href":"https:\/\/www.europesays.com\/es\/wp-json\/wp\/v2\/posts\/104852\/revisions"}],"wp:featuredmedia":[{"embeddable":true,"href":"https:\/\/www.europesays.com\/es\/wp-json\/wp\/v2\/media\/104853"}],"wp:attachment":[{"href":"https:\/\/www.europesays.com\/es\/wp-json\/wp\/v2\/media?parent=104852"}],"wp:term":[{"taxonomy":"category","embeddable":true,"href":"https:\/\/www.europesays.com\/es\/wp-json\/wp\/v2\/categories?post=104852"},{"taxonomy":"post_tag","embeddable":true,"href":"https:\/\/www.europesays.com\/es\/wp-json\/wp\/v2\/tags?post=104852"}],"curies":[{"name":"wp","href":"https:\/\/api.w.org\/{rel}","templated":true}]}}