{"id":104880,"date":"2025-09-10T05:44:06","date_gmt":"2025-09-10T05:44:06","guid":{"rendered":"https:\/\/www.europesays.com\/es\/104880\/"},"modified":"2025-09-10T05:44:06","modified_gmt":"2025-09-10T05:44:06","slug":"polonia-derriba-varios-drones-rusos-tras-una-violacion-sin-precedentes-del-espacio-aereo-internacional","status":"publish","type":"post","link":"https:\/\/www.europesays.com\/es\/104880\/","title":{"rendered":"Polonia derriba varios drones rusos tras una \u201cviolaci\u00f3n sin precedentes del espacio a\u00e9reo\u201d | Internacional"},"content":{"rendered":"<p class=\"\">El Mando Operacional de las Fuerzas Armadas de Polonia <a href=\"https:\/\/x.com\/DowOperSZ\/status\/1965618553194766773\" target=\"_self\" rel=\"nofollow\" title=\"https:\/\/x.com\/DowOperSZ\/status\/1965618553194766773\">ha informado a primera hora de este mi\u00e9rcoles<\/a> de que ha derribado durante la noche varios drones que hab\u00edan entrado en su espacio a\u00e9reo en el marco de un nuevo ataque ruso contra el territorio de Ucrania. Seg\u00fan una nota del \u00f3rgano de direcci\u00f3n militar, tras el monitoreo de una \u201cdocena\u201d de objetos por radar, tanto por parte de las fuerzas polacas como de pa\u00edses aliados de la OTAN, se decidi\u00f3 neutralizar aquellos que representaban una \u201camenaza\u201d para la seguridad de los ciudadanos. El mando militar ha calificado de \u201cviolaci\u00f3n sin precedentes del espacio a\u00e9reo polaco\u201d la acci\u00f3n perpetrada por estos veh\u00edculos bomba.<\/p>\n<p class=\"\">El ministro de Defensa polaco, Wladyslaw Kosiniak-Kamysz, ha confirmado que sus aviones de combate han utilizado su armamento para destruir \u201cobjetos hostiles\u201d. \u201cEstamos en contacto constante con el mando de la OTAN\u201d, ha se\u00f1alado Kosiniak-Kamysz. En el mismo sentido se ha expresado el primer ministro del pa\u00eds, Donald Tusk, que ha convocado una reuni\u00f3n extraordinaria esta ma\u00f1ana de la Oficina de Seguridad Nacional. \u201cLa seguridad de nuestra Patria es la m\u00e1xima prioridad y requiere una estrecha cooperaci\u00f3n\u201d, ha afirmado por su parte el presidente del pa\u00eds, Karol Nawrocki. <\/p>\n<p class=\"\">A primera hora de la madrugada, el ej\u00e9rcito polaco hab\u00eda anunciado que, debido al desarrollo de una nueva ofensiva rusa contra \u201cinstalaciones\u201d en territorio de Ucrania, aparatos de su fuerza a\u00e9rea y de socios de la Alianza Atl\u00e1ntica estaban en situaci\u00f3n de alerta con \u201ccar\u00e1cter preventivo\u201d, as\u00ed como los sistemas de defensa antia\u00e9rea desplegados en el terreno. <\/p>\n<p class=\"\">Tan solo unos minutos antes, canales de monitoreo ucranios hab\u00edan se\u00f1alado que varios drones de ataque rusos hab\u00edan atravesado la linde del pa\u00eds y hab\u00edan sido derribados por aviones de combate polacos. Seg\u00fan las webs de rastreo a\u00e9reo ucranias, aparatos no tripulados del tipo Geran, una variante de <a href=\"https:\/\/elpais.com\/internacional\/2025-06-29\/el-incesante-zumbido-del-dron-shahed-desespera-a-ucrania.html\" target=\"_self\" rel=\"nofollow noopener\" title=\"https:\/\/elpais.com\/internacional\/2025-06-29\/el-incesante-zumbido-del-dron-shahed-desespera-a-ucrania.html\">los Shahed iran\u00edes utilizados por Mosc\u00fa en su ofensiva contra Kiev<\/a>, sobrevolaron, en primer lugar, el norte y oeste de Ucrania, para atravesar posteriormente la frontera hacia territorio de la Uni\u00f3n Europea y la OTAN. Es la primera vez que varios de estos aparatos entran a la vez en Polonia y prosiguen su trayectoria varios kil\u00f3metros, m\u00e1s all\u00e1 de la linde ucrania.<\/p>\n<p class=\"\">Su primer destino, seg\u00fan estos canales, habr\u00eda sido la ciudad polaca de Zamosc, a unos 70 kil\u00f3metros de la frontera. Esta informaci\u00f3n no ha sido confirmada por Varsovia. \u201cSe est\u00e1n realizando esfuerzos para localizar los posibles lugares de impacto de estos objetos\u201d, ha apuntado el mando militar polaco en su comunicado. La polic\u00eda polaca ya ha encontrado un primer dron da\u00f1ado en la localidad de Czosnowka, cerca de la frontera con Bielorrusia. <\/p>\n<p class=\"\">El Estado Mayor polaco ha instado a los ciudadanos a que si encuentran un dron derribado o alg\u00fan fragmento, no se acerquen, toquen o muevan el aparato. \u201cEstos objetos pueden seguir siendo peligrosos y deben ser inspeccionados por las patrullas de desactivaci\u00f3n de explosivos\u201d, ha se\u00f1alado. <\/p>\n<p>Cierre de aeropuertos<\/p>\n<p class=\"\">El aeropuerto de Rzesz\u00f3w, en el este de Polonia, a unos 60 kil\u00f3metros del paso fronterizo hacia Ucrania, comunic\u00f3 durante la noche su cierre temporal debido a la actividad a\u00e9rea. Posteriormente y seg\u00fan una nota de la Administraci\u00f3n Federal de Aviaci\u00f3n de Estados Unidos, el aeropuerto internacional de Varsovia (Chopin) ha dejado de operar tambi\u00e9n por una \u201cactividad militar no planificada relacionada con la garant\u00eda de la seguridad del Estado\u201d. A estos dos aer\u00f3dromos se han unido en el cese de operaciones el de Modlin y Lublin.<\/p>\n<p class=\"\">Decenas de drones despegaron a \u00faltima hora de este martes desde el sur de Bielorrusia y la frontera oeste rusa hacia el centro y oeste de Ucrania. Algunas de los canales de monitoreo ucranios han contado m\u00e1s de un centenar de estos veh\u00edculos lanzados como proyectiles. Rusia bati\u00f3 todas sus marcas en la madrugada del pasado domingo <a href=\"https:\/\/elpais.com\/internacional\/2025-09-07\/al-menos-dos-muertos-en-kiev-entre-ellos-un-nino-de-un-ano-en-un-ataque-masivo-de-rusia.html\" target=\"_self\" rel=\"nofollow noopener\" title=\"https:\/\/elpais.com\/internacional\/2025-09-07\/al-menos-dos-muertos-en-kiev-entre-ellos-un-nino-de-un-ano-en-un-ataque-masivo-de-rusia.html\">al enviar 810 drones contra pr\u00e1cticamente todas las regiones de Ucrania<\/a>. El impacto de uno de ellos contra un inmueble en Kiev caus\u00f3 la muerte de tres personas, entre ellas, una mujer y su beb\u00e9.<\/p>\n<p class=\"\">Sobre las dos de la madrugada de este mi\u00e9rcoles, algunos de esos drones fueron derribados mientras sobrevolaban precisamente la capital ucrania. La ofensiva rusa de esta noche, ejecutada en agrupaciones o enjambres, ha lanzado una cantidad mayor de lo habitual de estos veh\u00edculos bomba hacia ciudades como Lviv o Lutsk, en la franja occidental, la que colinda con Polonia. En una segunda fase, Rusia ha disparado en torno a 40 misiles, tambi\u00e9n hacia el oeste del pa\u00eds.<\/p>\n<p class=\"\">En lo que va de septiembre, Rusia ha lanzado cerca de 3.000 drones de ataque contra territorio ucranio.<\/p>\n<p><img alt=\"La polic\u00eda polaca acordonaba la zona donde cayeron este lunes los restos de un dron, en Polatycze, junto a la frontera bielorrusa.\" decoding=\"auto\" class=\"_re lazyload a_m-h\" height=\"276\"  width=\"414\"  src=\"https:\/\/www.europesays.com\/es\/wp-content\/uploads\/2025\/09\/6GWUPGOP6JPCXPGMPEBV55ISJU.jpg\" loading=\"lazy\"\/>La polic\u00eda polaca acordonaba la zona donde cayeron este lunes los restos de un dron, en Polatycze, junto a la frontera bielorrusa.Wojtek Jargilo (EFE)<\/p>\n<p class=\"\">Desde febrero de 2022, Polonia ha mantenido sus cazas en alerta para prevenir que la guerra atravesara la frontera. No obstante, en varias ocasiones, alg\u00fan dron ruso o fragmentos de uno de estos veh\u00edculos bomba han llegado hasta suelo polaco tras una gran ofensiva nocturna.<\/p>\n<p class=\"\">Este martes, el ministro Kosiniak-Kamysz manifest\u00f3 que los drones que entrasen por la frontera este deb\u00edan ser derribados, aunque traslad\u00f3 al Mando Operacional la \u00faltima decisi\u00f3n. 24 horas antes, las autoridades del pa\u00eds europeo hallaron los restos de uno de esos aparatos en la localidad de Polatycze, junto a la frontera con Bielorrusia. <\/p>\n<p class=\"\">La violaci\u00f3n del espacio a\u00e9reo de estos drones de ataque representan una escalada en la tensi\u00f3n entre Occidente y Rusia, sin precedentes en los tres a\u00f1os y medio de invasi\u00f3n a gran escala del territorio ucranio. El acto de \u201cagresi\u00f3n\u201d cometido, como lo ha calificado el mando operacional polaco, podr\u00eda ser objeto del art\u00edculo 5 del tratado de la OTAN. Esta cl\u00e1usula afirma que un ataque a uno de los pa\u00edses miembros de la Alianza es un ataque hacia todos y, por tanto, garantiza la seguridad colectiva. <\/p>\n","protected":false},"excerpt":{"rendered":"El Mando Operacional de las Fuerzas Armadas de Polonia ha informado a primera hora de este mi\u00e9rcoles de&hellip;\n","protected":false},"author":2,"featured_media":104881,"comment_status":"","ping_status":"","sticky":false,"template":"","format":"standard","meta":{"footnotes":""},"categories":[42],"tags":[8738,17,18,70,71,72,700,13,14,69,7082,11,61,62,63,64,19,20,9,10,15,16,1613,1614,12,7081,21,22,1617,65,66,67],"class_list":{"0":"post-104880","1":"post","2":"type-post","3":"status-publish","4":"format-standard","5":"has-post-thumbnail","7":"category-internacional","8":"tag-ataques-militares","9":"tag-breaking-news","10":"tag-breakingnews","11":"tag-conflictos","12":"tag-conflictos-armados","13":"tag-conflictos-internacionales","14":"tag-europa","15":"tag-featured-news","16":"tag-featurednews","17":"tag-guerra","18":"tag-guerra-de-rusia-en-ucrania","19":"tag-headlines","20":"tag-internacional","21":"tag-international","22":"tag-international-news","23":"tag-internationalnews","24":"tag-latest-news","25":"tag-latestnews","26":"tag-news","27":"tag-noticias","28":"tag-noticias-destacadas","29":"tag-noticiasdestacadas","30":"tag-otan","31":"tag-rusia","32":"tag-titulares","33":"tag-ucrania","34":"tag-ultimas-noticias","35":"tag-ultimasnoticias","36":"tag-union-europea","37":"tag-world","38":"tag-world-news","39":"tag-worldnews"},"share_on_mastodon":{"url":"","error":""},"_links":{"self":[{"href":"https:\/\/www.europesays.com\/es\/wp-json\/wp\/v2\/posts\/104880","targetHints":{"allow":["GET"]}}],"collection":[{"href":"https:\/\/www.europesays.com\/es\/wp-json\/wp\/v2\/posts"}],"about":[{"href":"https:\/\/www.europesays.com\/es\/wp-json\/wp\/v2\/types\/post"}],"author":[{"embeddable":true,"href":"https:\/\/www.europesays.com\/es\/wp-json\/wp\/v2\/users\/2"}],"replies":[{"embeddable":true,"href":"https:\/\/www.europesays.com\/es\/wp-json\/wp\/v2\/comments?post=104880"}],"version-history":[{"count":0,"href":"https:\/\/www.europesays.com\/es\/wp-json\/wp\/v2\/posts\/104880\/revisions"}],"wp:featuredmedia":[{"embeddable":true,"href":"https:\/\/www.europesays.com\/es\/wp-json\/wp\/v2\/media\/104881"}],"wp:attachment":[{"href":"https:\/\/www.europesays.com\/es\/wp-json\/wp\/v2\/media?parent=104880"}],"wp:term":[{"taxonomy":"category","embeddable":true,"href":"https:\/\/www.europesays.com\/es\/wp-json\/wp\/v2\/categories?post=104880"},{"taxonomy":"post_tag","embeddable":true,"href":"https:\/\/www.europesays.com\/es\/wp-json\/wp\/v2\/tags?post=104880"}],"curies":[{"name":"wp","href":"https:\/\/api.w.org\/{rel}","templated":true}]}}