{"id":104895,"date":"2025-09-10T05:57:08","date_gmt":"2025-09-10T05:57:08","guid":{"rendered":"https:\/\/www.europesays.com\/es\/104895\/"},"modified":"2025-09-10T05:57:08","modified_gmt":"2025-09-10T05:57:08","slug":"un-arquitecto-vuela-por-primera-vez-en-business-y-este-detalle-capta-toda-su-atencion-tenia-tres-solo-para-mi","status":"publish","type":"post","link":"https:\/\/www.europesays.com\/es\/104895\/","title":{"rendered":"Un arquitecto vuela por primera vez en business y este detalle capta toda su atenci\u00f3n: \u00abTen\u00eda tres solo para m\u00ed\u00bb"},"content":{"rendered":"<p class=\"v-mdl-ath__p v-mdl-ath__p--6\">\nMi\u00e9rcoles, 10 de septiembre 2025, 06:59<\/p>\n<p class=\"v-p\">El arquitecto y escritor Pedro Torrijos, que cuenta con m\u00e1s de trescientos mil seguidores en su cuenta &#8216;X&#8217; gracias a su contenido de divulgaci\u00f3n y curiosidades sobre arquitectura, ha querido compartir en redes sociales su primera experiencia en business a bordo de un avi\u00f3n. Conocido por sus hilos en los que mezcla <a href=\"https:\/\/www.diariovasco.com\/sociedad\/ricardo-bofill-prediccion-ciudades-urbanismo-arquitectura-20250527114320-nt.html\" target=\"_blank\" title=\"www.diariovasco.com\" data-voc-vtm-id=\"in-text-traffic\" data-mrf-link=\"www.diariovasco.com\" rel=\"nofollow noopener\">arquitectura<\/a>, cultura y relatos personales, Torrijos traslad\u00f3 a sus seguidores las sensaciones de un trayecto que, asegura, fue especial m\u00e1s all\u00e1 de las comodidades habituales.<\/p>\n<p class=\"v-p\">\u00abTengo 50 a\u00f1os y he viajado en Business por primera vez\u00bb, arranca el relato de Torrijos, en el que detalla sus impresiones y reconoce que la experiencia le hizo sentir como un ni\u00f1o en un parque de atracciones.\u00abEl sill\u00f3n que se convierte en cama, la pantalla enorme, la comida estupenda\u00bb, enumer\u00f3 con entusiasmo. Sin embargo, aclar\u00f3 que lo m\u00e1s importante no fue el asiento ni los servicios, sino las vistas.<\/p>\n<p><a href=\"http:\/\/www.diariovasco.com\/sociedad\/antonio-gala-prediccion-futuro-20250908092358-nt.html#vtm_modulosEngag=mod-rel:sociedad:noticia:1:cmp:1-not\" class=\"v-a-link\" aria-label=\"Imagen\" rel=\"nofollow noopener\" target=\"_blank\"><\/p>\n<p><img decoding=\"async\" loading=\"lazy\" src=\"https:\/\/s2.ppllstatics.com\/diariovasco\/www\/multimedia\/2025\/09\/08\/gala-U2301207105569oED--366x256@Diario%20Vasco.jpg\" class=\"v-a-img\" width=\"258\" height=\"180\" alt=\"\" data-voc-vtm-id=\"in-text-traffic\"\/><\/p>\n<p><\/a><\/p>\n<p class=\"v-p\">\u00abLo que m\u00e1s me ha acompa\u00f1ado han sido las ventanas. Tres, tres ventanas alineadas solo para m\u00ed\u00bb, explic\u00f3. A trav\u00e9s de ellas, dijo, tuvo la impresi\u00f3n de acceder \u00aba una parte del mundo que casi siempre est\u00e1 prohibida\u00bb, un horizonte infinito que contempl\u00f3 durante las diez horas de vuelo.<\/p>\n<p class=\"v-p\">En ese tiempo, cont\u00f3, se asom\u00f3 una y otra vez para comprobar que el cielo segu\u00eda ah\u00ed. \u00abEstaba viajando dentro de un milagro, un milagro que suele pasar desapercibido porque lo cubrimos de rutinas, de horarios, de prisas\u00bb, escribi\u00f3.<\/p>\n<blockquote class=\"twitter-tweet\">\n<p lang=\"es\" dir=\"ltr\">Tengo 50 a\u00f1os y he viajado en Business por primera vez.<\/p>\n<p>He ido invitado por <a href=\"https:\/\/twitter.com\/Iberia?ref_src=twsrc%5Etfw\" rel=\"nofollow noopener\" target=\"_blank\">@Iberia<\/a> (much\u00edsimas gracias, de verdad) y, claro, para m\u00ed era como volver a ir al parque de atracciones por primera vez: el sill\u00f3n que se convierte en cama y que he toqueteado arriba y abajo, la\u2026 <a href=\"https:\/\/t.co\/AB4PCsZvYi\" rel=\"nofollow\">pic.twitter.com\/AB4PCsZvYi<\/a><\/p>\n<p>\u2014 Pedro Torrijos (@Pedro_Torrijos) <a href=\"https:\/\/twitter.com\/Pedro_Torrijos\/status\/1965098038864883974?ref_src=twsrc%5Etfw\" rel=\"nofollow noopener\" target=\"_blank\">September 8, 2025<\/a><\/p><\/blockquote>\n<p class=\"v-p\">Adem\u00e1s, Torrijos compar\u00f3 la experiencia con la alegr\u00eda de los m\u00e1s peque\u00f1os en un parque acu\u00e1tico: \u00abCon la alegr\u00eda intacta de quien entra por primera vez, como cuando mi hijo ten\u00eda dos a\u00f1os y solo quer\u00eda mojarse y volver al tobog\u00e1n\u00bb.<\/p>\n<p class=\"v-p\">Finalmente, subray\u00f3 que vivir esta experiencia a su edad le permiti\u00f3 apreciarla de forma diferente. \u00abAlgunas experiencias llegan tarde, sobre todo para quienes somos de barrio, pero llegan igual, quiz\u00e1 incluso mejor\u00bb, reflexion\u00f3.<\/p>\n<p>Comenta<\/p>\n<p>Reporta un error<\/p>\n<p><script async src=\"https:\/\/platform.twitter.com\/widgets.js\" charset=\"utf-8\"><\/script><\/p>\n","protected":false},"excerpt":{"rendered":"Mi\u00e9rcoles, 10 de septiembre 2025, 06:59 El arquitecto y escritor Pedro Torrijos, que cuenta con m\u00e1s de trescientos&hellip;\n","protected":false},"author":2,"featured_media":104896,"comment_status":"","ping_status":"","sticky":false,"template":"","format":"standard","meta":{"footnotes":""},"categories":[173],"tags":[7351,839,229,233,231,230,4483,82,232,234,146,147,25,24,36509,23,11266],"class_list":{"0":"post-104895","1":"post","2":"type-post","3":"status-publish","4":"format-standard","5":"has-post-thumbnail","7":"category-arte-y-diseno","8":"tag-aeropuerto","9":"tag-arquitecto","10":"tag-arte","11":"tag-arte-y-diseno","12":"tag-arts","13":"tag-arts-and-design","14":"tag-aviones","15":"tag-business","16":"tag-design","17":"tag-diseno","18":"tag-entertainment","19":"tag-entretenimiento","20":"tag-es","21":"tag-espana","22":"tag-pedro-torrijos","23":"tag-spain","24":"tag-vuelo"},"share_on_mastodon":{"url":"","error":""},"_links":{"self":[{"href":"https:\/\/www.europesays.com\/es\/wp-json\/wp\/v2\/posts\/104895","targetHints":{"allow":["GET"]}}],"collection":[{"href":"https:\/\/www.europesays.com\/es\/wp-json\/wp\/v2\/posts"}],"about":[{"href":"https:\/\/www.europesays.com\/es\/wp-json\/wp\/v2\/types\/post"}],"author":[{"embeddable":true,"href":"https:\/\/www.europesays.com\/es\/wp-json\/wp\/v2\/users\/2"}],"replies":[{"embeddable":true,"href":"https:\/\/www.europesays.com\/es\/wp-json\/wp\/v2\/comments?post=104895"}],"version-history":[{"count":0,"href":"https:\/\/www.europesays.com\/es\/wp-json\/wp\/v2\/posts\/104895\/revisions"}],"wp:featuredmedia":[{"embeddable":true,"href":"https:\/\/www.europesays.com\/es\/wp-json\/wp\/v2\/media\/104896"}],"wp:attachment":[{"href":"https:\/\/www.europesays.com\/es\/wp-json\/wp\/v2\/media?parent=104895"}],"wp:term":[{"taxonomy":"category","embeddable":true,"href":"https:\/\/www.europesays.com\/es\/wp-json\/wp\/v2\/categories?post=104895"},{"taxonomy":"post_tag","embeddable":true,"href":"https:\/\/www.europesays.com\/es\/wp-json\/wp\/v2\/tags?post=104895"}],"curies":[{"name":"wp","href":"https:\/\/api.w.org\/{rel}","templated":true}]}}