{"id":104915,"date":"2025-09-10T06:08:10","date_gmt":"2025-09-10T06:08:10","guid":{"rendered":"https:\/\/www.europesays.com\/es\/104915\/"},"modified":"2025-09-10T06:08:10","modified_gmt":"2025-09-10T06:08:10","slug":"begona-gomez-debera-explicar-ante-el-juez-los-encargos-a-su-asesora","status":"publish","type":"post","link":"https:\/\/www.europesays.com\/es\/104915\/","title":{"rendered":"Bego\u00f1a G\u00f3mez deber\u00e1 explicar ante el juez los encargos a su asesora"},"content":{"rendered":"<p style=\"\">La esposa de Pedro S\u00e1nchez, Bego\u00f1a G\u00f3mez, acudir\u00e1 hoy, por cuarta vez, a declarar como investigada ante el juez de Madrid Juan Carlos Peinado. El motivo es la \u00faltima l\u00ednea de la investigaci\u00f3n abierta contra ella, en la que el magistrado aborda si, junto con  &#8230; Cristina \u00c1lvarez, su asesora en la Moncloa, incurrieron en un delito de <a href=\"https:\/\/www.abc.es\/espana\/peinado-imputa-nuevo-delito-begona-gomez-cita-20250818190525-nt.html\" target=\"_self\" data-voc-vtm-id=\"in-text-traffic\" title=\"malversaci\u00f3n porque la segunda se dedicara a ayudarle en gestiones profesionales o de su \u00e1mbito privado\" data-mrf-link=\"www.abc.es\" rel=\"nofollow noopener\">malversaci\u00f3n porque la segunda se dedicara a ayudarle en gestiones profesionales o de su \u00e1mbito privado<\/a> que no ten\u00edan nada que ver con los cometidos para los que fue contratada como personal de confianza de la mujer del presidente.<\/p>\n<p class=\"voc-p\" style=\"\">G\u00f3mez acumula <strong>cuatro imputaciones<\/strong> en la causa en la que el titular del Juzgado de Instrucci\u00f3n 41 aborda si aprovech\u00f3 su condici\u00f3n de esposa del jefe del Ejecutivo para progresar en el \u00e1mbito universitario desde 2018, cuando S\u00e1nchez accedi\u00f3 al Gobierno, puesto que dirigi\u00f3 una c\u00e1tedra extraordinaria en la Universidad Complutense de Madrid (UCM) a pesar de no contar ni con una licenciatura. El \u00faltimo delito que se le imputa y por el que hoy tendr\u00e1 que declarar es la malversaci\u00f3n, pero el magistrado tambi\u00e9n ve indicios de tr\u00e1fico de influencias, apropiaci\u00f3n indebida e intrusismo profesional.<\/p>\n<p class=\"voc-p\" style=\"\">G\u00f3mez fue citada por primera vez el 5 de julio de 2024. La comparecencia se suspendi\u00f3 porque aleg\u00f3 que no ten\u00eda \u00abconocimiento de los hechos que est\u00e1n siendo objeto de investigaci\u00f3n\u00bb. \u00abEn ese caso, suspendemos para ilustrarle\u00bb interrumpi\u00f3 el magistrado Peinado.<\/p>\n<p class=\"voc-p\" style=\"\">El despliegue de la Polic\u00eda Nacional y del equipo de seguridad de la Moncloa desplegado para aqu\u00e9l d\u00eda no tuvo precedentes. Casi una veintena de furgones policiales se situaron en la plaza al norte de la capital espa\u00f1ola y agentes impidieron a viandantes y periodistas acercarse a las puertas de los Juzgados. La citada declaraci\u00f3n fue aplazada al 19 de julio. Esa segunda vez, la mujer de S\u00e1nchez se acogi\u00f3 a su derecho a no declarar. Sobre la mesa estaba el asunto de si ella misma se dirigi\u00f3 al rector de la UCM, Joaqu\u00edn Goyache, para proponerle la creaci\u00f3n de una c\u00e1tedra. El juez ve indicios de que \u00e9sta se cre\u00f3 \u00aba su medida\u00bb por ser quien era. La seguridad para aquella comparecencia fue amplia pero inferior a la primera.<\/p>\n<p class=\"voc-p\" style=\"\">Su tercera declaraci\u00f3n, el 18 de diciembre de 2024, fue para que el juez la interrogara por el modo en que registr\u00f3 el software unido a su c\u00e1tedra. Entonces s\u00ed declar\u00f3, pero \u00fanicamente a las preguntas de su abogado, Antonio Camacho. Defendi\u00f3 que el registro del programa inform\u00e1tico y todas las gestiones relacionadas con la Universidad fueron \u00absin \u00e1nimo de lucro\u00bb.<\/p>\n<p>\nUn \u00abfavor\u00bb a su jefa\n<\/p>\n<p class=\"voc-p\" style=\"\">Esta ma\u00f1ana, G\u00f3mez ser\u00e1 interrogada sobre las labores que encarg\u00f3 a Cristina \u00c1lvarez, en las que el juez ve indicios -en el caso de la relaci\u00f3n con el empresario Carlos Barrab\u00e9s o la b\u00fasqueda de patrocinadores para la c\u00e1tedra de la UCM- de que \u00ab<strong>podr\u00edan suponer una desviaci\u00f3n de recursos p\u00fablicos en favor de intereses privados<\/strong> ofrecidos en una estructura institucionalizada de poder que sirve para reforzar una indudable influencia como es la presidencia del Gobierno\u00bb. Su abogado, que ha recurrido la imputaci\u00f3n por malversaci\u00f3n ante la Audiencia de Madrid, sostiene en cambio que se trata de \u00abun favor a la persona para la que trabajas y con la que, adem\u00e1s, mantienes una relaci\u00f3n de amistad\u00bb, descartando el delito.<\/p>\n","protected":false},"excerpt":{"rendered":"La esposa de Pedro S\u00e1nchez, Bego\u00f1a G\u00f3mez, acudir\u00e1 hoy, por cuarta vez, a declarar como investigada ante el&hellip;\n","protected":false},"author":2,"featured_media":104916,"comment_status":"","ping_status":"","sticky":false,"template":"","format":"standard","meta":{"footnotes":""},"categories":[8],"tags":[1575,32480,7421,17,18,18299,36511,25,24,15802,13,14,4190,11,1664,19,20,9,10,15,16,23,12,21,22],"class_list":{"0":"post-104915","1":"post","2":"type-post","3":"status-publish","4":"format-standard","5":"has-post-thumbnail","7":"category-espana","8":"tag-ante","9":"tag-asesora","10":"tag-begona","11":"tag-breaking-news","12":"tag-breakingnews","13":"tag-debera","14":"tag-encargos","15":"tag-es","16":"tag-espana","17":"tag-explicar","18":"tag-featured-news","19":"tag-featurednews","20":"tag-gomez","21":"tag-headlines","22":"tag-juez","23":"tag-latest-news","24":"tag-latestnews","25":"tag-news","26":"tag-noticias","27":"tag-noticias-destacadas","28":"tag-noticiasdestacadas","29":"tag-spain","30":"tag-titulares","31":"tag-ultimas-noticias","32":"tag-ultimasnoticias"},"share_on_mastodon":{"url":"","error":""},"_links":{"self":[{"href":"https:\/\/www.europesays.com\/es\/wp-json\/wp\/v2\/posts\/104915","targetHints":{"allow":["GET"]}}],"collection":[{"href":"https:\/\/www.europesays.com\/es\/wp-json\/wp\/v2\/posts"}],"about":[{"href":"https:\/\/www.europesays.com\/es\/wp-json\/wp\/v2\/types\/post"}],"author":[{"embeddable":true,"href":"https:\/\/www.europesays.com\/es\/wp-json\/wp\/v2\/users\/2"}],"replies":[{"embeddable":true,"href":"https:\/\/www.europesays.com\/es\/wp-json\/wp\/v2\/comments?post=104915"}],"version-history":[{"count":0,"href":"https:\/\/www.europesays.com\/es\/wp-json\/wp\/v2\/posts\/104915\/revisions"}],"wp:featuredmedia":[{"embeddable":true,"href":"https:\/\/www.europesays.com\/es\/wp-json\/wp\/v2\/media\/104916"}],"wp:attachment":[{"href":"https:\/\/www.europesays.com\/es\/wp-json\/wp\/v2\/media?parent=104915"}],"wp:term":[{"taxonomy":"category","embeddable":true,"href":"https:\/\/www.europesays.com\/es\/wp-json\/wp\/v2\/categories?post=104915"},{"taxonomy":"post_tag","embeddable":true,"href":"https:\/\/www.europesays.com\/es\/wp-json\/wp\/v2\/tags?post=104915"}],"curies":[{"name":"wp","href":"https:\/\/api.w.org\/{rel}","templated":true}]}}