{"id":104919,"date":"2025-09-10T06:10:04","date_gmt":"2025-09-10T06:10:04","guid":{"rendered":"https:\/\/www.europesays.com\/es\/104919\/"},"modified":"2025-09-10T06:10:04","modified_gmt":"2025-09-10T06:10:04","slug":"el-cisne-va-con-todo-a-por-la-permanencia-en-un-nuevo-curso","status":"publish","type":"post","link":"https:\/\/www.europesays.com\/es\/104919\/","title":{"rendered":"El Cisne va con todo a por la permanencia en un nuevo curso"},"content":{"rendered":"<p class=\"ft-text\">Mantener la consolidaci\u00f3n del equipo en Divisi\u00f3n de Honor Plata es el principal objetivo que se plantea el Club Cisne Balonmano en su tercera campa\u00f1a consecutiva en la segunda categor\u00eda nacional.<\/p>\n<p class=\"ft-text\">D\u00edas antes de su debut en la liga, con la visita del reci\u00e9n ascendido OAR Coru\u00f1a al Municipal de Deportes de Pontevedra, el cuadro dirigido por Marcos Otero \u2018Qui\u00f1os\u2019 fue presentado en sociedad en la casa consistorial de Pontevedra, junto al alcalde de la ciudad, Miguel Anxo Fern\u00e1ndez Lores, y la edil de Deportes, Anabel Gul\u00edas.<\/p>\n<p class=\"ft-text\">En las dependencias municipales, el Cisne agradeci\u00f3 a patrocinadores, socios y deportistas de la estructura pontevedresa su apoyo en las \u00faltimas temporadas.<\/p>\n<p class=\"ft-text\">Adem\u00e1s, el acto cont\u00f3 con una presentaci\u00f3n individual de cada jugador, con especial \u00e9nfasis en los m\u00faltiples fichajes que aportar\u00e1n un salto de calidad a la plantilla blanquiazul. Es el caso de Guilherme Linhares, procedente del Torrelavega de Asobal, as\u00ed como el portugu\u00e9s Joao Ferreira, llegado de Os Belenenses, y el esloveno Marko Ribic, que eligi\u00f3 el Cisne para su primera aventura como jugador lejos de su pa\u00eds. A ellos se suman tambi\u00e9n en el cap\u00edtulo de altas los hermanos \u00c1lex y Yago L\u00f3pez, dispuestos a dar un paso adelante en sus carreras tras una gran temporada en el Carballal vigu\u00e9s de Primera Nacional.<\/p>\n<p class=\"ft-text\">Incorporaciones que, como todos los a\u00f1os, nutren el n\u00facleo de jugadores de casa que siguen siendo el pilar del Cisne. Capitaneados por el especialista defensivo Iv\u00e1n Calvo, contin\u00faan en el proyecto pontevedr\u00e9s los hermanos Xo\u00e1n y V\u00edctor Fern\u00e1ndez, adem\u00e1s del extremo Mart\u00edn Santos y el pivote Manuel Lorenzo, una de las grandes apuestas de futuro de la cantera cisne\u00edsta.<\/p>\n<p class=\"ft-text\">Tambi\u00e9n seguir\u00e1n bajo las \u00f3rdenes de \u2018Qui\u00f1os\u2019 jugadores con arraigo en la ciudad, como los porteros Abi\u00e1n Rodr\u00edguez y Roney Franzini, una de las mejores duplas de la liga bajo palos, adem\u00e1s del extremo canario Alberto Delgado y el gallego Iago Costas. Piezas contrastadas en la categor\u00eda con las que el Cisne aspira a conseguir la permanencia y so\u00f1ar con las cotas m\u00e1s altas posibles.<\/p>\n","protected":false},"excerpt":{"rendered":"Mantener la consolidaci\u00f3n del equipo en Divisi\u00f3n de Honor Plata es el principal objetivo que se plantea el&hellip;\n","protected":false},"author":2,"featured_media":104920,"comment_status":"","ping_status":"","sticky":false,"template":"","format":"standard","meta":{"footnotes":""},"categories":[278],"tags":[376,12123,3445,168,25,24,285,375,524,7208,23,167,1793],"class_list":{"0":"post-104919","1":"post","2":"type-post","3":"status-publish","4":"format-standard","5":"has-post-thumbnail","7":"category-balonmano","8":"tag-balonmano","9":"tag-cisne","10":"tag-curso","11":"tag-deportes","12":"tag-es","13":"tag-espana","14":"tag-fichajes","15":"tag-handball","16":"tag-nuevo","17":"tag-permanencia","18":"tag-spain","19":"tag-sports","20":"tag-verano"},"share_on_mastodon":{"url":"","error":""},"_links":{"self":[{"href":"https:\/\/www.europesays.com\/es\/wp-json\/wp\/v2\/posts\/104919","targetHints":{"allow":["GET"]}}],"collection":[{"href":"https:\/\/www.europesays.com\/es\/wp-json\/wp\/v2\/posts"}],"about":[{"href":"https:\/\/www.europesays.com\/es\/wp-json\/wp\/v2\/types\/post"}],"author":[{"embeddable":true,"href":"https:\/\/www.europesays.com\/es\/wp-json\/wp\/v2\/users\/2"}],"replies":[{"embeddable":true,"href":"https:\/\/www.europesays.com\/es\/wp-json\/wp\/v2\/comments?post=104919"}],"version-history":[{"count":0,"href":"https:\/\/www.europesays.com\/es\/wp-json\/wp\/v2\/posts\/104919\/revisions"}],"wp:featuredmedia":[{"embeddable":true,"href":"https:\/\/www.europesays.com\/es\/wp-json\/wp\/v2\/media\/104920"}],"wp:attachment":[{"href":"https:\/\/www.europesays.com\/es\/wp-json\/wp\/v2\/media?parent=104919"}],"wp:term":[{"taxonomy":"category","embeddable":true,"href":"https:\/\/www.europesays.com\/es\/wp-json\/wp\/v2\/categories?post=104919"},{"taxonomy":"post_tag","embeddable":true,"href":"https:\/\/www.europesays.com\/es\/wp-json\/wp\/v2\/tags?post=104919"}],"curies":[{"name":"wp","href":"https:\/\/api.w.org\/{rel}","templated":true}]}}