{"id":10493,"date":"2025-07-28T23:55:05","date_gmt":"2025-07-28T23:55:05","guid":{"rendered":"https:\/\/www.europesays.com\/es\/10493\/"},"modified":"2025-07-28T23:55:05","modified_gmt":"2025-07-28T23:55:05","slug":"una-prueba-no-invasiva-permite-detectar-la-meningitis-infantil-con-alta-precision","status":"publish","type":"post","link":"https:\/\/www.europesays.com\/es\/10493\/","title":{"rendered":"Una prueba no invasiva permite detectar la meningitis infantil con alta precisi\u00f3n"},"content":{"rendered":"<p>\n        Un<strong> estudio internacional <\/strong>liderado por el Instituto de <strong>Salud Global de Barcelona (ISGlobal) d<\/strong>emuestra la eficacia de una <strong>prueba no invasiva basada en ultrasonidos <\/strong>que permite<strong> detectar la <\/strong><strong>meningitis <\/strong><strong>con alta precisi\u00f3n diagn\u00f3stica.<\/strong>\n<\/p>\n<p class=\"article-body__text \">\n        En la elaboraci\u00f3n del estudio, impulsado por el <strong>ISGlobal <\/strong>-centro impulsado por la Fundaci\u00f3n \u00abla Caixa\u00bb-, han colaborado hospitales de <strong>Espa\u00f1a, Mozambique y Marruecos<\/strong>, y los resultados los ha publicado la revista Pediatric Research.\n<\/p>\n<p class=\"article-body__text \">\n        Los investigadores han creado una innovadora herramienta basada en los ultrasonidos Neosonics que identifica de forma no invasiva y <strong>con un 94 % de precisi\u00f3n los casos de meningitis infantil<\/strong>, lo que podr\u00eda cambiar los protocolos actuales de cribado basados en punci\u00f3n lumbar.\n<\/p>\n<p class=\"article-body__text \">\n        La <strong>meningitis <\/strong>es una inflamaci\u00f3n de las membranas que recubren el cerebro y la m\u00e9dula espinal y, cuando su origen es bacteriano o f\u00fangico, puede resultar mortal si no se diagnostica y trata de forma precoz.\n<\/p>\n<p class=\"article-body__text \">\n        Incluso en los casos en que <strong>se supera la enfermedad, pueden quedar secuelas graves, como deterioro neurol\u00f3gico o trastornos cognitivos.<\/strong>\n<\/p>\n<p class=\"article-body__text \">\n        Pese a los avances m\u00e9dicos de las \u00faltimas d\u00e9cadas, la meningitis sigue representando una grave amenaza para la salud infantil, especialmente en pa\u00edses de ingresos bajos y medios, donde las dificultades para un diagn\u00f3stico temprano agravan su impacto.\n<\/p>\n<p>  El diagn\u00f3stico actual, invasivo y poco pr\u00e1ctico<\/p>\n<p class=\"article-body__text \">\n        Actualmente, el diagn\u00f3stico de la meningitis requiere de una punci\u00f3n lumbar para obtener l\u00edquido cefalorraqu\u00eddeo, que posteriormente se analiza en el laboratorio en busca de signos de inflamaci\u00f3n, como un recuento elevado de gl\u00f3bulos blancos. <strong>Se trata de una t\u00e9cnica invasiva, con riesgos asociados y con importantes limitaciones pr\u00e1cticas.<\/strong>\n<\/p>\n<p class=\"article-body__text \">\n        En los pa\u00edses de ingresos altos, se realiza de forma protocolaria incluso en casos de baja sospecha, lo que se traduce en un gran n\u00famero de resultados \u00ab<strong>normales<\/strong>\u00bb y por tanto por un bajo rendimiento diagn\u00f3stico.\n<\/p>\n<p>            <a href=\"https:\/\/www.noticiasdenavarra.com\/salud\/2024\/04\/18\/meningitis-son-sintomas-grupos-riesgo-8132626.html\" title=\"Meningitis: \u00bfCu\u00e1les son sus s\u00edntomas y grupos de riesgo?\" class=\"new__media\" rel=\"nofollow noopener\" target=\"_blank\"><\/p>\n<p>                <img alt=\"Meningitis: \u00bfCu\u00e1les son sus s\u00edntomas y grupos de riesgo?\" data-src=\"https:\/\/www.europesays.com\/es\/wp-content\/uploads\/2025\/07\/d0dc53d9-4784-43a6-aa44-604df987314a_16-9-aspect-ratio_default_0_x3754y1890.jpg\" class=\"lozad\"\/><\/p>\n<p>        <\/a><\/p>\n<p>        <a href=\"https:\/\/www.noticiasdenavarra.com\/salud\/2024\/04\/18\/meningitis-son-sintomas-grupos-riesgo-8132626.html\" title=\"Meningitis: \u00bfCu\u00e1les son sus s\u00edntomas y grupos de riesgo?\" class=\"new__headline\" rel=\"nofollow noopener\" target=\"_blank\"><br \/>\n            Meningitis: \u00bfCu\u00e1les son sus s\u00edntomas y grupos de riesgo?<br \/>\n        <\/a><\/p>\n<p class=\"article-body__text \">\n        En cambio, en los pa\u00edses de ingresos bajos, la falta de recursos hace que la prueba apenas se practique, lo que<strong> conlleva un infradiagn\u00f3stico importante o, en muchos casos, diagn\u00f3sticos emp\u00edricos y a menudo inexactos.<\/strong>\n<\/p>\n<p>  La alternativa, un dispositivo de ultrasonido<\/p>\n<p class=\"article-body__text \">\n        El objetivo del estudio era validar el dispositivo Neosonics, que utiliza ultrasonido de alta frecuencia aplicado a trav\u00e9s de la fontanela abierta de los beb\u00e9s -un espacio membranoso entre los huesos del cr\u00e1neo, que a\u00fan no ha acabado de cerrarse- para visualizar y analizar el l\u00edquido cefalorraqu\u00eddeo.\n<\/p>\n<p class=\"article-body__text \">\n        <strong>Un algoritmo de &#8216;deep learning&#8217; analiza las im\u00e1genes, visualiza y cuenta las c\u00e9lulas<\/strong>, y determina si hay signos inflamatorios compatibles con meningitis.\n<\/p>\n<p>            <a href=\"https:\/\/www.noticiasdenavarra.com\/sociedad\/2023\/05\/09\/menor-14-anos-muere-cadiz-6784067.html\" title=\"Una menor de 14 a\u00f1os muere en C\u00e1diz al confundir los m\u00e9dicos una meningitis con una violaci\u00f3n\" class=\"new__media\" rel=\"nofollow noopener\" target=\"_blank\"><\/p>\n<p>                <img alt=\"Una menor de 14 a\u00f1os muere en C\u00e1diz al confundir los m\u00e9dicos una meningitis con una violaci\u00f3n\" data-src=\"https:\/\/www.europesays.com\/es\/wp-content\/uploads\/2025\/07\/eb9f8049-4e32-437d-b6e5-fb0c4fc83d67_16-9-aspect-ratio_default_0_x465y276.jpg\" class=\"lozad\"\/><\/p>\n<p>        <\/a><\/p>\n<p>        <a href=\"https:\/\/www.noticiasdenavarra.com\/sociedad\/2023\/05\/09\/menor-14-anos-muere-cadiz-6784067.html\" title=\"Una menor de 14 a\u00f1os muere en C\u00e1diz al confundir los m\u00e9dicos una meningitis con una violaci\u00f3n\" class=\"new__headline\" rel=\"nofollow noopener\" target=\"_blank\"><br \/>\n            Una menor de 14 a\u00f1os muere en C\u00e1diz al confundir los m\u00e9dicos una meningitis con una violaci\u00f3n<br \/>\n        <\/a><\/p>\n<p class=\"article-body__text \">\n        El estudio, financiado por la <strong>Fundaci\u00f3n Bill y Melinda Gates<\/strong>, se realiz\u00f3 entre 2020 y 2023, e incluy\u00f3 a m\u00e1s de 200 beb\u00e9s de hasta 24 meses de los hospitales Sant Joan de D\u00e9u, La Paz y Quironsalud -en Espa\u00f1a-, adem\u00e1s del Hospital Central de Maputo (Mozambique) y el H\u00f4pital d&#8217;Enfants de Rabat-Ibn Sina (Marruecos).\n<\/p>\n<p class=\"article-body__text \">\n        La investigadora del ISGlobal y autora principal del estudio, Sara Ajanovic, ha explicado que el <strong>dispositivo \u00abfue capaz de clasificar correctamente 17 de 18 casos con meningitis y 55 de los 58 controles sin meningitis\u00bb.<\/strong>\n<\/p>\n<p class=\"article-body__text \">\n        Concretamente, ha precisado, <strong>\u00abdetect\u00f3 niveles elevados de gl\u00f3bulos blancos en el l\u00edquido cefalorraqu\u00eddeo con aproximadamente un 94 % de sensibilidad y un 95 % de especificidad\u00bb<\/strong>.\n<\/p>\n<p class=\"article-body__text \">\n        El nuevo dispositivo -bajo coste, port\u00e1til y f\u00e1cil de usar- no solo permite reducir el n\u00famero de punciones lumbares, sino que tambi\u00e9n puede aplicarse en pacientes cl\u00ednicamente inestables, donde una punci\u00f3n lumbar est\u00e1 contraindicada.\n<\/p>\n<p class=\"article-body__text \">\n        Adem\u00e1s, la introducci\u00f3n de una herramienta no invasiva puede reducir el uso innecesario de antibi\u00f3ticos, prevenir complicaciones asociadas a la punci\u00f3n lumbar, y mejorar el diagn\u00f3stico temprano, as\u00ed como el seguimiento no invasivo de la respuesta al tratamiento.\n<\/p>\n<p>  La IA y el futuro del diagn\u00f3stico<\/p>\n<p class=\"article-body__text \">\n        La validaci\u00f3n de Neosonics representa un primer paso hacia su futura incorporaci\u00f3n en la pr\u00e1ctica cl\u00ednica, pero en paralelo, otros estudios coordinados por ISGlobal exploran el potencial de integrar la<strong> Inteligencia Artificial (IA) <\/strong>con tecnolog\u00eda de ultrasonido para optimizar la interpretaci\u00f3n de los resultados.\n<\/p>\n<p class=\"article-body__text \">\n        Gracias al uso de algoritmos avanzados, la IA permite analizar m\u00e9tricas de imagen y detectar patrones de textura asociados a la presencia de c\u00e9lulas inflamatorias en el l\u00edquido cefalorraqu\u00eddeo, lo que<strong> mejora la capacidad diagn\u00f3stica del sistema en casos de meningitis infantil.\u00a0<\/strong><\/p>\n","protected":false},"excerpt":{"rendered":"Un estudio internacional liderado por el Instituto de Salud Global de Barcelona (ISGlobal) demuestra la eficacia de una&hellip;\n","protected":false},"author":2,"featured_media":10494,"comment_status":"","ping_status":"","sticky":false,"template":"","format":"standard","meta":{"footnotes":""},"categories":[92],"tags":[6214,25,24,165,7289,7678,3227,2761,166,23],"class_list":{"0":"post-10493","1":"post","2":"type-post","3":"status-publish","4":"format-standard","5":"has-post-thumbnail","7":"category-salud","8":"tag-detectar","9":"tag-es","10":"tag-espana","11":"tag-health","12":"tag-invasiva","13":"tag-meningitis","14":"tag-permite","15":"tag-prueba","16":"tag-salud","17":"tag-spain"},"share_on_mastodon":{"url":"","error":""},"_links":{"self":[{"href":"https:\/\/www.europesays.com\/es\/wp-json\/wp\/v2\/posts\/10493","targetHints":{"allow":["GET"]}}],"collection":[{"href":"https:\/\/www.europesays.com\/es\/wp-json\/wp\/v2\/posts"}],"about":[{"href":"https:\/\/www.europesays.com\/es\/wp-json\/wp\/v2\/types\/post"}],"author":[{"embeddable":true,"href":"https:\/\/www.europesays.com\/es\/wp-json\/wp\/v2\/users\/2"}],"replies":[{"embeddable":true,"href":"https:\/\/www.europesays.com\/es\/wp-json\/wp\/v2\/comments?post=10493"}],"version-history":[{"count":0,"href":"https:\/\/www.europesays.com\/es\/wp-json\/wp\/v2\/posts\/10493\/revisions"}],"wp:featuredmedia":[{"embeddable":true,"href":"https:\/\/www.europesays.com\/es\/wp-json\/wp\/v2\/media\/10494"}],"wp:attachment":[{"href":"https:\/\/www.europesays.com\/es\/wp-json\/wp\/v2\/media?parent=10493"}],"wp:term":[{"taxonomy":"category","embeddable":true,"href":"https:\/\/www.europesays.com\/es\/wp-json\/wp\/v2\/categories?post=10493"},{"taxonomy":"post_tag","embeddable":true,"href":"https:\/\/www.europesays.com\/es\/wp-json\/wp\/v2\/tags?post=10493"}],"curies":[{"name":"wp","href":"https:\/\/api.w.org\/{rel}","templated":true}]}}