{"id":104935,"date":"2025-09-10T06:21:15","date_gmt":"2025-09-10T06:21:15","guid":{"rendered":"https:\/\/www.europesays.com\/es\/104935\/"},"modified":"2025-09-10T06:21:15","modified_gmt":"2025-09-10T06:21:15","slug":"la-terrible-verdad-del-caso-maria-pombo-no-es-sobre-los-libros","status":"publish","type":"post","link":"https:\/\/www.europesays.com\/es\/104935\/","title":{"rendered":"La terrible verdad del \u2018caso Mar\u00eda Pombo\u2019 no es sobre los libros"},"content":{"rendered":"<p class=\"article-text\">\n        Hab\u00edan pasado a\u00f1os desde la \u00faltima vez que alguien denost\u00f3 la lectura en p\u00fablico y hab\u00eda ganas, a qu\u00e9 negarlo. Ganas de ser ofendidos, quiero decir, porque no eres nadie si no te denigra una influencer. Constitu\u00eda una mala se\u00f1al que los cultivados, ilustrados, intelectuales o simplemente le\u00eddos, llev\u00e1ramos tantos a\u00f1os sin ser insultados.\u00a0\n    <\/p>\n<p class=\"article-text\">\n        Mar\u00eda Pombo nos lo puso f\u00e1cil y las conclusiones del rifirrafe son a\u00fan m\u00e1s terribles. La intelligentsia entr\u00f3 en tromba: llevaba a\u00f1os deseando ense\u00f1ar el carn\u00e9 de la biblioteca. Si me hubieran dicho que iba a ver tantos articulistas dedicarle p\u00e1rrafos y p\u00e1rrafos a una mujer cuyo nombre muchos desconoc\u00edamos hasta el d\u00eda antes, no lo hubiera cre\u00eddo. Para enterarme de la pol\u00e9mica me document\u00e9. Vi algunas de sus stories y no me pareci\u00f3 alguien muy distinto de Isabel Preysler, pero en otra generaci\u00f3n. Personas que viven de vender sus vidas (antes a \u00a1Hola!, ahora en las redes). La diferencia es que la profesi\u00f3n de Preysler era \u201cfamosa\u201d. Pombo es una \u201ccreadora de contenido\u201d, profesi\u00f3n de referencia del capitalismo de la atenci\u00f3n, en el que todo el mundo pugna por engancharnos emocionalmente, para luego cobrarnos o poner nuestro cerebro a disposici\u00f3n de los anunciantes.\n    <\/p>\n","protected":false},"excerpt":{"rendered":"Hab\u00edan pasado a\u00f1os desde la \u00faltima vez que alguien denost\u00f3 la lectura en p\u00fablico y hab\u00eda ganas, a&hellip;\n","protected":false},"author":2,"featured_media":104936,"comment_status":"","ping_status":"","sticky":false,"template":"","format":"standard","meta":{"footnotes":""},"categories":[172],"tags":[224,6985,146,147,25,24,225,1932,689,10595,23,27287],"class_list":{"0":"post-104935","1":"post","2":"type-post","3":"status-publish","4":"format-standard","5":"has-post-thumbnail","7":"category-libros","8":"tag-books","9":"tag-caso","10":"tag-entertainment","11":"tag-entretenimiento","12":"tag-es","13":"tag-espana","14":"tag-libros","15":"tag-maria","16":"tag-no","17":"tag-pombo","18":"tag-spain","19":"tag-terrible"},"share_on_mastodon":{"url":"","error":""},"_links":{"self":[{"href":"https:\/\/www.europesays.com\/es\/wp-json\/wp\/v2\/posts\/104935","targetHints":{"allow":["GET"]}}],"collection":[{"href":"https:\/\/www.europesays.com\/es\/wp-json\/wp\/v2\/posts"}],"about":[{"href":"https:\/\/www.europesays.com\/es\/wp-json\/wp\/v2\/types\/post"}],"author":[{"embeddable":true,"href":"https:\/\/www.europesays.com\/es\/wp-json\/wp\/v2\/users\/2"}],"replies":[{"embeddable":true,"href":"https:\/\/www.europesays.com\/es\/wp-json\/wp\/v2\/comments?post=104935"}],"version-history":[{"count":0,"href":"https:\/\/www.europesays.com\/es\/wp-json\/wp\/v2\/posts\/104935\/revisions"}],"wp:featuredmedia":[{"embeddable":true,"href":"https:\/\/www.europesays.com\/es\/wp-json\/wp\/v2\/media\/104936"}],"wp:attachment":[{"href":"https:\/\/www.europesays.com\/es\/wp-json\/wp\/v2\/media?parent=104935"}],"wp:term":[{"taxonomy":"category","embeddable":true,"href":"https:\/\/www.europesays.com\/es\/wp-json\/wp\/v2\/categories?post=104935"},{"taxonomy":"post_tag","embeddable":true,"href":"https:\/\/www.europesays.com\/es\/wp-json\/wp\/v2\/tags?post=104935"}],"curies":[{"name":"wp","href":"https:\/\/api.w.org\/{rel}","templated":true}]}}