{"id":104939,"date":"2025-09-10T06:23:13","date_gmt":"2025-09-10T06:23:13","guid":{"rendered":"https:\/\/www.europesays.com\/es\/104939\/"},"modified":"2025-09-10T06:23:13","modified_gmt":"2025-09-10T06:23:13","slug":"10-discos-iconicos-que-estuvieron-a-punto-de-tener-otro-nombre","status":"publish","type":"post","link":"https:\/\/www.europesays.com\/es\/104939\/","title":{"rendered":"10 discos ic\u00f3nicos que estuvieron a punto de tener otro nombre"},"content":{"rendered":"<p>El proceso de hacer un disco tiene muchas etapas y momentos y durante \u00e9l pueden modificarse las canciones, los m\u00fasicos o el t\u00edtulo de la obra. A continuaci\u00f3n, repasamos <strong>10 discos ic\u00f3nicos que se iban a llamar de otra manera<\/strong>.<\/p>\n<p><strong>Radiohead &#8211; Hail To The Thief<\/strong> <\/p>\n<p>Como t\u00edtulo para este disco, <strong>la banda inglesa hab\u00eda considerado The Gloaming<\/strong>, nombre de los demos que <strong><a href=\"https:\/\/indiehoy.com\/historias\/como-se-vincula-creep-de-radiohead-con-frank-sinatra-thom-yorke-lo-explica\/\" target=\"_blank\" rel=\"noreferrer noopener nofollow\">Thom Yorke<\/a><\/strong> compuso como semilla de este \u00e1lbum y que finalmente formar\u00edan parte de la versi\u00f3n final. Sin embargo, esta idea fue descartada por resultar demasiado po\u00e9tica, por lo que buscaron otro nombre que no coincidiera con ninguna de las canciones.<\/p>\n<p><strong>The Beatles &#8211; Revolver<\/strong><\/p>\n<p>Gran parte de los discos de <strong><a href=\"https:\/\/indiehoy.com\/noticias\/the-beatles-reeditan-anthology-serie-en-disney-el-esperado-anthology-4-y-mas\/\" target=\"_blank\" rel=\"noreferrer noopener nofollow\">The Beatles<\/a><\/strong> fueron concebidos con t\u00edtulos distintos a los que finalmente tuvieron. <strong>Revolver, el disco bisagra de la banda, iba a llamarse Abracadabra, pero descubrieron que ya hab\u00eda sido utilizado por otro grupo<\/strong>. De hecho, otros nombres que se barajaron fueron Magic Circle, Four Sides of the Circle, After Geography, entre otros.<\/p>\n<p><strong>Led Zeppelin &#8211; Presence<\/strong><\/p>\n<p>Este disco <strong>iba a llamarse Obelisk, un elemento que todav\u00eda mantiene conexi\u00f3n con el producto final<\/strong>, ya que en la portada se ve a una familia sentada alrededor de una especie de obelisco negro, algo que podr\u00eda recordar el juego de la copa. En consonancia con la idea de convocar energ\u00edas sobrenaturales, el \u00e1lbum termin\u00f3 llam\u00e1ndose Presence.<\/p>\n<p><strong>The Clash &#8211; London Calling<\/strong><\/p>\n<p><strong>Last Testament iba a ser el t\u00edtulo original de <a href=\"https:\/\/indiehoy.com\/historias\/quien-rompe-el-bajo-en-la-portada-de-london-calling-disco-de-the-clash\/\" target=\"_blank\" rel=\"noreferrer noopener nofollow\">este \u00e1lbum<\/a>, que luego termin\u00f3 llevando el nombre de una de sus canciones m\u00e1s conocidas<\/strong>. De todos modos, este nombre no qued\u00f3 completamente descartado, ya que as\u00ed se llam\u00f3 el DVD editado en los a\u00f1os 2000 sobre c\u00f3mo se hizo el disco: The Last Testament \u2013 The Making of London Calling.<\/p>\n<p><strong>Sex Pistols &#8211; Never Mind the Bollocks &#8230; Here\u2019s the Sex Pistols<\/strong><\/p>\n<p>A tono con la canci\u00f3n \u00ab<a href=\"https:\/\/indiehoy.com\/historias\/6-datos-de-god-save-the-queen-el-himno-de-los-sex-pistols\/\" target=\"_blank\" rel=\"noreferrer noopener nofollow\">God Save the Queen<\/a>\u00ab, una de las m\u00e1s importantes del \u00e1lbum, <strong>el primer nombre pensado para este disco fue God Save the Sex Pistols<\/strong>, haciendo una referencia ir\u00f3nica al himno patri\u00f3tico del Reino Unido, dado que la banda se opon\u00eda a toda forma de autoridad.<\/p>\n<p><strong>Pink Floyd &#8211; The Dark Side of the Moon<\/strong><\/p>\n<p>Este es uno de los t\u00edtulos m\u00e1s famosos del rock. Nos encontramos ante un caso particular, ya que <strong>el primer nombre que pens\u00f3 la banda para el disco fue The Dark Side of the Moon<\/strong>, pero descubrieron que Medicine Head ten\u00eda un \u00e1lbum hom\u00f3nimo y lo cambiaron a Eclipse. Sin embargo, esta modificaci\u00f3n no dur\u00f3 mucho, ya que al ver que el disco de Medicine Head no hab\u00eda logrado gran \u00e9xito, no representaba un problema mantener el mismo nombre.<\/p>\n<p><strong>Nirvana &#8211; Nevermind<\/strong><\/p>\n<p>Cuesta imaginar otro nombre para <a href=\"https:\/\/indiehoy.com\/historias\/los-10-mejores-discos-de-grunge-de-todos-los-tiempos-segun-especialistas\/\" target=\"_blank\" rel=\"noreferrer noopener nofollow\">el disco m\u00e1s emblem\u00e1tico y popular del grunge<\/a>. Aunque el t\u00edtulo no hace referencia a ning\u00fan tema del \u00e1lbum, s\u00ed refleja la actitud rebelde que impulsa tanto al disco como a la banda. <strong>El primer nombre ideado por <a href=\"https:\/\/indiehoy.com\/historias\/dia-del-nino-asi-lucian-kurt-cobain-david-bowie-y-mas-de-pequenos\/\" target=\"_blank\" rel=\"noreferrer noopener nofollow\">Kurt Cobain<\/a> fue Sheep, en referencia al reba\u00f1o de ovejas<\/strong>: \u00abPorque no quieres; porque todos los dem\u00e1s lo son\u00bb, dec\u00eda un falso anuncio en el diario sobre este trabajo. Finalmente, <a href=\"https:\/\/indiehoy.com\/indieayer\/nirvana-y-los-30-anos-de-nevermind-el-disco-que-inicio-la-decada-de-los-noventa\/\" target=\"_blank\" rel=\"noreferrer noopener nofollow\">Nevermind<\/a> surgi\u00f3 de la imaginaci\u00f3n de <strong>Krist Novoselic<\/strong>.<\/p>\n<p><strong>David Bowie &#8211; Low<\/strong><\/p>\n<p>Este fue uno de los discos m\u00e1s importantes de la carrera de Bowie, grabado en Berl\u00edn mientras intentaba luchar contra su adicci\u00f3n a las drogas. <strong>Durante la grabaci\u00f3n, el m\u00fasico hab\u00eda decidido titularlo New Music Night and Day, aunque finalmente esta idea qued\u00f3 descartada<\/strong>.<\/p>\n<p><strong>The Who &#8211; Tommy<\/strong><\/p>\n<p>Esta \u00f3pera rock <strong>ten\u00eda como t\u00edtulo inicial The Deaf, Dumb &amp; Blind Boy, que hac\u00eda referencia a un chico sordo, mudo y ciego<\/strong>. Aunque esto alud\u00eda a la trama principal de la obra, ya que narraba la situaci\u00f3n del joven que qued\u00f3 en esas condiciones tras un evento traum\u00e1tico, habr\u00eda sido demasiado revelador usarlo como t\u00edtulo, por lo que la banda opt\u00f3 simplemente por Tommy.<\/p>\n<p><strong>The Beatles &#8211; Abbey Road<\/strong><\/p>\n<p>Este fue uno de los discos m\u00e1s ic\u00f3nicos de la banda, no solo porque marc\u00f3 el final de su carrera, sino tambi\u00e9n porque hac\u00eda referencia al m\u00edtico estudio donde grababan y por su portada, considerada una de las m\u00e1s famosas de todos los tiempos. <strong>Este \u00e1lbum iba a llamarse Everest, en referencia a la marca de cigarrillos que fumaba el ingeniero de grabaci\u00f3n Geoff Emerick<\/strong>, y la portada iba a consistir en una fotograf\u00eda del Himalaya. De todos modos, ambas ideas quedaron descartadas.<\/p>\n","protected":false},"excerpt":{"rendered":"El proceso de hacer un disco tiene muchas etapas y momentos y durante \u00e9l pueden modificarse las canciones,&hellip;\n","protected":false},"author":2,"featured_media":104940,"comment_status":"","ping_status":"","sticky":false,"template":"","format":"standard","meta":{"footnotes":""},"categories":[170],"tags":[21695,146,147,25,24,8979,184,185,513,2184,3529,36521,23,6620,36522,28344],"class_list":{"0":"post-104939","1":"post","2":"type-post","3":"status-publish","4":"format-standard","5":"has-post-thumbnail","7":"category-musica","8":"tag-david-bowie","9":"tag-entertainment","10":"tag-entretenimiento","11":"tag-es","12":"tag-espana","13":"tag-led-zeppelin","14":"tag-music","15":"tag-musica","16":"tag-nirvana","17":"tag-pink-floyd","18":"tag-radiohead","19":"tag-sex-pistols","20":"tag-spain","21":"tag-the-beatles","22":"tag-the-clash","23":"tag-the-who"},"share_on_mastodon":{"url":"","error":""},"_links":{"self":[{"href":"https:\/\/www.europesays.com\/es\/wp-json\/wp\/v2\/posts\/104939","targetHints":{"allow":["GET"]}}],"collection":[{"href":"https:\/\/www.europesays.com\/es\/wp-json\/wp\/v2\/posts"}],"about":[{"href":"https:\/\/www.europesays.com\/es\/wp-json\/wp\/v2\/types\/post"}],"author":[{"embeddable":true,"href":"https:\/\/www.europesays.com\/es\/wp-json\/wp\/v2\/users\/2"}],"replies":[{"embeddable":true,"href":"https:\/\/www.europesays.com\/es\/wp-json\/wp\/v2\/comments?post=104939"}],"version-history":[{"count":0,"href":"https:\/\/www.europesays.com\/es\/wp-json\/wp\/v2\/posts\/104939\/revisions"}],"wp:featuredmedia":[{"embeddable":true,"href":"https:\/\/www.europesays.com\/es\/wp-json\/wp\/v2\/media\/104940"}],"wp:attachment":[{"href":"https:\/\/www.europesays.com\/es\/wp-json\/wp\/v2\/media?parent=104939"}],"wp:term":[{"taxonomy":"category","embeddable":true,"href":"https:\/\/www.europesays.com\/es\/wp-json\/wp\/v2\/categories?post=104939"},{"taxonomy":"post_tag","embeddable":true,"href":"https:\/\/www.europesays.com\/es\/wp-json\/wp\/v2\/tags?post=104939"}],"curies":[{"name":"wp","href":"https:\/\/api.w.org\/{rel}","templated":true}]}}