{"id":104943,"date":"2025-09-10T06:25:10","date_gmt":"2025-09-10T06:25:10","guid":{"rendered":"https:\/\/www.europesays.com\/es\/104943\/"},"modified":"2025-09-10T06:25:10","modified_gmt":"2025-09-10T06:25:10","slug":"vuelta-a-espana-no-contempla-plan-b-ante-protestas","status":"publish","type":"post","link":"https:\/\/www.europesays.com\/es\/104943\/","title":{"rendered":"Vuelta a Espa\u00f1a no contempla plan B ante protestas"},"content":{"rendered":"<p class=\"mb-4 text-lg md:leading-8 break-words\">Por segunda vez en la edici\u00f3n 2025, <b>La Vuelta a Espa\u00f1a<\/b> tuvo que cortar una etapa debido a <a href=\"https:\/\/www.eleconomista.com.mx\/deportes\/protestas-pro-palestina-frenan-vuelta-espana-20250903-775667.html\" rel=\"nofollow noopener\" target=\"_blank\" data-ylk=\"slk:protestas contra Israel;elm:context_link;itc:0;sec:content-canvas\" class=\"link \">protestas contra Israel<\/a> por la situaci\u00f3n de violencia en Franja de Gaza.<\/p>\n<p class=\"mb-4 text-lg md:leading-8 break-words\">Ocurri\u00f3 este martes, en la <b>etapa 16<\/b>, cuando un grupo de manifestantes con banderas de Palestina bloque\u00f3 la carretera desde tres kil\u00f3metros antes de la l\u00ednea de meta en <b>Mos<\/b> (Galicia), despu\u00e9s de un ciclo de media monta\u00f1a que inici\u00f3 en Poyo.<\/p>\n<p class=\"mb-4 text-lg md:leading-8 break-words\">Ante esto, los organizadores decidieron finalizar la etapa ocho kil\u00f3metros antes de lo establecido. El ganador fue el colombiano<b> Egan Bernal,<\/b> del equipo <b>Ineos-Grenadiers<\/b>, con un tiempo oficial de tres horas, 35 minutos y 10 segundos. El podio lo completaron el espa\u00f1ol <b>Mikel Landa<\/b> (Soudal Quick-Step) y el franc\u00e9s<b> Brieuc Rolland<\/b> (Groupama-FDJ).<\/p>\n<p class=\"mb-4 text-lg md:leading-8 break-words\">Apenas el 3 de septiembre hubo otra manifestaci\u00f3n en contra de Israel que termin\u00f3 la etapa 11 prematuramente. En esa ocasi\u00f3n no hubo ganador.<\/p>\n<p class=\"mb-4 text-lg md:leading-8 break-words\">\u201cLa medida de acabar a ocho kil\u00f3metros era buena, vistas las circunstancias, y eso que hoy hab\u00eda m\u00e1s efectivos de seguridad que otros d\u00edas. Esto no se puede legitimar, hay actos que ponen en peligro la integridad f\u00edsica de todos\u201d, enfatiz\u00f3 el director de La Vuelta a Espa\u00f1a, Javier Guill\u00e9n.<\/p>\n<p class=\"mb-4 text-lg md:leading-8 break-words\">Seg\u00fan el sitio oficial de la competencia, se han recorrido 2,558 kil\u00f3metros en estas 16 etapas. El l\u00edder de la clasificaci\u00f3n general sigue siendo el dan\u00e9s <b>Jonas Vingegaard<\/b> (Visma\/Lease a Bike), quien tom\u00f3 la cima desde la etapa 10.<\/p>\n<p class=\"mb-4 text-lg md:leading-8 break-words\">El propio Vingegaard lament\u00f3 esta situaci\u00f3n: \u201cEs una pena que esto haya vuelto a ocurrir. Todos tienen derecho a protestar, pero es una pena que tenga que ocurrir aqu\u00ed y de esta manera, que no podamos terminar la carrera. Es una pena que la afici\u00f3n ciclista espa\u00f1ola no haya podido disfrutar de un final emocionante\u201d.<\/p>\n<p class=\"mb-4 text-lg md:leading-8 break-words\">Por otra parte,<b> Egan Bernal<\/b> se mostr\u00f3 contento de volver a ganar una etapa en un major de ciclismo. Lo hab\u00eda hecho dos veces en el Giro de Italia 2021 (etapas 9 y 16), pero nunca en <b>La<\/b> <b>Vuelta a Espa\u00f1a<\/b>.<\/p>\n<p class=\"mb-4 text-lg md:leading-8 break-words\">\u201cEs algo muy especial. Ganar una etapa en La Vuelta es algo que hab\u00eda estado buscando con muchas ganas despu\u00e9s de todo lo que me sucedi\u00f3 en los \u00faltimos a\u00f1os. Tambi\u00e9n est\u00e1 lo especial de haber ganado con la camiseta del equipo nacional, que tiene el estilo cl\u00e1sico de Caf\u00e9 de Colombia\u201d.<\/p>\n<p class=\"mb-4 text-lg md:leading-8 break-words\">Bernal sufri\u00f3 un fuerte accidente en 2022, mientras entrenaba en su pa\u00eds, que lo dej\u00f3 en 60% de riesgo de muerte, seg\u00fan un an\u00e1lisis m\u00e9dico con estudios de la Universidad de La Sabana. Tuvo 17 huesos fracturados, hemorragias y dificultad para respirar.<\/p>\n<p class=\"mb-4 text-lg md:leading-8 break-words\">El colombiano volvi\u00f3 a competir un major en el <b>Tour de Francia 2023<\/b>, recordando que ya hab\u00eda sido campe\u00f3n all\u00ed en 2019. Tambi\u00e9n gan\u00f3 la clasificaci\u00f3n general del Giro de Italia en 2021, que siguen siendo sus m\u00e1ximos t\u00edtulos.<\/p>\n<p class=\"mb-4 text-lg md:leading-8 break-words\">Por eso vivi\u00f3 con emoci\u00f3n el triunfo en la etapa 16 de <b>La Vuelta a Espa\u00f1a 2025<\/b>, a pesar del contexto complicado por las manifestaciones.<\/p>\n<p class=\"mb-4 text-lg md:leading-8 break-words\">\u201cCuando decid\u00ed continuar corriendo fue porque fue porque quer\u00eda inspirar a la gente. Lo que quiero decirles es que, cuando realmente quieres algo, lo puedes lograr. Hay que ser perseverante y encontrar motivaci\u00f3n, cosa que muchas veces no es f\u00e1cil. A veces, lo m\u00e1s f\u00e1cil es rendirse\u201d, expres\u00f3 este martes, recordando su regreso al ciclismo de alto rendimiento.<\/p>\n<p class=\"mb-4 text-lg md:leading-8 break-words\">Quien no mostr\u00f3 el mismo entusiasmo fue <b>Javier<\/b> <b>Guill\u00e9n<\/b>. Compareci\u00f3 a una conferencia de prensa extraordinaria para exponer las dificultades de la competencia, aunque asegur\u00f3 que todo se mantiene firme para el cierre el 14 de septiembre.<\/p>\n<p class=\"mb-4 text-lg md:leading-8 break-words\">\u201cLo que queremos es trabajar para llegar a Madrid, no se contempla un plan B (\u2026) Todos queremos que llegue la paz a Gaza, pero ahora estamos aqu\u00ed para sacar la carrera adelante, son las reglas que tenemos y entiendo que haya gente que no est\u00e9 de acuerdo, pero nos debemos someter al reglamento\u201d.<\/p>\n<p class=\"mb-4 text-lg md:leading-8 break-words\">Por ello, exalt\u00f3 la necesidad de mayores medidas de seguridad por parte de las autoridades: \u201cLa Vuelta es un evento deportivo al margen de cualquier posibilidad de que se arregle la cuesti\u00f3n que se est\u00e1 debatiendo estos d\u00edas. Pedimos poner el foco en que no se pueden consentir actitudes como las de hoy. Tambi\u00e9n tenemos en cuenta todos los esfuerzos que se est\u00e1n haciendo para llegar a Madrid\u201d.<\/p>\n<p class=\"mb-4 text-lg md:leading-8 break-words\">Gran parte de las protestas se derivan de la participaci\u00f3n del equipo Israel Pro-Tech en los magnos eventos de ciclismo. Sin embargo, la<b> Uni\u00f3n Ciclista Internacional<\/b> (UCI) no lo ha expulsado de ninguna competencia.<\/p>\n<p class=\"mb-4 text-lg md:leading-8 break-words\">La etapa 17 est\u00e1 prevista para este mi\u00e9rcoles 10 de septiembre, con 143 kil\u00f3metros desde el municipio de El Barco de Valdeorras hasta Ponferrada.<\/p>\n","protected":false},"excerpt":{"rendered":"Por segunda vez en la edici\u00f3n 2025, La Vuelta a Espa\u00f1a tuvo que cortar una etapa debido a&hellip;\n","protected":false},"author":2,"featured_media":104944,"comment_status":"","ping_status":"","sticky":false,"template":"","format":"standard","meta":{"footnotes":""},"categories":[93],"tags":[168,14990,25,24,1256,11163,33643,23,167,36523,5411],"class_list":{"0":"post-104943","1":"post","2":"type-post","3":"status-publish","4":"format-standard","5":"has-post-thumbnail","7":"category-deportes","8":"tag-deportes","9":"tag-egan-bernal","10":"tag-es","11":"tag-espana","12":"tag-franja-de-gaza","13":"tag-giro-de-italia","14":"tag-javier-guillen","15":"tag-spain","16":"tag-sports","17":"tag-universidad-de-la-sabana","18":"tag-vuelta-a-espana"},"share_on_mastodon":{"url":"","error":""},"_links":{"self":[{"href":"https:\/\/www.europesays.com\/es\/wp-json\/wp\/v2\/posts\/104943","targetHints":{"allow":["GET"]}}],"collection":[{"href":"https:\/\/www.europesays.com\/es\/wp-json\/wp\/v2\/posts"}],"about":[{"href":"https:\/\/www.europesays.com\/es\/wp-json\/wp\/v2\/types\/post"}],"author":[{"embeddable":true,"href":"https:\/\/www.europesays.com\/es\/wp-json\/wp\/v2\/users\/2"}],"replies":[{"embeddable":true,"href":"https:\/\/www.europesays.com\/es\/wp-json\/wp\/v2\/comments?post=104943"}],"version-history":[{"count":0,"href":"https:\/\/www.europesays.com\/es\/wp-json\/wp\/v2\/posts\/104943\/revisions"}],"wp:featuredmedia":[{"embeddable":true,"href":"https:\/\/www.europesays.com\/es\/wp-json\/wp\/v2\/media\/104944"}],"wp:attachment":[{"href":"https:\/\/www.europesays.com\/es\/wp-json\/wp\/v2\/media?parent=104943"}],"wp:term":[{"taxonomy":"category","embeddable":true,"href":"https:\/\/www.europesays.com\/es\/wp-json\/wp\/v2\/categories?post=104943"},{"taxonomy":"post_tag","embeddable":true,"href":"https:\/\/www.europesays.com\/es\/wp-json\/wp\/v2\/tags?post=104943"}],"curies":[{"name":"wp","href":"https:\/\/api.w.org\/{rel}","templated":true}]}}