{"id":104951,"date":"2025-09-10T06:31:04","date_gmt":"2025-09-10T06:31:04","guid":{"rendered":"https:\/\/www.europesays.com\/es\/104951\/"},"modified":"2025-09-10T06:31:04","modified_gmt":"2025-09-10T06:31:04","slug":"el-gobierno-afronta-el-primer-gran-reves-del-curso-politico-tras-el-rechazo-de-las-derechas-a-reducir-la-jornada-laboral-espana","status":"publish","type":"post","link":"https:\/\/www.europesays.com\/es\/104951\/","title":{"rendered":"El Gobierno afronta el primer gran rev\u00e9s del curso pol\u00edtico tras el rechazo de las derechas a reducir la jornada laboral | Espa\u00f1a"},"content":{"rendered":"<p class=\"\">El Gobierno del PSOE y Sumar intenta aislar, minimizar y \u201cdesdramatizar\u201d la derrota que dan por descontada <a href=\"https:\/\/www.congreso.es\/es\/agenda\" target=\"_self\" rel=\"nofollow noopener\" title=\"https:\/\/www.congreso.es\/es\/agenda\">este mi\u00e9rcoles en el Congreso<\/a> del proyecto de reducir por ley en media hora diaria la jornada laboral que lleva vigente desde hace 40 a\u00f1os, con el mensaje de que la coalici\u00f3n gubernamental progresista no se detiene por ese nuevo tropiezo parlamentario que este mi\u00e9rcoles le proporcionar\u00e1n <a href=\"https:\/\/elpais.com\/espana\/2025-09-08\/junts-traslada-a-yolanda-diaz-su-rechazo-a-la-reduccion-de-la-jornada-laboral.html\" target=\"_self\" rel=\"nofollow noopener\" title=\"https:\/\/elpais.com\/espana\/2025-09-08\/junts-traslada-a-yolanda-diaz-su-rechazo-a-la-reduccion-de-la-jornada-laboral.html\">la alianza de derechas del PP, Vox, UPN y Junts<\/a>. Los portavoces del Ejecutivo y sus partidos se pusieron as\u00ed de acuerdo, tras discutir internamente sobre la oportunidad de aplazar la votaci\u00f3n, en ensalzar que en el mismo pleno de esta semana saldr\u00e1n adelante otras tres iniciativas de \u201cavances sociales\u201d pensadas para el bienestar de los ciudadanos, relacionadas con m\u00e1s permisos de nacimiento, la inclusi\u00f3n de las personas discapacitadas o la protecci\u00f3n digital de la infancia. Y las contrapusieron a retrocesos que achacaron a propuestas del PP.<\/p>\n<p class=\"\"><a href=\"https:\/\/elpais.com\/espana\/2025-09-03\/diaz-reconoce-las-dificultades-para-salvar-la-reduccion-de-jornada-y-se-saca-la-presion-de-encima-no-es-el-gobierno-el-que-falla.html\" target=\"_self\" rel=\"nofollow noopener\" title=\"https:\/\/elpais.com\/espana\/2025-09-03\/diaz-reconoce-las-dificultades-para-salvar-la-reduccion-de-jornada-y-se-saca-la-presion-de-encima-no-es-el-gobierno-el-que-falla.html\">El proyecto estrella de la vicepresidenta segunda y ministra de Trabajo, Yolanda D\u00edaz,<\/a> l\u00edder de Sumar, que se arroga el impulso de los grandes tantos progresistas de este mandato, decaer\u00e1 este mi\u00e9rcoles, salvo un giro de gui\u00f3n en el \u00faltimo momento. Ni D\u00edaz ni Sumar ni tampoco el PSOE renunciar\u00e1n a intentarlo de nuevo en otro momento. Entre otras razones, porque han concluido que este conato para rebajar la jornada laboral instalada hace cuatro d\u00e9cadas de 40 horas a 37,5 a la semana es respaldado por la mayor\u00eda de la sociedad y porque los responsables del voto negativo este mi\u00e9rcoles no han ofrecido razones de fondo a su oposici\u00f3n. \u201cHay derrotas que se ganan en la calle\u201d, sostuvo la vicepresidenta este martes en el Congreso.<\/p>\n<p class=\"\">\u201cNo es un problema de contenidos, sino de voluntad pol\u00edtica\u201d, razon\u00f3 Ver\u00f3nica Barbero, la portavoz de Sumar en el Congreso. Su hom\u00f3logo del PSOE, Patxi L\u00f3pez, arguy\u00f3 que el muro que le ha puesto ahora a ese texto Junts, el partido de Carles Puigdemont, es por \u201cpresiones\u201d concretas de determinados sectores de Catalu\u00f1a, en alusi\u00f3n indirecta pero clara a <a href=\"https:\/\/www.foment.com\/es\/\" target=\"_self\" rel=\"nofollow noopener\" title=\"https:\/\/www.foment.com\/es\/\">las patronales catalanes, Foment del Treball<\/a> y especialmente de la peque\u00f1a empresa. En el PSOE se afanaron as\u00ed por \u201cdesdramatizar\u201d ese varapalo puntual que le proporcionar\u00e1n en este caso diversos partidos de la derecha en el Congreso, aparentemente tan enfrentados como PP, Vox, UPN y Junts. Lo relacionan as\u00ed con sus previsibles intereses econ\u00f3micos y no con un objetivo m\u00e1s de fondo y \u201cabsoluto\u201d como derribar al Gobierno, algo que les preocupar\u00eda mucho m\u00e1s.<\/p>\n<p class=\"\">En Junts, sin embargo, denuncian que el Gobierno central no ha negociado nada con concreci\u00f3n y argumentan que no es el momento para aplicar de manera \u201cobligada y por ley\u201d esas pol\u00edticas para las peque\u00f1as empresas catalanas con el mantra de que la econom\u00eda de Espa\u00f1a sigue lastrada por una baja productividad, un alto absentismo y no la misma \u201ccultura del esfuerzo\u201d que atribuyen a Catalu\u00f1a. La portavoz de Junts en la C\u00e1mara baja, M\u00edriam Nogueras, deslig\u00f3 esa votaci\u00f3n de otras carpetas, de la futura negociaci\u00f3n para los Presupuestos Generales del Estado o de un giro en sus alianzas en Madrid con la derecha espa\u00f1ola.<\/p>\n<p class=\"\">\u201cEsta semana no se debate solo la reducci\u00f3n de la jornada laboral\u201d, fue como eligi\u00f3 comenzar su rueda de prensa semanal como portavoz en el Congreso el socialista L\u00f3pez. Y luego destac\u00f3 la relevancia social de otras propuestas, como la patrocinada por su partido para favorecer la inclusi\u00f3n laboral de las personas con discapacidad, el decreto de homologaci\u00f3n europea para ampliar los permisos de nacimiento a 19 semanas retribuidas, 32 para las familias monoparentales y dos m\u00e1s flexibles hasta que los menores cumplen 18 a\u00f1os y, finalmente, el proyecto de ley para proteger a los menores de edad de los entornos digitales, una norma \u201cpionera en Europa\u201d, como presumi\u00f3 el dirigente socialista.<\/p>\n<p class=\"\">En este Parlamento actual, donde todos los partidos, de la mayor\u00eda de investidura o del bloque de oposici\u00f3n, se miran de reojo en cada votaci\u00f3n, nada puede darse por seguro hasta el momento de pulsar el bot\u00f3n de la votaci\u00f3n. Ese foco de imprevisi\u00f3n se ha puesto sobre la relevante votaci\u00f3n de este mi\u00e9rcoles de la reducci\u00f3n de la jornada laboral, que desde PSOE y Sumar se cataloga como \u201chist\u00f3rica\u201d y beneficiosa para millones de trabajadores y sus familias, pero tambi\u00e9n se localiz\u00f3 unas horas este martes sobre la convalidaci\u00f3n del <a href=\"https:\/\/www.congreso.es\/constitucion\/ficheros\/leyes_espa\/rdl_009_2025.pdf\" rel=\"nofollow noopener\" target=\"_blank\">Real Decreto-ley por el que se ampl\u00eda el permiso de nacimiento y cuidados<\/a>. El Gobierno dio por hecho esa mejora, pero el PP se reserv\u00f3 su voto hasta el final. Finalmente, en un consenso inusual, todos los grupos, excepto Vox que se abstuvo, sacaron adelante la medida. <\/p>\n<p class=\"\">En el PSOE, sin embargo, se est\u00e1n acostumbrando a ese abismo recurrente en muchas votaciones. En su c\u00fapula no ocultan que habr\u00edan preferido empezar este periodo de sesiones sin esa emblem\u00e1tica derrota en la reducci\u00f3n de la jornada laboral, que el PP volver\u00e1 a catapultar como otro cap\u00edtulo m\u00e1s de su argumentario sobre que el Gobierno no gobierna ni tiene actividad legislativa alguna. Los socialistas intentaron aplazar este debate para ganar tiempo, en la Mesa, la Junta de Portavoces y hasta en la comisi\u00f3n correspondiente, presidida por una diputada de Sumar, pero la vicepresidenta Yolanda D\u00edaz estaba obstinada en provocar que el asunto llegara al pleno para retratar a todo el mundo y para subrayar que su formaci\u00f3n tiene todo el sentido de izquierdas dentro del Gobierno en su competici\u00f3n frontal y creciente con Podemos.<\/p>\n<p class=\"\">Ante esa tesitura, los partidos de la coalici\u00f3n asumen que la votaci\u00f3n se perder\u00e1 y ver\u00e1n la manera de poner a la derecha nacional y nacionalista ante el espejo de a qui\u00e9n perjudicar\u00e1n con esa posici\u00f3n. L\u00f3pez llev\u00f3 esa contraposici\u00f3n al l\u00edmite argumental: \u201cAs\u00ed se ver\u00e1 qui\u00e9n est\u00e1 por construir pol\u00edtica o alimentar la antipol\u00edtica\u201d. En el PP y Vox no asumen disfrutar ahora de ninguna alianza sustancial con Junts y lo limitan a una coincidencia espor\u00e1dica y econ\u00f3mica. En Junts precisan que no est\u00e1n en contra de reducir la jornada laboral sino de esta propuesta, aunque no precisan bien cu\u00e1l ser\u00eda su oferta.<\/p>\n<p class=\"\">\u201cEstamos trabajando para mejorar las condiciones de la clase trabajadora. Si no sale adelante, no es un punto final, es un punto y seguido. Esto es un proceso. Ya aprobamos con dificultades la reforma laboral, que ha logrado que uno de cada dos contratos sea indefinido. Los avances sociales nunca han sido f\u00e1ciles. Nunca hemos contado con el apoyo del PP. <a href=\"https:\/\/elpais.com\/espana\/2025-09-09\/el-gobierno-trata-de-darle-la-vuelta-a-la-votacion-de-la-reduccion-de-la-jornada-que-se-retraten-todos.html\" target=\"_self\" rel=\"nofollow noopener\" title=\"https:\/\/elpais.com\/espana\/2025-09-09\/el-gobierno-trata-de-darle-la-vuelta-a-la-votacion-de-la-reduccion-de-la-jornada-que-se-retraten-todos.html\">Que cada grupo se retrate. Los trabajadores saben que este Gobierno est\u00e1 de su lado\u201d, expuso la portavoz del Gobierno, Pilar Alegr\u00eda<\/a>, tras el Consejo de Ministros de este martes, informa <b>Carlos E. Cu\u00e9<\/b>.<\/p>\n<p class=\"\"> \u201cEl Parlamento es complejo, pero hay una mayor\u00eda que apuesta porque este pa\u00eds siga avanzando, y una minor\u00eda, de la derecha, que apuesta por retrocesos. Lo que se debate es una mejora clara para los trabajadores, y est\u00e1 trabajada con los agentes sociales\u201d, insisti\u00f3 Alegr\u00eda tras comenzar su comparecencia semanal con una serie de gr\u00e1ficos para mostrar el aumento de la inversi\u00f3n escolar del Ejecutivo desde 2018, con un incremento del 13% en profesores, el presupuesto educativo doblado, las becas disparadas en un 81% y la tasa de abandono descendiendo al 13%.<\/p>\n","protected":false},"excerpt":{"rendered":"El Gobierno del PSOE y Sumar intenta aislar, minimizar y \u201cdesdramatizar\u201d la derrota que dan por descontada este&hellip;\n","protected":false},"author":2,"featured_media":104952,"comment_status":"","ping_status":"","sticky":false,"template":"","format":"standard","meta":{"footnotes":""},"categories":[8],"tags":[17,18,3834,36524,4456,25,24,13,14,582,11,4451,3837,19,20,36526,28387,10026,35916,9,10,15,16,19025,36525,1699,3905,23,4453,12,2752,21,22,14424,23217,4454],"class_list":{"0":"post-104951","1":"post","2":"type-post","3":"status-publish","4":"format-standard","5":"has-post-thumbnail","7":"category-espana","8":"tag-breaking-news","9":"tag-breakingnews","10":"tag-carles-puigdemont","11":"tag-coaliciones-politicas","12":"tag-congreso-diputados","13":"tag-es","14":"tag-espana","15":"tag-featured-news","16":"tag-featurednews","17":"tag-gobierno","18":"tag-headlines","19":"tag-jornada-laboral","20":"tag-juntsxcat","21":"tag-latest-news","22":"tag-latestnews","23":"tag-leyes-ordinarias","24":"tag-leyes-organicas","25":"tag-ministerios","26":"tag-miriam-nogueras","27":"tag-news","28":"tag-noticias","29":"tag-noticias-destacadas","30":"tag-noticiasdestacadas","31":"tag-patronal","32":"tag-plenos-parlamentarios","33":"tag-psoe","34":"tag-sindicatos","35":"tag-spain","36":"tag-sumar","37":"tag-titulares","38":"tag-trabajo","39":"tag-ultimas-noticias","40":"tag-ultimasnoticias","41":"tag-votacion-parlamentaria","42":"tag-votaciones","43":"tag-yolanda-diaz"},"share_on_mastodon":{"url":"","error":""},"_links":{"self":[{"href":"https:\/\/www.europesays.com\/es\/wp-json\/wp\/v2\/posts\/104951","targetHints":{"allow":["GET"]}}],"collection":[{"href":"https:\/\/www.europesays.com\/es\/wp-json\/wp\/v2\/posts"}],"about":[{"href":"https:\/\/www.europesays.com\/es\/wp-json\/wp\/v2\/types\/post"}],"author":[{"embeddable":true,"href":"https:\/\/www.europesays.com\/es\/wp-json\/wp\/v2\/users\/2"}],"replies":[{"embeddable":true,"href":"https:\/\/www.europesays.com\/es\/wp-json\/wp\/v2\/comments?post=104951"}],"version-history":[{"count":0,"href":"https:\/\/www.europesays.com\/es\/wp-json\/wp\/v2\/posts\/104951\/revisions"}],"wp:featuredmedia":[{"embeddable":true,"href":"https:\/\/www.europesays.com\/es\/wp-json\/wp\/v2\/media\/104952"}],"wp:attachment":[{"href":"https:\/\/www.europesays.com\/es\/wp-json\/wp\/v2\/media?parent=104951"}],"wp:term":[{"taxonomy":"category","embeddable":true,"href":"https:\/\/www.europesays.com\/es\/wp-json\/wp\/v2\/categories?post=104951"},{"taxonomy":"post_tag","embeddable":true,"href":"https:\/\/www.europesays.com\/es\/wp-json\/wp\/v2\/tags?post=104951"}],"curies":[{"name":"wp","href":"https:\/\/api.w.org\/{rel}","templated":true}]}}