{"id":104961,"date":"2025-09-10T06:39:12","date_gmt":"2025-09-10T06:39:12","guid":{"rendered":"https:\/\/www.europesays.com\/es\/104961\/"},"modified":"2025-09-10T06:39:12","modified_gmt":"2025-09-10T06:39:12","slug":"el-piloto-que-murio-en-la-carrera-que-debia-ganar-para-ser-campeon-de-la-f1-y-que-creo-la-pista-donde-schumacher-corrio-por-primera-vez","status":"publish","type":"post","link":"https:\/\/www.europesays.com\/es\/104961\/","title":{"rendered":"El piloto que muri\u00f3 en la carrera que deb\u00eda ganar para ser campe\u00f3n de la F1 y que cre\u00f3 la pista donde Schumacher corri\u00f3 por primera vez"},"content":{"rendered":"<p><img alt=\"Wolfgang von Trips era el\" class=\"global-image\" decoding=\"async\" fetchpriority=\"high\" height=\"3234\" loading=\"eager\" src=\"https:\/\/www.europesays.com\/es\/wp-content\/uploads\/2025\/09\/G6TUQGGHNJBS3OSCZSJI2KG5PI.jpg\" width=\"5010\"\/>Wolfgang von Trips era el \u00faltimo descendiente de una dinast\u00eda  (Additional-Rights-Clearances-NA)<\/p>\n<p class=\"paragraph\">-No voy a trabajar en nuestras tierras, padre \u2013 anunci\u00f3 Wolfgang von Trips.<\/p>\n<p class=\"paragraph\">-\u00bfNo? \u00bfRecibiste una oferta mejor? \u2013 le pregunt\u00f3 sorprendido su progenitor, conde de antigua dinast\u00eda, hombre de la pol\u00edtica y poderoso terrateniente alem\u00e1n. Hab\u00eda tambi\u00e9n algo de decepci\u00f3n en su voz: Wolfgang acababa de obtener el t\u00edtulo de ingeniero agr\u00f3nomo y esperaba que manejara las propiedades de la familia.<\/p>\n<p class=\"paragraph\">-No voy a trabajar como ingeniero; quiero ser piloto de carreras.<\/p>\n<p class=\"paragraph\">-Hijo, record\u00e1 qui\u00e9n sos\u2026 \u2013 le advirti\u00f3 el conde.<\/p>\n<p class=\"paragraph\">-S\u00e9 qui\u00e9n soy, padre: <b>el \u00faltimo von Trips<\/b>.<\/p>\n<p class=\"paragraph\">-As\u00ed es. No pod\u00e9s ser un piloto m\u00e1s; si quer\u00e9s correr, tendr\u00e1s que ser campe\u00f3n del mundo de F\u00f3rmula 1.<\/p>\n<p class=\"paragraph\">-Lo voy a ser\u2026<\/p>\n<p class=\"paragraph\">-Lo ser\u00e1s o morir\u00e1s en el intento. Toda Alemania te va a estar mirando, no olvides nunca qui\u00e9n sos.<\/p>\n<p class=\"paragraph\">El di\u00e1logo, cierto o parte de un mito, se puede leer en m\u00e1s de una revista especializada en la F\u00f3rmula 1. Se dice que ocurri\u00f3 en 1953 en el castillo familiar de Hemmersbach, cuando Wolfgang ten\u00eda 24 a\u00f1os y la Rep\u00fablica Federal Alemana \u2013la parte occidental del pa\u00eds dividido\u2013 resurg\u00eda de las cenizas de la derrota en la Segunda Guerra Mundial.<\/p>\n<p class=\"paragraph\">Desde ese mismo momento, Wolfgang puso todo de s\u00ed para cumplir su promesa y parec\u00eda que iba a lograrlo apenas ocho a\u00f1os despu\u00e9s, convertido en<b> uno de los pilotos top de la escuder\u00eda <\/b>del legendario Enzo Ferrari. De hecho, estaba a punto de conseguir el t\u00edtulo el 10 de septiembre de ese a\u00f1o, 1961, cuando arranc\u00f3 en la primera posici\u00f3n de la largada en el circuito italiano de Monza. Si ganaba la carrera, el t\u00edtulo ser\u00eda suyo, pero dos vueltas despu\u00e9s estaba muerto al protagonizar el que ser\u00eda a la postre uno de los<b> accidentes m\u00e1s tr\u00e1gico de la categor\u00eda<\/b>, con un saldo de 14 muertos -13 espectadores y, claro, el propio Wolfgang von Trips\u2013 y decenas de heridos.<\/p>\n<p class=\"paragraph\">Aqu\u00ed podr\u00eda ponerse punto final a la historia, la del primer alem\u00e1n que estuvo a punto de consagrarse campe\u00f3n mundial de la m\u00e1xima categor\u00eda del automovilismo. Sin embargo, no ser\u00eda la historia completa, porque por una <b>extra\u00f1a coincidencia<\/b> el malogrado Wolfgang result\u00f3 clave en la formaci\u00f3n del primer alem\u00e1n que lo lograr\u00eda 33 a\u00f1os despu\u00e9s y que hoy es considerado uno de los mejores pilotos de la historia de la F\u00f3rmula 1. Se trata, claro, de<b> Michael Schumacher,<\/b> que a\u00fan no hab\u00eda nacido cuando ocurri\u00f3 la tr\u00e1gica muerte de von Trips.<\/p>\n<p class=\"paragraph\">Wolfgang Graf Alexander Albert Eduard Maximillian Reichsgraf Berghe von Trips naci\u00f3 el 4 de mayo de 1928 y era el \u00fanico hijo del Conde von Trips y heredero leg\u00edtimo de la <b>dinast\u00eda<\/b>. La familia hund\u00eda sus ra\u00edces hasta los primeros tiempos de la Orden Teut\u00f3nica y durante <b>diez siglos <\/b>tuvo una presencia constante y destacada en la historia militar y pol\u00edtica primero del Sacro Imperio Romano-Germ\u00e1nico, y luego de Prusia y del Imperio Alem\u00e1n. Luego de la derrota de la Primera Guerra Mundial y la ca\u00edda del Kaiser Guillermo, los von Trips<b> perdieron relevancia<\/b> en los nuevos tiempos pol\u00edticos que se abr\u00edan, aunque mantuvieron todo su poder econ\u00f3mico, que distaba de ser poco.<\/p>\n<p class=\"paragraph\">Primog\u00e9nito y tambi\u00e9n hijo \u00fanico, Wolfchen \u2013 como lo llamaban sus padres \u2013 fue educado con el esmero que correspond\u00eda a un heredero de la nobleza alemana de la \u00e9poca. Pas\u00f3 su infancia en Bonn y m\u00e1s tarde la familia se instal\u00f3 en el castillo de Hemmerbach, cerca de Colonia, desde donde su padre administraba los campos y dirig\u00eda sus negocios agr\u00edcolas y ganaderos. Hubo solo una sombra en la infancia del ni\u00f1o: enferm\u00f3 de una<b> poliomielitis <\/b>que lo tuvo al borde, pero de la que se recuper\u00f3 sin sufrir graves secuelas f\u00edsicas. <\/p>\n<p><img alt=\"GP de Gran Breta\u00f1a, Aintree,\" class=\"global-image\" decoding=\"async\" fetchpriority=\"low\" height=\"2442\" loading=\"lazy\" src=\"https:\/\/www.europesays.com\/es\/wp-content\/uploads\/2025\/09\/A6USMG5LLBG7JCW5UT3N7T744U.jpg\" width=\"3692\"\/>GP de Gran Breta\u00f1a, Aintree, 15 de julio de 1961. Salida. Ganadores: Wolfgang von Trips (coche 4), Ferrari 156, Ritchie Ginther (coche 6), Ferrari 156, Stirling Moss Lotus (coche 28) y Jo Bonnier, Porsche. (Cr\u00e9dito de la imagen: \u00a9Sutton Motorsports\/ZUMA Press)<\/p>\n<p class=\"paragraph\">Ese padecimiento tambi\u00e9n le aport\u00f3 un beneficio, porque evit\u00f3 que fuera reclutado por las Juventudes Hitlerianas. Cuando, sobre el final de la Segunda Guerra, los aliados avanzaron en territorio alem\u00e1n, instalaron su <b>cuartel general en el castillo familiar,<\/b> el adolescente Wolfgang se relacion\u00f3 con oficiales ingleses y estadounidenses, que lo ayudaron a mejorar su ingl\u00e9s. Terminado el conflicto, el conde lo envi\u00f3 a estudiar Agronom\u00eda con un objetivo preciso: quer\u00eda que su hijo lo reemplazara en la direcci\u00f3n del negocio familiar.<\/p>\n<p class=\"paragraph\">Wolfchen obedeci\u00f3 el mandato paterno y lo cumpli\u00f3, pero mientras estudiaba no descuid\u00f3 sus dos pasiones: las carreras de caballos y los autos. Comenz\u00f3 a participar en <b>competencias automovil\u00edsticas <\/b>en 1950 y para 1953 hab\u00eda decidido correr en la m\u00e1xima categor\u00eda y se lo dijo a su padre.<\/p>\n<p class=\"paragraph\">Demor\u00f3 solo tres a\u00f1os en llegar a la F\u00f3rmula 1 y lo hizo de la mano de uno de los grandes,<b> Enzo Ferrari, que le permiti\u00f3 debutar al volante de una de sus m\u00e1quinas en el Gran Premio de Alemania<\/b> realizado el 2 de septiembre de 1956. Al a\u00f1o siguiente Ferrari present\u00f3 un equipo integrado por seis pilotos que deb\u00edan turnarse para correr durante toda la temporada. Von Trips pudo hacerlo en los grandes premios de Argentina, M\u00f3naco e Italia, donde logr\u00f3 su primer podio con un tercer puesto. En 1958 pudo correr en seis competencias y consigui\u00f3 su segundo podio en Francia, tambi\u00e9n con un tercer puesto. Con ese puntaje y el de otras dos carreras termin\u00f3 el a\u00f1o en el puesto n\u00famero 11 del campeonato mundial de pilotos.<\/p>\n<p class=\"paragraph\">A pesar de que su carrera iba en ascenso, en 1959 se alej\u00f3 de Ferrari para subirse a un Porsche, una escuder\u00eda donde tuvo como compa\u00f1era a la primera mujer piloto de la historia de la F\u00f3rmula 1, la italiana Mar\u00eda Teresa de Filippis. Ah\u00ed no le fue bien y para finales de ese mismo a\u00f1o volvi\u00f3 a la escuder\u00eda de los b\u00f3lidos rojos, convocado de nuevo por Il Commendatore. No se equivoc\u00f3 con esa decisi\u00f3n, porque <b>1960 fue para von Trips un a\u00f1o casi consagratorio<\/b>: corri\u00f3 todas las carreras menos una y acab\u00f3 s\u00e9ptimo en la general. Eso le permiti\u00f3 que se lo considerara el piloto principal de la escuder\u00eda, secundado por otro que tambi\u00e9n promet\u00eda mucho, el estadounidense Phil Hill.<\/p>\n<p><img alt=\"Wolfgang von Trips (GER), falleci\u00f3\" class=\"global-image\" decoding=\"async\" fetchpriority=\"low\" height=\"2483\" loading=\"lazy\" src=\"https:\/\/www.europesays.com\/es\/wp-content\/uploads\/2025\/09\/FQHZ3X43ERGEFIK7FNJ6A5JTRE.jpg\" width=\"3699\"\/>Wolfgang von Trips (GER), falleci\u00f3 tras un accidente fatal. GP de Italia, Monza, 10 de septiembre de 1961 (Cr\u00e9dito de la imagen: \u00a9Sutton Motorsports\/ZUMA Press)<\/p>\n<p class=\"paragraph\">Desde el principio, la temporada de 1961 le result\u00f3 propicia. Wolfgang gan\u00f3 la primera carrera de su vida en la categor\u00eda en <b>M\u00f3naco<\/b>, la segunda cita del calendario, y qued\u00f3 segundo en el Gran Premio de B\u00e9lgica, la siguiente fecha del programa. Despu\u00e9s tuvo que abandonar en Francia, pero volvi\u00f3 al triunfo en Gran Breta\u00f1a y a continuaci\u00f3n qued\u00f3 segundo en Alemania. Eso le permiti\u00f3 llegar al primer puesto en el campeonato de pilotos, seguido muy de cerca por su compa\u00f1ero de escuder\u00eda, Hill.<\/p>\n<p class=\"paragraph\">Lleg\u00f3 as\u00ed el turno del Gran Premio de Italia, en <b>Monza<\/b>, el mismo circuito donde von Trips hab\u00eda logrado su primer podio. En una clasificaci\u00f3n brillante, consigui\u00f3 la pole position con Hill en el segundo lugar. Con sus diez kil\u00f3metros que combinaban un \u00f3valo con un circuito mixto, el de Monza era uno de los<b> recorridos m\u00e1s complicados de la \u00e9poca<\/b>. La gloria estaba al alcance de las manos de von Trips ese domingo 10 de septiembre: si ganaba la carrera, el t\u00edtulo mundial ser\u00eda suyo.<\/p>\n<p class=\"paragraph\">Las cosas se le complicaron desde el principio, porque una mala largada lo desplaz\u00f3 del primer lugar que hab\u00eda ganado en la clasificaci\u00f3n. En la segunda vuelta, peleaba la posici\u00f3n con Jim Clark, que lo segu\u00eda de cerca en la larga recta antes de la Parab\u00f3lica. El escoc\u00e9s se le ven\u00eda encima y<b> cuando quiso pasarlo le toc\u00f3 una rueda trasera,<\/b> lo que le hizo perder el control del auto que se sali\u00f3 de la pista y se fue directo hacia los espectadores; la Ferrari vol\u00f3 por los aires y se estrell\u00f3 contra una barrera lateral. Von Trips sali\u00f3 despedido mientras la Ferrari ca\u00eda sobre el p\u00fablico. El piloto alem\u00e1n muri\u00f3 cuando lo llevaban al hospital. Hubo 13 espectadores muertos y los heridos se contaron por decenas.<\/p>\n<p><img alt=\"Momento en que se desata\" class=\"global-image\" decoding=\"async\" fetchpriority=\"low\" height=\"1225\" loading=\"lazy\" src=\"https:\/\/www.europesays.com\/es\/wp-content\/uploads\/2025\/09\/QAUG64V4AVB7HOS6XGBJHWQ55A.jpg\" width=\"1833\"\/>Momento en que se desata la tragedia en la F\u00f3rmula 1, cuando el auto del piloto alem\u00e1n se sale de pista y cae sobre el p\u00fablico<\/p>\n<p class=\"paragraph\">\u201cVon Trips y yo est\u00e1bamos corriendo por la recta y nos acerc\u00e1bamos a una de las curvas peraltadas, la del extremo sur, a unos cien metros del inicio de la curva. \u00c9l corr\u00eda cerca del interior de la pista y lo segu\u00eda de cerca, manteni\u00e9ndome cerca del lado externo. En un momento, von Trips se movi\u00f3 hacia los lados de modo que mis ruedas delanteras chocaron con las traseras. Fue el momento fatal. El auto de von Trips <b>gir\u00f3 dos veces<\/b> y se meti\u00f3 en la banquina. Luego rebot\u00f3, golpe\u00f3 mi propio coche y <b>fue hacia la multitud<\/b>\u201d, cont\u00f3 Clark el mismo d\u00eda. <\/p>\n<p class=\"paragraph\">Las im\u00e1genes del accidente que surgieron despu\u00e9s de la carrera mostraron que el recuerdo de Clark era inexacto. Despu\u00e9s de chocar con Clark, el coche de von Trips se desplaz\u00f3 directamente por un terrapl\u00e9n en el exterior de la pista y golpe\u00f3 una <b>valla<\/b> detr\u00e1s de la cual se encontraban los espectadores api\u00f1ados. El piloto escoc\u00e9s fue acusado de homicidio involuntario, pero unos d\u00edas m\u00e1s tarde se retiraron los cargos.<\/p>\n<p><img alt=\"El accidente fue provocado por\" class=\"global-image\" decoding=\"async\" fetchpriority=\"low\" height=\"1237\" loading=\"lazy\" src=\"https:\/\/www.europesays.com\/es\/wp-content\/uploads\/2025\/09\/7K5ONPQYZJAHHHCEBH2O5KCNHU.jpg\" width=\"1838\"\/>El accidente fue provocado por el choque de las ruedas de Von Trips y Clark<\/p>\n<p class=\"paragraph\"><b>La carrera no se detuvo<\/b> y el primer puesto lo consigui\u00f3 Phil Hill, que ese a\u00f1o fue campe\u00f3n por apenas un punto de diferencia sobre su compa\u00f1ero muerto. Fue la \u00faltima vez que la F\u00f3rmula 1 corri\u00f3 en el circuito con el \u00f3valo en Monza, que en 1962 suprimi\u00f3 la presencia del p\u00fablico justo detr\u00e1s de las protecciones donde impact\u00f3 von Trips y ubic\u00f3 a todos los espectadores en tribunas elevadas y protegidas.<\/p>\n<p class=\"paragraph\">Dos a\u00f1os antes de su muerte, Wolfgang von Trips hab\u00eda llevado a Alemania un<b> karting<\/b> comprado en los Estados Unidos con la idea de fomentar el automovilismo entre los chicos de su pa\u00eds. Construy\u00f3 una pista en Kerpen, una localidad cercana a su castillo y bautiz\u00f3 el trazado como el \u201cClub de karting de los amigos de Wolfgang von Trips\u201d. Para los trabajos de mantenimiento, contrat\u00f3 a un <b>alba\u00f1il que tambi\u00e9n sab\u00eda algo de mec\u00e1nica.<\/b> El hombre se llamaba<b> Rolf Schumacher<\/b> y todav\u00eda era soltero, aunque con el correr de los a\u00f1os se cas\u00f3 y tuvo dos hijos a los que llam\u00f3 Michael y Ralf.<\/p>\n<p class=\"paragraph\">Luego de la muerte de Wolfgang en Monza, la pista sigui\u00f3 en funcionamiento con Schumacher como encargado, que cuando los chicos crecieron un poco comenz\u00f3 a llevarlos a su trabajo y les permiti\u00f3 manejar los kartings. <b>La primera vez que Michael se subi\u00f3 a uno ten\u00eda solo cuatro a\u00f1os<\/b> y sali\u00f3 en la portada de un diario local, que lo describi\u00f3 como \u201cel piloto de karts m\u00e1s joven de la Rep\u00fablica Federal de Alemania\u201d. Michael mostr\u00f3 r\u00e1pido su talento, pero sus padres no ten\u00edan dinero para que empezara a competir de forma oficial hasta que apareci\u00f3 Gerhard Noack, un empresario que sol\u00eda acudir a la pista de Kerpen para correr. Lo vio a Michael y qued\u00f3 impactado por su talento. \u201cFui a conducir un rato con un kart de alquiler y entonces vi a Michael con un kart artesanal. \u00c9l solo ten\u00eda nueve a\u00f1os. Su familia me dijo que no pod\u00edan continuar apoyando su carrera en el karting. Entonces<b> yo le compr\u00e9 uno y decid\u00ed ayudarlo<\/b>\u201d, le cont\u00f3 a James Allen, uno de los bi\u00f3grafos de Michael Schumacher.<\/p>\n<p class=\"paragraph\">As\u00ed Michael empez\u00f3 a correr en torneos federados a los 12 a\u00f1os con <b>licencia de Luxemburgo<\/b>, porque en Alemania reci\u00e9n la entregaban a los 13. Fue campe\u00f3n junior en Alemania en 1982, campe\u00f3n alem\u00e1n senior de karting en 1985 y europeo en 1987. Ese fue el principio del camino que lo llev\u00f3 a ser <b>uno de los mejores pilotos de la historia de la F\u00f3rmula 1<\/b>, con 7 campeonatos mundiales ganados entre 1994 y 2004, dos con la escuder\u00eda Benetton y cinco con Ferrari, la misma con la que von Trips hab\u00eda estado a un paso de ganarlo.<\/p>\n<p><img alt=\"FOTO DE ARCHIVO: El alem\u00e1n\" class=\"global-image\" decoding=\"async\" fetchpriority=\"low\" height=\"532\" loading=\"lazy\" src=\"https:\/\/www.europesays.com\/es\/wp-content\/uploads\/2025\/09\/65UENP2FZDENBEOGMZSZ4FEIR4.jpg\" width=\"800\"\/>FOTO DE ARCHIVO: El alem\u00e1n Michael Schumacher, ex piloto de Ferrari, observa durante la sesi\u00f3n de clasificaci\u00f3n para el Gran Premio de Italia de F1 en el circuito de Monza, cerca de Mil\u00e1n, en esta foto de archivo del 13 de septiembre de 2008. REUTERS\/Alessandro Bianchi\/Foto de archivo<\/p>\n<p class=\"paragraph\">Schumacher, nacido siete a\u00f1os de la muerte de Wolfgang von Tripps, nunca olvid\u00f3 esos primeros pasos a bordo de los kartings en la pista creada por su malogrado antecesor en la m\u00e1xima categor\u00eda del automovilismo. \u201cEse es mi mundo. Es parte de mi ritmo natural, de mi infancia y solo tengo buenos recuerdos de esa \u00e9poca. Cada vez que veo un kart reacciono instintivamente. Estoy convencido: si no me hubiera convertido en piloto de F\u00f3rmula 1, habr\u00eda conducido o alquilado karts. No me habr\u00eda vuelto tan rico, pero ciertamente muy feliz\u201d, le cont\u00f3 una vez a la revista Motor Sport Magazine.<\/p>\n","protected":false},"excerpt":{"rendered":"Wolfgang von Trips era el \u00faltimo descendiente de una dinast\u00eda (Additional-Rights-Clearances-NA) -No voy a trabajar en nuestras tierras,&hellip;\n","protected":false},"author":2,"featured_media":104962,"comment_status":"","ping_status":"","sticky":false,"template":"","format":"standard","meta":{"footnotes":""},"categories":[270],"tags":[36528,36529,36530,36531,31721,17472,36532,36533,168,2696,25,24,306,271,7397,272,7722,36534,36535,27211,747,3772,3773,6576,4444,36536,23,3020,167,36537,36538],"class_list":{"0":"post-104961","1":"post","2":"type-post","3":"status-publish","4":"format-standard","5":"has-post-thumbnail","7":"category-formula-1","8":"tag-10-9-1961","9":"tag-36529","10":"tag-1960s","11":"tag-20th","12":"tag-athlete","13":"tag-automobile","14":"tag-century","15":"tag-circa","16":"tag-deportes","17":"tag-driver","18":"tag-es","19":"tag-espana","20":"tag-f1","21":"tag-formula-1","22":"tag-formula-one","23":"tag-formula1","24":"tag-german","25":"tag-glasses","26":"tag-graf","27":"tag-half-length","28":"tag-helmet","29":"tag-male","30":"tag-man","31":"tag-men","32":"tag-people","33":"tag-racer","34":"tag-spain","35":"tag-sport","36":"tag-sports","37":"tag-trips","38":"tag-wolfgang"},"share_on_mastodon":{"url":"","error":""},"_links":{"self":[{"href":"https:\/\/www.europesays.com\/es\/wp-json\/wp\/v2\/posts\/104961","targetHints":{"allow":["GET"]}}],"collection":[{"href":"https:\/\/www.europesays.com\/es\/wp-json\/wp\/v2\/posts"}],"about":[{"href":"https:\/\/www.europesays.com\/es\/wp-json\/wp\/v2\/types\/post"}],"author":[{"embeddable":true,"href":"https:\/\/www.europesays.com\/es\/wp-json\/wp\/v2\/users\/2"}],"replies":[{"embeddable":true,"href":"https:\/\/www.europesays.com\/es\/wp-json\/wp\/v2\/comments?post=104961"}],"version-history":[{"count":0,"href":"https:\/\/www.europesays.com\/es\/wp-json\/wp\/v2\/posts\/104961\/revisions"}],"wp:featuredmedia":[{"embeddable":true,"href":"https:\/\/www.europesays.com\/es\/wp-json\/wp\/v2\/media\/104962"}],"wp:attachment":[{"href":"https:\/\/www.europesays.com\/es\/wp-json\/wp\/v2\/media?parent=104961"}],"wp:term":[{"taxonomy":"category","embeddable":true,"href":"https:\/\/www.europesays.com\/es\/wp-json\/wp\/v2\/categories?post=104961"},{"taxonomy":"post_tag","embeddable":true,"href":"https:\/\/www.europesays.com\/es\/wp-json\/wp\/v2\/tags?post=104961"}],"curies":[{"name":"wp","href":"https:\/\/api.w.org\/{rel}","templated":true}]}}