{"id":104963,"date":"2025-09-10T06:40:21","date_gmt":"2025-09-10T06:40:21","guid":{"rendered":"https:\/\/www.europesays.com\/es\/104963\/"},"modified":"2025-09-10T06:40:21","modified_gmt":"2025-09-10T06:40:21","slug":"el-area-arbitral-de-la-feb-preparada-para-la-temporada-2025-26","status":"publish","type":"post","link":"https:\/\/www.europesays.com\/es\/104963\/","title":{"rendered":"El \u00c1rea Arbitral de la FEB, preparada para la temporada 2025\/26"},"content":{"rendered":"<p>\u00c1REA DE COMUNICACI\u00d3N FEB<\/p>\n<p>La temporada 2025\/26 de las competiciones FEB est\u00e1 a punto de comenzar, y el \u00c1rea Arbitral ya tiene los deberes hechos para iniciarla. El Cl\u00ednic de Zaragoza ha sido el momento clave de esta pretemporada con la presencia de todos los t\u00e9cnicos arbitrales y los integrantes de los Grupos 1 y 2.<\/p>\n<p>Se celebr\u00f3 de forma presencial en la capital aragonesa los d\u00edas 23 y 24 de agosto. Unos d\u00edas m\u00e1s tarde se hizo lo propio con el Grupo 3 de forma online. Dos d\u00edas de convivencia muy intensos con casi 200 personas donde sentar las bases de la temporada.<\/p>\n<p>En esta ocasi\u00f3n la gran novedad t\u00e9cnica fue la implementaci\u00f3n del saque r\u00e1pido en todas las categor\u00edas y en los campeonatos de Espa\u00f1a. Una novedad en el reglamento que pretende dinamizar el juego. Como afirma Carlos Peruga, responsable del \u00c1rea, \u201clos \u00e1rbitros no tenemos que ser los protagonistas, pero s\u00ed ser conscientes que nuestra labor tambi\u00e9n ha de ser colaborar en hacer el juego m\u00e1s din\u00e1mico y atractivo para que el producto final sea m\u00e1s interesante para el espectador, siempre aplicando el reglamento \u201c\u201d.<\/p>\n<p>Con la presencia del presidente y vicepresidenta del Comit\u00e9 T\u00e9cnico Arbitral, Juan Luis Redondo y Susana G\u00f3mez, tambi\u00e9n se realizaron los test te\u00f3ricos y las pruebas f\u00edsicas, adem\u00e1s de la importancia labor de la unificaci\u00f3n de criterios. En el Cl\u00ednic se trabajaron, sobre todo, situaciones de faltas antideportivas y otros aspectos donde, seg\u00fan Carlos Peruga, \u201cestamos convencidos de que tenemos margen de mejora. Buscamos la unificaci\u00f3n de criterios, para que se arbitre lo mismo en cualquier categor\u00eda y en cualquier cancha\u201d.<\/p>\n<p>Durante la jornada del s\u00e1bado se unieron al Cl\u00ednic, como ya es habitual, los directores t\u00e9cnicos arbitrales de los diferentes Comit\u00e9s Auton\u00f3micos, que son invitados para mostrarles nuestro trabajo desde el \u00e1rea, as\u00ed como la proyecci\u00f3n de lo que ser\u00e1 la inminente temporada. Para la FEB es estrat\u00e9gica la colaboraci\u00f3n estrecha y continua con las Federaciones Auton\u00f3micas y seg\u00fan afirma Juan Luis Redondo \u201ces un hecho que la comunicaci\u00f3n en ambas direcciones fluye, y eso es, en \u00faltima instancia, beneficio para la formaci\u00f3n y seguimiento de nuestros \u00e1rbitros\u201d.<\/p>\n<p>Por \u00faltimo, se celebr\u00f3 un homenaje a dos \u00e1rbitros que dejan las canchas esta temporada, como son Sara Pel\u00e1ez y Jos\u00e9 Valle.<\/p>\n","protected":false},"excerpt":{"rendered":"\u00c1REA DE COMUNICACI\u00d3N FEB La temporada 2025\/26 de las competiciones FEB est\u00e1 a punto de comenzar, y el&hellip;\n","protected":false},"author":2,"featured_media":104964,"comment_status":"","ping_status":"","sticky":false,"template":"","format":"standard","meta":{"footnotes":""},"categories":[269],"tags":[4605,299,1918,298,4597,4613,4616,4609,4608,4610,168,4603,4606,25,24,4120,4598,4614,2713,4601,830,4599,4600,4602,4615,4617,4607,4604,23,167,4611,4612],"class_list":{"0":"post-104963","1":"post","2":"type-post","3":"status-publish","4":"format-standard","5":"has-post-thumbnail","7":"category-baloncesto","8":"tag-arbitros-baloncesto","9":"tag-baloncesto","10":"tag-basket","11":"tag-basketball","12":"tag-basquet","13":"tag-canalfeb","14":"tag-clasificacion","15":"tag-copa-princesa","16":"tag-copa-principe","17":"tag-copa-reina","18":"tag-deportes","19":"tag-eba","20":"tag-entrenadores-baloncesto","21":"tag-es","22":"tag-espana","23":"tag-estadisticas","24":"tag-federacion-baloncesto","25":"tag-jornada-virtual","26":"tag-jugadores","27":"tag-laeb-plata","28":"tag-leb-oro","29":"tag-liga-espana","30":"tag-liga-espanola-baloncesto","31":"tag-liga-femenina","32":"tag-marcadores-baloncesto","33":"tag-rankings","34":"tag-reglas-baloncesto","35":"tag-seleccion-baloncesto","36":"tag-spain","37":"tag-sports","38":"tag-supercopa","39":"tag-television-baloncesto"},"share_on_mastodon":{"url":"","error":""},"_links":{"self":[{"href":"https:\/\/www.europesays.com\/es\/wp-json\/wp\/v2\/posts\/104963","targetHints":{"allow":["GET"]}}],"collection":[{"href":"https:\/\/www.europesays.com\/es\/wp-json\/wp\/v2\/posts"}],"about":[{"href":"https:\/\/www.europesays.com\/es\/wp-json\/wp\/v2\/types\/post"}],"author":[{"embeddable":true,"href":"https:\/\/www.europesays.com\/es\/wp-json\/wp\/v2\/users\/2"}],"replies":[{"embeddable":true,"href":"https:\/\/www.europesays.com\/es\/wp-json\/wp\/v2\/comments?post=104963"}],"version-history":[{"count":0,"href":"https:\/\/www.europesays.com\/es\/wp-json\/wp\/v2\/posts\/104963\/revisions"}],"wp:featuredmedia":[{"embeddable":true,"href":"https:\/\/www.europesays.com\/es\/wp-json\/wp\/v2\/media\/104964"}],"wp:attachment":[{"href":"https:\/\/www.europesays.com\/es\/wp-json\/wp\/v2\/media?parent=104963"}],"wp:term":[{"taxonomy":"category","embeddable":true,"href":"https:\/\/www.europesays.com\/es\/wp-json\/wp\/v2\/categories?post=104963"},{"taxonomy":"post_tag","embeddable":true,"href":"https:\/\/www.europesays.com\/es\/wp-json\/wp\/v2\/tags?post=104963"}],"curies":[{"name":"wp","href":"https:\/\/api.w.org\/{rel}","templated":true}]}}