{"id":104984,"date":"2025-09-10T06:53:06","date_gmt":"2025-09-10T06:53:06","guid":{"rendered":"https:\/\/www.europesays.com\/es\/104984\/"},"modified":"2025-09-10T06:53:06","modified_gmt":"2025-09-10T06:53:06","slug":"macron-nombra-a-sebastien-lecornu-nuevo-primer-ministro-de-francia-el-cuarto-en-un-ano","status":"publish","type":"post","link":"https:\/\/www.europesays.com\/es\/104984\/","title":{"rendered":"Macron nombra a S\u00e9bastien Lecornu nuevo primer ministro de Francia, el cuarto en un a\u00f1o"},"content":{"rendered":"<p>  Por&amp;nbsp<a href=\"https:\/\/es.euronews.com\/perfiles\/2828\" rel=\"nofollow noopener\" target=\"_blank\">Christina Thykjaer<\/a>&amp;nbsp&amp;&amp;nbsp<b>AP<\/b><\/p>\n<p>\n                    Publicado                 09\/09\/2025 &#8211; 20:09 CEST<br \/>\n                \u2022Ultima actualizaci\u00f3n<br \/>\n                                     22:10\n                                        <\/p>\n<p>          <img decoding=\"async\" class=\"c-ad__placeholder__logo\" src=\"https:\/\/static.euronews.com\/website\/images\/logos\/logo-euronews-stacked-outlined-72x72-grey-9.svg\" width=\"72\" height=\"72\" alt=\"\" loading=\"lazy\"\/><br \/>\n          PUBLICIDAD<\/p>\n<p>El presidente franc\u00e9s, <strong>Emmanuel Macron<\/strong>, nombr\u00f3 este martes por la noche al ministro de Defensa, <a href=\"https:\/\/es.euronews.com\/business\/2025\/09\/08\/la-mocion-de-confianza-en-francia-sacude-a-los-bonos-pero-no-a-las-acciones\" rel=\"nofollow noopener\" target=\"_blank\"><strong>S\u00e9bastien Lecornu<\/strong><\/a>, como nuevo primer ministro de Francia, el cuarto en alrededor de un a\u00f1o.<\/p>\n<p>Lecornu, de 39 a\u00f1os, es <strong>el ministro de Defensa m\u00e1s joven en la historia del pa\u00eds<\/strong> y arquitecto de un importante plan de rearme hasta 2030, impulsado por la guerra de Rusia en Ucrania.<\/p>\n<p>Exconservador que se uni\u00f3 al movimiento centrista de Macron en 2017, ha ocupado cargos en administraciones locales, territorios de ultramar y durante el \u00abgran debate\u00bb con <strong>los chalecos amarillos<\/strong>, donde gestion\u00f3 el descontento con di\u00e1logo. Tambi\u00e9n ofreci\u00f3 negociaciones sobre autonom\u00eda durante las protestas en Guadalupe en 2021.<\/p>\n<p>Su ascenso refleja el instinto de Macron <strong>de premiar la lealtad<\/strong>, pero tambi\u00e9n la necesidad de continuidad tras las repetidas crisis presupuestarias que hicieron caer a sus predecesores y dejaron a Francia en una situaci\u00f3n de deriva.<\/p>\n<p>Protestas masivas previstas para el mi\u00e9rcoles<\/p>\n<p>La r\u00e1pida decisi\u00f3n de Macron de nombrar a Lecornu llega en v\u00edsperas de <strong>una jornada de fuertes alteraciones prevista para el mi\u00e9rcoles<\/strong> por un movimiento de protesta denominado &#8216;Bloquearlo todo&#8217;, que ha llevado al Gobierno a desplegar un dispositivo excepcional de 80.000 polic\u00edas para mantener el orden.<\/p>\n<p>Los legisladores <a href=\"https:\/\/es.euronews.com\/2025\/09\/08\/cae-el-gobierno-de-francia-bayrou-pierde-la-mocion-de-confianza\" rel=\"nofollow noopener\" target=\"_blank\"><strong>derribaron el lunes al predecesor de Lecornu, Fran\u00e7ois Bayrou<\/strong><\/a>, y a su Gobierno mediante una moci\u00f3n de confianza, en una nueva crisis para la segunda mayor econom\u00eda de Europa.<\/p>\n<p>Bayrou apost\u00f3 a que los diputados <strong>respaldar\u00edan su visi\u00f3n de que Francia debe recortar el gasto p\u00fablico<\/strong> para contener <a href=\"https:\/\/es.euronews.com\/business\/2025\/09\/04\/como-afecta-la-inestabilidad-politica-en-francia-a-la-economia-y-a-las-inversiones\" rel=\"nofollow noopener\" target=\"_blank\">su enorme deuda<\/a>. En su lugar, aprovecharon la votaci\u00f3n para unirse contra el centrista de 74 a\u00f1os, designado por Macron en diciembre pasado.<\/p>\n<p>La ca\u00edda del ef\u00edmero Gobierno minoritario de Bayrou anuncia <strong>una nueva etapa de incertidumbre y el riesgo de un prolongado bloqueo<\/strong> legislativo en Francia, en un momento en que el pa\u00eds lidia con desaf\u00edos urgentes, entre ellos las dificultades presupuestarias y, en el \u00e1mbito internacional, las guerras en Ucrania y Gaza y el cambio de prioridades del presidente estadounidense Donald Trump.<\/p>\n<p><strong>Redactar un presupuesto ser\u00e1 la m\u00e1xima prioridad de Lecornu<\/strong>, y normalmente un nuevo primer ministro formar\u00eda primero a su Gobierno antes de negociar el gasto nacional en el Parlamento. Sin embargo, Macron ha pedido a Lecornu que <a href=\"https:\/\/es.euronews.com\/business\/2025\/09\/08\/la-mocion-de-confianza-en-francia-sacude-a-los-bonos-pero-no-a-las-acciones\" rel=\"nofollow noopener\" target=\"_blank\">consulte previamente con todos los partidos pol\u00edticos<\/a> representados en la Asamblea para intentar alcanzar un acuerdo presupuestario antes de conformar su equipo.<\/p>\n<p>\u00abEl trabajo del primer ministro estar\u00e1 guiado por la defensa de nuestra independencia y de nuestro poder, al servicio de los franceses y de la estabilidad pol\u00edtica e institucional <strong>para la unidad de nuestro pa\u00eds<\/strong>\u00ab, afirm\u00f3 Macron en un comunicado.<\/p>\n","protected":false},"excerpt":{"rendered":"Por&amp;nbspChristina Thykjaer&amp;nbsp&amp;&amp;nbspAP Publicado 09\/09\/2025 &#8211; 20:09 CEST \u2022Ultima actualizaci\u00f3n 22:10 PUBLICIDAD El presidente franc\u00e9s, Emmanuel Macron, nombr\u00f3 este&hellip;\n","protected":false},"author":2,"featured_media":104985,"comment_status":"","ping_status":"","sticky":false,"template":"","format":"standard","meta":{"footnotes":""},"categories":[42],"tags":[17,18,730,13,14,317,32277,11,61,62,63,64,19,20,9,10,15,16,35851,12,21,22,65,66,67],"class_list":{"0":"post-104984","1":"post","2":"type-post","3":"status-publish","4":"format-standard","5":"has-post-thumbnail","7":"category-internacional","8":"tag-breaking-news","9":"tag-breakingnews","10":"tag-emmanuel-macron","11":"tag-featured-news","12":"tag-featurednews","13":"tag-francia","14":"tag-francois-bayrou","15":"tag-headlines","16":"tag-internacional","17":"tag-international","18":"tag-international-news","19":"tag-internationalnews","20":"tag-latest-news","21":"tag-latestnews","22":"tag-news","23":"tag-noticias","24":"tag-noticias-destacadas","25":"tag-noticiasdestacadas","26":"tag-politica-francesa","27":"tag-titulares","28":"tag-ultimas-noticias","29":"tag-ultimasnoticias","30":"tag-world","31":"tag-world-news","32":"tag-worldnews"},"share_on_mastodon":{"url":"","error":""},"_links":{"self":[{"href":"https:\/\/www.europesays.com\/es\/wp-json\/wp\/v2\/posts\/104984","targetHints":{"allow":["GET"]}}],"collection":[{"href":"https:\/\/www.europesays.com\/es\/wp-json\/wp\/v2\/posts"}],"about":[{"href":"https:\/\/www.europesays.com\/es\/wp-json\/wp\/v2\/types\/post"}],"author":[{"embeddable":true,"href":"https:\/\/www.europesays.com\/es\/wp-json\/wp\/v2\/users\/2"}],"replies":[{"embeddable":true,"href":"https:\/\/www.europesays.com\/es\/wp-json\/wp\/v2\/comments?post=104984"}],"version-history":[{"count":0,"href":"https:\/\/www.europesays.com\/es\/wp-json\/wp\/v2\/posts\/104984\/revisions"}],"wp:featuredmedia":[{"embeddable":true,"href":"https:\/\/www.europesays.com\/es\/wp-json\/wp\/v2\/media\/104985"}],"wp:attachment":[{"href":"https:\/\/www.europesays.com\/es\/wp-json\/wp\/v2\/media?parent=104984"}],"wp:term":[{"taxonomy":"category","embeddable":true,"href":"https:\/\/www.europesays.com\/es\/wp-json\/wp\/v2\/categories?post=104984"},{"taxonomy":"post_tag","embeddable":true,"href":"https:\/\/www.europesays.com\/es\/wp-json\/wp\/v2\/tags?post=104984"}],"curies":[{"name":"wp","href":"https:\/\/api.w.org\/{rel}","templated":true}]}}