{"id":105000,"date":"2025-09-10T07:03:22","date_gmt":"2025-09-10T07:03:22","guid":{"rendered":"https:\/\/www.europesays.com\/es\/105000\/"},"modified":"2025-09-10T07:03:22","modified_gmt":"2025-09-10T07:03:22","slug":"el-san-pablo-burgos-cumple-una-decada","status":"publish","type":"post","link":"https:\/\/www.europesays.com\/es\/105000\/","title":{"rendered":"El San Pablo Burgos cumple una d\u00e9cada"},"content":{"rendered":"<p>Diez a\u00f1os dan para mucho. En una d\u00e9cada caben mil y un recuerdos y, en el caso del San Pablo, los hay de todo tipo. Desde sue\u00f1os inimaginables a pesadillas interminables. El proyecto azul\u00f3n ech\u00f3 andar en septiembre de 2015 con tanta ilusi\u00f3n como rapidez. El club tom\u00f3 el testigo del baloncesto en la ciudad con un objetivo:alcanzar la \u00e9lite. Y lo consigui\u00f3 en 2017 para asentarse durante un lustro. Sin embargo, en 2022 un inesperado descenso devolvi\u00f3 al club a la casilla de salida. Hicieron falta tres intentos para por fin recuperar la categor\u00eda. Y para celebrarlo, el San Pablo y la ciudad de Burgos volver\u00e1n a disfrutar del mejor baloncesto del pa\u00eds en la temporada que viene.\u00a0<\/p>\n<p>Esa ser\u00e1 la mejor manera de celebrar una efem\u00e9ride que esconde muchas an\u00e9cdotas. Y es que ninguno de los implicados en su creaci\u00f3n se imaginaba una primera d\u00e9cada de vida tan ajetreada. Con Andreu Casadevall a los mandos en la campa\u00f1a del estreno, el San Pablo pronto tuvo que cambiar de direcci\u00f3n por la marcha del t\u00e9cnico al Zaragoza. Epi tom\u00f3 el relevo y llev\u00f3 al equipo al play off de ascenso. Fue un aviso de lo que estaba por venir.<\/p>\n<blockquote class=\"QuoteComentario\">\n<p>En el 2020 alcanz\u00f3 las semifinales de la Liga Endesa, que se jugaron en Valencia<\/p>\n<\/blockquote>\n<p>En esa segunda temporada llegar\u00edan los primeros momentos para el recuerdo. Tras un inicio de temporada irregular y una segunda vuelta excelente, el equipo azul\u00f3n se vio pr\u00e1cticamente derrotado en el partido por el ascenso. El Palencia ganaba de 13 puntos en Villamuriel de Cerrato, pero el San Pablo acab\u00f3 siendo protagonista al remontar y sellar su llegada a la ACB.\u00a0<\/p>\n<p><strong>En la \u00e9lite.<\/strong> Barcelona, Madrid, Unicaja, Baskonia, Joventut&#8230; equipos que antes hab\u00eda que ver por la televisi\u00f3n ahora eran rivales. Esa inocencia del debutante se fue esfumando con el paso de las jornadas y la salvaci\u00f3n lleg\u00f3 a falta de tres. Luego el proyecto sigui\u00f3 creciendo y un a\u00f1o despu\u00e9s, con una plantilla m\u00e1s completa, se estableci\u00f3 en mitad de la tabla hasta ganarse la invitaci\u00f3n a la tercera competici\u00f3n europea, la Basketball Champions League (BCL), en la 2019\/20.<\/p>\n<p>Ah\u00ed comenz\u00f3 la \u00e9poca dorada gracias a Joan Pe\u00f1arroya y unas plantillas que se atrevieron a colarse en todas las fiestas. Primero alcanzaron las &#8216;semis&#8217; de la ACB en una fase final extraordinaria que tuvo lugar en Valencia a causa de la pandemia. El Bar\u00e7a fue el verdugo (98-84), pero lo mejor estaba por llegar.<\/p>\n<blockquote class=\"QuoteComentario\">\n<p>Entre octubre de 2020 y mayo de 2021 se alz\u00f3 con dos t\u00edtulos de la BCL y una Copa Intecontinental\u00a0<\/p>\n<\/blockquote>\n<p>Entre octubre del 2020 y mayo del 2021, el San Pablo conquist\u00f3 tres t\u00edtulos. Ni m\u00e1s ni menos. Primero viaj\u00f3 a Grecia y se alz\u00f3 con la BCL que hab\u00eda sido pospuesta de la temporada anterior, despu\u00e9s se llev\u00f3 la Copa Intercontinental en Argentina y, por \u00faltimo, defendi\u00f3 con \u00e9xito su trono de la BCLen Rusia para convertirse en bicampe\u00f3n del torneo. Casi nada.<\/p>\n<p>Sin embargo, la llegada a la cima hizo de la ca\u00edda algo terrible. En el curso 2021\/22 el caos tom\u00f3 el Coliseum. Se hicieron un total de 16 operaciones en una temporada en la que se fue de mal en peor hasta que el descenso de categor\u00eda se hizo oficial en el \u00faltimo partido de la temporada, contra el Fuenlabrada en el Coliseum. Una pesadilla.\u00a0<\/p>\n<p><strong>El camino de vuelta. <\/strong>Iba a ser pasajero. El San Pablo no quer\u00eda estar en la segunda categor\u00eda nacional m\u00e1s de lo necesario y por ello apost\u00f3 todo en el curso 2022\/23&#8230; pero nada fue suficiente. El ascenso directo se escap\u00f3 y, en la Final Four que acogi\u00f3 el Coliseum, se volvi\u00f3 a vivir otro d\u00eda negro. Una historia similar a la de la campa\u00f1a siguiente, en la que apostarlo todo en la Final Four volvi\u00f3 a ser un mal negocio. Tuvo que llegar Bruno Savignani para arrasar la Primera FEB. Ascenso directo para soplar las velas en ACB.<\/p>\n","protected":false},"excerpt":{"rendered":"Diez a\u00f1os dan para mucho. En una d\u00e9cada caben mil y un recuerdos y, en el caso del&hellip;\n","protected":false},"author":2,"featured_media":105001,"comment_status":"","ping_status":"","sticky":false,"template":"","format":"standard","meta":{"footnotes":""},"categories":[269],"tags":[299,298,20466,14681,3920,36543,168,25,24,12000,8869,4079,831,665,3917,3919,23,167],"class_list":{"0":"post-105000","1":"post","2":"type-post","3":"status-publish","4":"format-standard","5":"has-post-thumbnail","7":"category-baloncesto","8":"tag-baloncesto","9":"tag-basketball","10":"tag-basketball-champions-league","11":"tag-bruno-savignani","12":"tag-coliseum","13":"tag-copa-intercontinental-fiba","14":"tag-deportes","15":"tag-es","16":"tag-espana","17":"tag-final-four","18":"tag-joan-penarroya","19":"tag-joventut","20":"tag-liga-acb","21":"tag-liga-endesa","22":"tag-primera-feb","23":"tag-san-pablo-burgos","24":"tag-spain","25":"tag-sports"},"share_on_mastodon":{"url":"","error":""},"_links":{"self":[{"href":"https:\/\/www.europesays.com\/es\/wp-json\/wp\/v2\/posts\/105000","targetHints":{"allow":["GET"]}}],"collection":[{"href":"https:\/\/www.europesays.com\/es\/wp-json\/wp\/v2\/posts"}],"about":[{"href":"https:\/\/www.europesays.com\/es\/wp-json\/wp\/v2\/types\/post"}],"author":[{"embeddable":true,"href":"https:\/\/www.europesays.com\/es\/wp-json\/wp\/v2\/users\/2"}],"replies":[{"embeddable":true,"href":"https:\/\/www.europesays.com\/es\/wp-json\/wp\/v2\/comments?post=105000"}],"version-history":[{"count":0,"href":"https:\/\/www.europesays.com\/es\/wp-json\/wp\/v2\/posts\/105000\/revisions"}],"wp:featuredmedia":[{"embeddable":true,"href":"https:\/\/www.europesays.com\/es\/wp-json\/wp\/v2\/media\/105001"}],"wp:attachment":[{"href":"https:\/\/www.europesays.com\/es\/wp-json\/wp\/v2\/media?parent=105000"}],"wp:term":[{"taxonomy":"category","embeddable":true,"href":"https:\/\/www.europesays.com\/es\/wp-json\/wp\/v2\/categories?post=105000"},{"taxonomy":"post_tag","embeddable":true,"href":"https:\/\/www.europesays.com\/es\/wp-json\/wp\/v2\/tags?post=105000"}],"curies":[{"name":"wp","href":"https:\/\/api.w.org\/{rel}","templated":true}]}}