{"id":105004,"date":"2025-09-10T07:05:18","date_gmt":"2025-09-10T07:05:18","guid":{"rendered":"https:\/\/www.europesays.com\/es\/105004\/"},"modified":"2025-09-10T07:05:18","modified_gmt":"2025-09-10T07:05:18","slug":"laura-matamoros-reacciona-a-los-dardos-de-su-tia-mar-a-su-padre","status":"publish","type":"post","link":"https:\/\/www.europesays.com\/es\/105004\/","title":{"rendered":"Laura Matamoros reacciona a los dardos de su t\u00eda Mar a su padre"},"content":{"rendered":"<p><strong>Mar Flores<\/strong> ha contado, por primera vez, su versi\u00f3n sobre <a href=\"https:\/\/okdiario.com\/look\/actualidad\/mar-flores-hormiguero-alessandro-lequio-2374538\" rel=\"nofollow noopener\" target=\"_blank\">sus comprometidas fotos con Alessandro Lequio<\/a>. La modelo y el arist\u00f3crata mantuvieron un idilio -que comenz\u00f3 siendo clandestino- a finales de los 90 cuando la socialit\u00e9 manten\u00eda una relaci\u00f3n sentimental con <a href=\"https:\/\/okdiario.com\/look\/actualidad\/nuria-gonzalez-pronuncia-conocerse-impugnacion-del-testamento-fernando-fernandez-tapias-2325603\" rel=\"nofollow noopener\" target=\"_blank\">Fernando Fern\u00e1ndez Tapias<\/a>.<\/p>\n<p>En los pr\u00f3ximos d\u00edas ver\u00e1 la luz Mar en calma, sus memorias, en las que contar\u00e1 su versi\u00f3n de una historia que considera mal contada de sus vivencias -que son voz populi-. Sin embargo, hace unas horas, la maniqu\u00ed hizo un adelanto de algunas de las p\u00e1ginas de su libro y abord\u00f3 su historia con el conde Lequio. En este contexto, la madre de Carlo Costanzia y Pablo Motos se pronunciaron sobre <strong>las personas que estuvieron implicadas en la filtraci\u00f3n de sus comprometidas fotos<\/strong>, entre las que se encuentra <a href=\"https:\/\/okdiario.com\/look\/actualidad\/mal-habito-que-kiko-matamoros-inculco-hija-anita-siendo-menor-2337748\" rel=\"nofollow noopener\" target=\"_blank\">Kiko Matamoros, ex cu\u00f1ado<\/a> -ya que estuvo casado con su hermana Mari\u00e1n- y ex representante de Mar.<\/p>\n<blockquote class=\"instagram-media\" style=\"background: #FFF; border: 0; border-radius: 3px; box-shadow: 0 0 1px 0 rgba(0,0,0,0.5),0 1px 10px 0 rgba(0,0,0,0.15); margin: 1px; max-width: 540px; min-width: 326px; padding: 0; width: calc(100% - 2px);\" data-instgrm-captioned=\"\" data-instgrm-permalink=\"https:\/\/www.instagram.com\/reel\/DOW01H3D6gu\/?utm_source=ig_embed&amp;utm_campaign=loading\" data-instgrm-version=\"14\">\n<\/blockquote>\n<p>Sabido es que <strong>Laura Matamoros mantiene una muy buena relaci\u00f3n con su t\u00eda<\/strong> Mar. La influencer ha visto en la hermana de su madre un espejo en el que mirarse en su carrera como creadora de contenidos. De hecho, hace unos meses ambas asumieron un reto deportivo conjunto. Por su parte, la ex concursante de Gran Hermano VIP pudo reconciliarse -precisamente en este reality de Telecinco- con <strong>su padre tras a\u00f1os sin hablarse<\/strong>.<\/p>\n<p>Por ello es sorprendente que la joven, a trav\u00e9s de sus redes sociales, haya aplaudido una entrevista en la que no deja en buen lugar a su figura paterna. \u00ab<strong>Orgullosa de ti, de tu crecimiento personal y del trabajo que has hecho personal para llegar hoy a dar este paso<\/strong>\u00bb, ha escrito Matamoros sobre la entrevista m\u00e1s reveladora de su t\u00eda Mar hasta la fecha.<\/p>\n<p>\n<img decoding=\"async\" loading=\"lazy\" class=\"size-medium wp-image-2375005\" alt=\"Laura Matamoros reacciona a la entrevista de su t\u00eda Mar con Pablo Motos. (FOTO: REDES SOCIALES)\" width=\"349\" height=\"620\"  src=\"https:\/\/www.europesays.com\/es\/wp-content\/uploads\/2025\/09\/1757467212_385_placeholder.jpg\"  bad-src=\"https:\/\/www.europesays.com\/es\/wp-content\/uploads\/2025\/09\/1757467212_385_placeholder.jpg\"\/><\/p>\n<p><img decoding=\"async\" loading=\"lazy\" class=\"size-medium wp-image-2375005\" src=\"https:\/\/www.europesays.com\/es\/wp-content\/uploads\/2025\/09\/fotojet-2025-09-09t112533.171-349x620.jpg\" alt=\"Laura Matamoros reacciona a la entrevista de su t\u00eda Mar con Pablo Motos. (FOTO: REDES SOCIALES)\" width=\"349\" height=\"620\"  \/><\/p>\n<p> Laura Matamoros reacciona a la entrevista de su t\u00eda Mar con Pablo Motos. (FOTO: REDES SOCIALES)\n<\/p>\n<p>La versi\u00f3n de Lequio<\/p>\n<p>Aprovechando su aparici\u00f3n televisiva, Pablo Motos quiso interesarse sobre<strong> la versi\u00f3n de Mar sobre sus fotos con Lequio<\/strong>. Una historia nunca antes contada por la modelo que, horas antes, escuch\u00f3 en la peque\u00f1a pantalla las vivencias del colaboradora televisivo.<\/p>\n<p>El ex de Ana Obreg\u00f3n quiso ser previsivo antes de la entrevista de Motos y cont\u00f3 c\u00f3mo vivi\u00f3 esta pol\u00e9mica de finales de los noventa: \u00ab<strong>Estas fotos, aunque lo he contado yo mil veces\u2026 Nos la hicimos los dos en la cama<\/strong>. Llev\u00e1bamos un a\u00f1o de relaci\u00f3n y nos hacemos esas fotos. Mar Flores tiene una imaginaci\u00f3n tan activa, que perfectamente podr\u00eda escribir ficci\u00f3n.\u00a0Esas fotos nos las hicimos nosotros. Las copias las tiene el ex marido de la hermana de Mar Flores, que es Kiko Matamoros y que era su representante en ese momento. Dicho esto, yo no ten\u00eda copias, las ten\u00eda el fot\u00f3grafo amigo en ese momento, ya no m\u00e1s amigo\u00bb.<\/p>\n<p>\n<img decoding=\"async\" loading=\"lazy\" class=\"size-medium wp-image-2374516\" alt=\"Mar Flores y Lequio. (FOTO: TELECINCO)\" width=\"620\" height=\"620\"  src=\"https:\/\/www.europesays.com\/es\/wp-content\/uploads\/2025\/09\/1757467212_385_placeholder.jpg\"  bad-src=\"https:\/\/www.europesays.com\/es\/wp-content\/uploads\/2025\/09\/1757467212_385_placeholder.jpg\"\/><\/p>\n<p><img decoding=\"async\" loading=\"lazy\" class=\"size-medium wp-image-2374516\" src=\"https:\/\/www.europesays.com\/es\/wp-content\/uploads\/2025\/09\/fotojet-2025-09-08t153721.941-620x620.jpg\" alt=\"Mar Flores y Lequio. (FOTO: TELECINCO)\" width=\"620\" height=\"620\"  \/><\/p>\n<p> Mar Flores y Lequio. (FOTO: TELECINCO)\n<\/p>\n<p>Por su parte, el tertuliano de Vamos a ver puso sobre la mesa fue una provocaci\u00f3n de la modelo a su ex: \u00abOtra cosa que dice es que no eran escandalosas esas fotos, porque \u00e9ramos dos personas con una relaci\u00f3n rom\u00e1ntica. Esas fotos eran escandalosas porque en dos de las fotos ella tiene un ejemplar en sus manos de un suplemento del ABC donde sale una entrevista suya en la que <strong>dec\u00eda que el hombre de su vida era Fernando Fern\u00e1ndez Tapias y que se quer\u00eda casar con \u00e9l<\/strong> y que era el amor de su vida\u00bb.<\/p>\n<p>\t\t\t\t\t\t\t<script async src=\"\/\/www.instagram.com\/embed.js\"><\/script><\/p>\n","protected":false},"excerpt":{"rendered":"Mar Flores ha contado, por primera vez, su versi\u00f3n sobre sus comprometidas fotos con Alessandro Lequio. La modelo&hellip;\n","protected":false},"author":2,"featured_media":105005,"comment_status":"","ping_status":"","sticky":false,"template":"","format":"standard","meta":{"footnotes":""},"categories":[174],"tags":[255,146,147,25,24,256,195,23],"class_list":{"0":"post-105004","1":"post","2":"type-post","3":"status-publish","4":"format-standard","5":"has-post-thumbnail","7":"category-famosos","8":"tag-celebrities","9":"tag-entertainment","10":"tag-entretenimiento","11":"tag-es","12":"tag-espana","13":"tag-famosos","14":"tag-mar","15":"tag-spain"},"share_on_mastodon":{"url":"","error":""},"_links":{"self":[{"href":"https:\/\/www.europesays.com\/es\/wp-json\/wp\/v2\/posts\/105004","targetHints":{"allow":["GET"]}}],"collection":[{"href":"https:\/\/www.europesays.com\/es\/wp-json\/wp\/v2\/posts"}],"about":[{"href":"https:\/\/www.europesays.com\/es\/wp-json\/wp\/v2\/types\/post"}],"author":[{"embeddable":true,"href":"https:\/\/www.europesays.com\/es\/wp-json\/wp\/v2\/users\/2"}],"replies":[{"embeddable":true,"href":"https:\/\/www.europesays.com\/es\/wp-json\/wp\/v2\/comments?post=105004"}],"version-history":[{"count":0,"href":"https:\/\/www.europesays.com\/es\/wp-json\/wp\/v2\/posts\/105004\/revisions"}],"wp:featuredmedia":[{"embeddable":true,"href":"https:\/\/www.europesays.com\/es\/wp-json\/wp\/v2\/media\/105005"}],"wp:attachment":[{"href":"https:\/\/www.europesays.com\/es\/wp-json\/wp\/v2\/media?parent=105004"}],"wp:term":[{"taxonomy":"category","embeddable":true,"href":"https:\/\/www.europesays.com\/es\/wp-json\/wp\/v2\/categories?post=105004"},{"taxonomy":"post_tag","embeddable":true,"href":"https:\/\/www.europesays.com\/es\/wp-json\/wp\/v2\/tags?post=105004"}],"curies":[{"name":"wp","href":"https:\/\/api.w.org\/{rel}","templated":true}]}}