{"id":105006,"date":"2025-09-10T07:07:14","date_gmt":"2025-09-10T07:07:14","guid":{"rendered":"https:\/\/www.europesays.com\/es\/105006\/"},"modified":"2025-09-10T07:07:14","modified_gmt":"2025-09-10T07:07:14","slug":"david-rieff-carga-contra-la-cultura-woke-en-su-nuevo-libro-deseo-y-destino","status":"publish","type":"post","link":"https:\/\/www.europesays.com\/es\/105006\/","title":{"rendered":"David Rieff carga contra la cultura &#8216;woke&#8217; en su nuevo libro &#8216;Deseo y destino&#8217;"},"content":{"rendered":"<p data-end=\"529\" data-start=\"189\" id=\"paragraph_1\">En la memorable escena final de la pel\u00edcula El topo, que adapta una de las mejores novelas de espionaje de la guerra fr\u00eda de John Le Carr\u00e9, el traidor, una vez atrapado, trata de explicarle entre balbuceos al excompa\u00f1ero que le ha dado caza los motivos de su cambio de bando en favor de los sovi\u00e9ticos: \u00abOccidente se ha vuelto muy feo\u00bb.<\/p>\n<p><img loading=\"lazy\" decoding=\"async\" alt=\"\" height=\"2582\" src=\"https:\/\/www.europesays.com\/es\/wp-content\/uploads\/2025\/09\/1003743915486_258524068_1706x2582.jpg\" width=\"1706\" data-lazy-status=\"processed\" data-lazy-info=\"remove loading item 1\"\/><\/p>\n<p>David Rieff<\/p>\n<p>Traducci\u00f3n de Aurelio Major. Debate, 2025. 248 p\u00e1ginas. 20,90\u20ac<\/p>\n<p class=\"paragraph\" data-end=\"998\" data-start=\"531\" id=\"paragraph_2\">De un tiempo a esta parte, no son pocos los intelectuales o profesionales con alguna autoridad en su materia que han dado un viraje similar pero en sentido contrario: Occidente se habr\u00eda vuelto muy feo por culpa de los excesos woke, de una libertad mal entendida o de una arquitectura deshumanizadora (entre otras muchas cosas) y han dado un considerable cambio a sus ideas previas. No solo en Espa\u00f1a, donde los ejemplos son evidentes, sino <strong>en el resto del mundo<\/strong>.<\/p>\n<p class=\"paragraph\" data-end=\"1340\" data-start=\"1000\" id=\"paragraph_3\"><strong>David Rieff<\/strong> (Boston, 1972) es un reconocido pensador estadounidense, hijo de Susan Sontag, quien encarnara casi de forma arquet\u00edpica <strong>la figura del intelectual \u00abcomprometido\u00bb y polemista post-68<\/strong>, y quiz\u00e1 eso explique muchos de sus posicionamientos en este libro: al fin y al cabo, seguramente ha padecido muchos de los excesos que critica.<\/p>\n<p><img decoding=\"async\" alt=\"\u00c1ngel Gonz\u00e1lez: pese a todo, las palabras\" height=\"180\" loading=\"lazy\" width=\"320\" data-lazy-status=\"processed\" id=\"5d766be18d\" src=\"https:\/\/www.elespanol.com\/el-cultural\/letras\/ensayo\/20250910\/occidente-vuelto-feo-david-rieff-carga-cultura-woke-nuevo-libro-deseo-destino\/[\" https:=\"\" data-lazy-info=\"changed src\"\/><\/p>\n<p class=\"paragraph\" data-end=\"1753\" data-start=\"1342\" id=\"paragraph_4\">En uno de sus libros m\u00e1s conocidos, Elogio del olvido (Debate, 2017), Rieff abogaba por<strong> la necesidad de no insistir en la recuperaci\u00f3n de la memoria<\/strong>, precisamente en un momento en el que el discurso habitual era el contrario. Rieff hab\u00eda estado, entre otros sitios, en la guerra de los Balcanes, y era muy esc\u00e9ptico de la posibilidad de una reconciliaci\u00f3n si no hab\u00eda, antes, una suerte de amnesia acordada.<\/p>\n<p class=\"paragraph\" data-end=\"2329\" data-start=\"1755\" id=\"paragraph_5\">En Deseo y destino parece que ha querido ir a la contra, como entonces, pero el truco se ve a la legua. Por un lado, <strong>peca del defecto<\/strong> de tantos libros que hacen diagn\u00f3sticos culturales contundentes: pensar que lo que ocurre en Estados Unidos es la norma del mundo. No es as\u00ed.<\/p>\n<p class=\"paragraph\" data-end=\"2329\" data-start=\"1755\" id=\"paragraph_6\">Las exageraciones woke de Estados Unidos son exageraciones woke de Estados Unidos que aqu\u00ed, por ejemplo, producir\u00edan hilaridad. Que gracias a ellas haya ganado Trump puede ser cierto o no, pero es <strong>dif\u00edcil extraer una conclusi\u00f3n universal<\/strong> que apele a un lector, pongamos, en M\u00e1laga o Madrid.<\/p>\n<blockquote class=\"content__blockquote\">\n<p class=\"blockquote__quote\">En &#8216;Deseo y destino&#8217; parece que Rieff ha querido ir a la contra, pero el truco se ve a la legua<\/p>\n<\/blockquote>\n<p class=\"paragraph\" data-end=\"2899\" data-start=\"2331\" id=\"paragraph_7\">Todo ello, partiendo de<strong> una falacia<\/strong>: que la atenci\u00f3n a las reclamaciones de las minor\u00edas es incompatible con una pol\u00edtica activa en favor de las clases humildes. Podemos re\u00edrnos de la interseccionalidad, pero lo cierto es que no es lo mismo ser un trabajador negro que uno blanco en seg\u00fan qu\u00e9 sitios, o mujer y hombre.<\/p>\n<p class=\"paragraph\" data-end=\"2899\" data-start=\"2331\" id=\"paragraph_8\">El pr\u00f3logo de John Banville es, en este sentido, <strong>especialmente tramposo<\/strong>. Seg\u00fan el novelista irland\u00e9s, estamos ante \u00abla satanizaci\u00f3n de la alta cultura tradicional de Occidente y la actitud m\u00e1s permisiva imaginable ante las desigualdades de clase\u00bb.<\/p>\n<p><img decoding=\"async\" alt=\"Chimamanda Ngozi Adichie\" height=\"180\" loading=\"lazy\" width=\"320\" data-lazy-status=\"processed\" id=\"a84ea90a21\" src=\"https:\/\/www.elespanol.com\/el-cultural\/letras\/ensayo\/20250910\/occidente-vuelto-feo-david-rieff-carga-cultura-woke-nuevo-libro-deseo-destino\/[\" https:=\"\" data-lazy-info=\"changed src\"\/><\/p>\n<p class=\"paragraph\" data-end=\"3404\" data-start=\"2901\" id=\"paragraph_9\">Una de las trampas intelectuales m\u00e1s habituales es la de asociar a tu oponente ideol\u00f3gico con las mayores tonter\u00edas que se dicen en ese campo ideol\u00f3gico-pol\u00edtico, generalizarlas como fundamentos de esa cosmovisi\u00f3n, y entonces decir que te has ido al otro lado debido a esos dislates. B\u00e1sicamente, que no te ha quedado m\u00e1s remedio que hacerte reaccionario tras las cosas que ha dicho <strong>Judith Butler<\/strong>, algunos disparates de la teor\u00eda cr\u00edtica de la raza o alguna disputa entre distintas olas del feminismo.<\/p>\n<p class=\"paragraph\" data-end=\"3652\" data-start=\"3406\" id=\"paragraph_10\">\u00bfQui\u00e9n no iba a serlo si piensa que la \u00abrevoluci\u00f3n cultural que arrasa en buena parte del mundo rico no tiene precedentes formales\u00bb? <strong>El lenguaje delata,<\/strong> y Rieff no disimula. As\u00ed, seg\u00fan \u00e9l, la \u00abmentecata tiran\u00eda del coraz\u00f3n avanza a buen ritmo\u00bb.<\/p>\n<p><img decoding=\"async\" alt=\"librosmasvendidos copia (43)\" height=\"180\" loading=\"lazy\" width=\"320\" data-lazy-status=\"processed\" id=\"0bcc20b176\" src=\"https:\/\/www.elespanol.com\/el-cultural\/letras\/ensayo\/20250910\/occidente-vuelto-feo-david-rieff-carga-cultura-woke-nuevo-libro-deseo-destino\/[\" https:=\"\" data-lazy-info=\"changed src\"\/><\/p>\n<p class=\"paragraph\" data-end=\"3992\" data-start=\"3654\" id=\"paragraph_11\">La conclusi\u00f3n que lanza Rieff, por supuesto, es que Trump es producto de todo esto, y, por tanto, culpa de Obama &amp; Co. Nada original. Pero, visto lo visto en estos meses de presidencia Trump, \u00bf<strong>es sostenible<\/strong> un an\u00e1lisis semejante de la situaci\u00f3n? \u00bfEl problema de un Estados Unidos crecientemente autoritario son las exageraciones woke?<\/p>\n","protected":false},"excerpt":{"rendered":"En la memorable escena final de la pel\u00edcula El topo, que adapta una de las mejores novelas de&hellip;\n","protected":false},"author":2,"featured_media":105007,"comment_status":"","ping_status":"","sticky":false,"template":"","format":"standard","meta":{"footnotes":""},"categories":[172],"tags":[224,2053,146,147,25,24,225,671,23],"class_list":{"0":"post-105006","1":"post","2":"type-post","3":"status-publish","4":"format-standard","5":"has-post-thumbnail","7":"category-libros","8":"tag-books","9":"tag-ensayo","10":"tag-entertainment","11":"tag-entretenimiento","12":"tag-es","13":"tag-espana","14":"tag-libros","15":"tag-literatura","16":"tag-spain"},"share_on_mastodon":{"url":"","error":""},"_links":{"self":[{"href":"https:\/\/www.europesays.com\/es\/wp-json\/wp\/v2\/posts\/105006","targetHints":{"allow":["GET"]}}],"collection":[{"href":"https:\/\/www.europesays.com\/es\/wp-json\/wp\/v2\/posts"}],"about":[{"href":"https:\/\/www.europesays.com\/es\/wp-json\/wp\/v2\/types\/post"}],"author":[{"embeddable":true,"href":"https:\/\/www.europesays.com\/es\/wp-json\/wp\/v2\/users\/2"}],"replies":[{"embeddable":true,"href":"https:\/\/www.europesays.com\/es\/wp-json\/wp\/v2\/comments?post=105006"}],"version-history":[{"count":0,"href":"https:\/\/www.europesays.com\/es\/wp-json\/wp\/v2\/posts\/105006\/revisions"}],"wp:featuredmedia":[{"embeddable":true,"href":"https:\/\/www.europesays.com\/es\/wp-json\/wp\/v2\/media\/105007"}],"wp:attachment":[{"href":"https:\/\/www.europesays.com\/es\/wp-json\/wp\/v2\/media?parent=105006"}],"wp:term":[{"taxonomy":"category","embeddable":true,"href":"https:\/\/www.europesays.com\/es\/wp-json\/wp\/v2\/categories?post=105006"},{"taxonomy":"post_tag","embeddable":true,"href":"https:\/\/www.europesays.com\/es\/wp-json\/wp\/v2\/tags?post=105006"}],"curies":[{"name":"wp","href":"https:\/\/api.w.org\/{rel}","templated":true}]}}