{"id":105008,"date":"2025-09-10T07:08:10","date_gmt":"2025-09-10T07:08:10","guid":{"rendered":"https:\/\/www.europesays.com\/es\/105008\/"},"modified":"2025-09-10T07:08:10","modified_gmt":"2025-09-10T07:08:10","slug":"los-simpsons-y-el-costumbrismo-mallorquin","status":"publish","type":"post","link":"https:\/\/www.europesays.com\/es\/105008\/","title":{"rendered":"Los Simpsons y el costumbrismo mallorqu\u00edn"},"content":{"rendered":"<p>Cuando la cultura mallorquina y la animaci\u00f3n se fusionan surgen proyectos que nunca hubi\u00e9ramos imaginado que triunfaran. El \u00faltimo tiene a \u2018Los Simpsons\u2019 como protagonista y a Josep Llobeta (Pollen\u00e7a, 1996) como principal ide\u00f3logo.<\/p>\n<p>El mallorqu\u00edn es el mayor de dos hermanos y asegura que en su casa se han criado con la m\u00edtica serie norteamericana de fondo: \u00abNo recuerdo mi vida sin ver \u2018Los Simpsons\u2019 a la hora de comer\u00bb.<br \/>Llobeta abri\u00f3 hace seis meses la cuenta de Instagram Simpsons.mallorca. En ella comparte escenas de la famosa serie de televisi\u00f3n protagonizada por la familia de Homer y las acompa\u00f1a de un peque\u00f1o texto en catal\u00e1n con el que satiriza la cultura mallorquina. Los seguidores han incrementado exponencialmente en las \u00faltimas semanas y la cuenta ya registra m\u00e1s de 1.500 usuarios.<\/p>\n<p><img loading=\"lazy\" decoding=\"async\" src=\"https:\/\/www.europesays.com\/es\/wp-content\/uploads\/2025\/09\/3467893.jpg\" border=\"0\" alt=\"\" width=\"1080\" height=\"1350\"\/>&#13;<br \/>\nEl autor del proyecto disfrazado de uno de los personajes de la serie.&#13;<\/p>\n<p>La idea surge a ra\u00edz de un viaje con amigos en el que apenas se hicieron fotos. El \u00fanico documento gr\u00e1fico que conservan Paco, Sion, James y Josep es una foto de grupo frente al Coliseo romano, adem\u00e1s de muchos recuerdos imborrables que Llobeta plasm\u00f3 en un carrusel de Instagram con diferentes frames de \u2018Los Simpsons\u2019. De esta manera, los momentos vividos durante el viaje reviven en formato animado.<\/p>\n<p>Despu\u00e9s de varios viajes con el mismo grupo, el post de Josep se ha convertido en una tradici\u00f3n muy querida por sus amigos. El pasado mayo, tras asistir todos al festival Vi\u00f1a Rock de Albacete, el joven decidi\u00f3 dar el paso y abrir una cuenta con contenidos exclusivos de \u2018Los Simpsons\u2019. Desde que comenzara, Josep trata de compartir una publicaci\u00f3n al d\u00eda: a veces fotograf\u00edas de escenas y, en otras ocasiones, peque\u00f1os fragmentos de los episodios en forma de v\u00eddeos cortos.<\/p>\n<p><img loading=\"lazy\" decoding=\"async\" src=\"https:\/\/www.europesays.com\/es\/wp-content\/uploads\/2025\/09\/3467895.jpg\" border=\"0\" alt=\"\" width=\"1439\" height=\"1080\"\/>&#13;<br \/>\nPaco Sion, James, Romero, Didac, Adri\u00e1n y Josep Llobeta durante su viaje a Albacete para asistir al festival Vi\u00f1a Rock.&#13;<br \/>\nSurrealismo<\/p>\n<p>Llobeta describe su humor como una fusi\u00f3n entre el costumbrismo mallorqu\u00edn y el surrealismo. Por un lado, describe situaciones del d\u00eda a d\u00eda en la Isla que entrelaza a la perfecci\u00f3n con las distintas escenas de \u2018Los Simpsons\u2019: \u00abTampoco es que sea mi serie favorita pero es un lienzo muy grande para plasmar cualquier situaci\u00f3n\u00bb. Algunos de los emblemas de la cultura mallorquina m\u00e1s recurrentes en sus memes son el siurell, la Balanguera, la sobrasada, Sant Antoni y el Dimoni, el TIB, los caparrots y los bu\u00f1uelos.<\/p>\n<p>Pese a la presi\u00f3n de mantener una cuenta con m\u00e1s de mil seguidores, el originario de Pollen\u00e7a se mantiene fiel a su sentido del humor y solo comparte cosas que, desde su prisma, son graciosas. Adem\u00e1s, trabajar bajo presi\u00f3n hace que Josep saque a la luz su faceta m\u00e1s creativa: \u00abel hecho de no tener ideas me impulsa a descubrir nuevos mundos\u00bb.<\/p>\n<p><img loading=\"lazy\" decoding=\"async\" src=\"https:\/\/www.europesays.com\/es\/wp-content\/uploads\/2025\/09\/3467901.jpg\" border=\"0\" alt=\"\" width=\"1170\" height=\"867\"\/>&#13;<br \/>\nLos bu\u00f1uelos mallorquines son un elemento recurrente en las publicaciones de la cuenta.&#13;<\/p>\n<p>El abogado Lionel Hutz es uno de los personajes de animaci\u00f3n favoritos del mallorqu\u00edn, aunque admite que \u00e9ste varia dependiendo del d\u00eda en que se lo pregunten.<\/p>\n","protected":false},"excerpt":{"rendered":"Cuando la cultura mallorquina y la animaci\u00f3n se fusionan surgen proyectos que nunca hubi\u00e9ramos imaginado que triunfaran. El&hellip;\n","protected":false},"author":2,"featured_media":105009,"comment_status":"","ping_status":"","sticky":false,"template":"","format":"standard","meta":{"footnotes":""},"categories":[171],"tags":[146,147,25,24,492,23,2922,214,1529],"class_list":{"0":"post-105008","1":"post","2":"type-post","3":"status-publish","4":"format-standard","5":"has-post-thumbnail","7":"category-tv","8":"tag-entertainment","9":"tag-entretenimiento","10":"tag-es","11":"tag-espana","12":"tag-sociedad","13":"tag-spain","14":"tag-tendencias","15":"tag-tv","16":"tag-ultima-hora"},"share_on_mastodon":{"url":"","error":""},"_links":{"self":[{"href":"https:\/\/www.europesays.com\/es\/wp-json\/wp\/v2\/posts\/105008","targetHints":{"allow":["GET"]}}],"collection":[{"href":"https:\/\/www.europesays.com\/es\/wp-json\/wp\/v2\/posts"}],"about":[{"href":"https:\/\/www.europesays.com\/es\/wp-json\/wp\/v2\/types\/post"}],"author":[{"embeddable":true,"href":"https:\/\/www.europesays.com\/es\/wp-json\/wp\/v2\/users\/2"}],"replies":[{"embeddable":true,"href":"https:\/\/www.europesays.com\/es\/wp-json\/wp\/v2\/comments?post=105008"}],"version-history":[{"count":0,"href":"https:\/\/www.europesays.com\/es\/wp-json\/wp\/v2\/posts\/105008\/revisions"}],"wp:featuredmedia":[{"embeddable":true,"href":"https:\/\/www.europesays.com\/es\/wp-json\/wp\/v2\/media\/105009"}],"wp:attachment":[{"href":"https:\/\/www.europesays.com\/es\/wp-json\/wp\/v2\/media?parent=105008"}],"wp:term":[{"taxonomy":"category","embeddable":true,"href":"https:\/\/www.europesays.com\/es\/wp-json\/wp\/v2\/categories?post=105008"},{"taxonomy":"post_tag","embeddable":true,"href":"https:\/\/www.europesays.com\/es\/wp-json\/wp\/v2\/tags?post=105008"}],"curies":[{"name":"wp","href":"https:\/\/api.w.org\/{rel}","templated":true}]}}