{"id":105024,"date":"2025-09-10T07:27:08","date_gmt":"2025-09-10T07:27:08","guid":{"rendered":"https:\/\/www.europesays.com\/es\/105024\/"},"modified":"2025-09-10T07:27:08","modified_gmt":"2025-09-10T07:27:08","slug":"el-resort-de-la-costa-brava-donde-la-elite-juega-al-golf-y-sera-sede-de-la-ryder-cup","status":"publish","type":"post","link":"https:\/\/www.europesays.com\/es\/105024\/","title":{"rendered":"El &#8216;resort&#8217; de la Costa Brava donde la \u00e9lite juega al golf y ser\u00e1 sede de la Ryder Cup"},"content":{"rendered":"<p>En 2031, la Costa Brava ser\u00e1 testigo de c\u00f3mo se prepara el terreno para uno de los eventos m\u00e1s emocionantes del golf mundial: la Ryder Cup. <strong>Este torneo bienal enfrenta a los mejores jugadores de Europa y Estados Unidos en un formato por equipos<\/strong>, alternando sede entre ambos continentes, y est\u00e1 considerado el tercer evento deportivo en importancia a nivel mundial, s\u00f3lo por detr\u00e1s de los Juegos Ol\u00edmpicos y el Mundial de F\u00fatbol. Con un seguimiento estimado en 600 millones de hogares de m\u00e1s de 180 pa\u00edses y m\u00e1s de 250.000 espectadores en el torneo, la Ryder Cup se convierte en un espect\u00e1culo de lujo, competici\u00f3n y emoci\u00f3n. <strong>Queremos descubrir c\u00f3mo ser\u00e1 el entorno que acoger\u00e1 a estos gigantes del golf<\/strong>, un lugar que combina deporte, bienestar y exclusividad, y que promete ser un aut\u00e9ntico santuario para los aficionados y jugadores por igual.<\/p>\n<p><img decoding=\"async\" alt=\"El \u2018resort\u2019 de la Costa Brava donde la \u00e9lite juega al golf y ser\u00e1 sede de la Ryder Cup\" loading=\"lazy\" class=\"size-full wp-image-871803\" src=\"https:\/\/www.europesays.com\/es\/wp-content\/uploads\/2025\/09\/camiral-a-quinta-do-lago-resort_086612_full.jpg\" width=\"645\" height=\"595\"  \/>(Foto: Camiral Golf &amp; Wellness)<\/p>\n","protected":false},"excerpt":{"rendered":"En 2031, la Costa Brava ser\u00e1 testigo de c\u00f3mo se prepara el terreno para uno de los eventos&hellip;\n","protected":false},"author":2,"featured_media":105025,"comment_status":"","ping_status":"","sticky":false,"template":"","format":"standard","meta":{"footnotes":""},"categories":[275],"tags":[168,25,24,329,23,167],"class_list":{"0":"post-105024","1":"post","2":"type-post","3":"status-publish","4":"format-standard","5":"has-post-thumbnail","7":"category-golf","8":"tag-deportes","9":"tag-es","10":"tag-espana","11":"tag-golf","12":"tag-spain","13":"tag-sports"},"share_on_mastodon":{"url":"","error":""},"_links":{"self":[{"href":"https:\/\/www.europesays.com\/es\/wp-json\/wp\/v2\/posts\/105024","targetHints":{"allow":["GET"]}}],"collection":[{"href":"https:\/\/www.europesays.com\/es\/wp-json\/wp\/v2\/posts"}],"about":[{"href":"https:\/\/www.europesays.com\/es\/wp-json\/wp\/v2\/types\/post"}],"author":[{"embeddable":true,"href":"https:\/\/www.europesays.com\/es\/wp-json\/wp\/v2\/users\/2"}],"replies":[{"embeddable":true,"href":"https:\/\/www.europesays.com\/es\/wp-json\/wp\/v2\/comments?post=105024"}],"version-history":[{"count":0,"href":"https:\/\/www.europesays.com\/es\/wp-json\/wp\/v2\/posts\/105024\/revisions"}],"wp:featuredmedia":[{"embeddable":true,"href":"https:\/\/www.europesays.com\/es\/wp-json\/wp\/v2\/media\/105025"}],"wp:attachment":[{"href":"https:\/\/www.europesays.com\/es\/wp-json\/wp\/v2\/media?parent=105024"}],"wp:term":[{"taxonomy":"category","embeddable":true,"href":"https:\/\/www.europesays.com\/es\/wp-json\/wp\/v2\/categories?post=105024"},{"taxonomy":"post_tag","embeddable":true,"href":"https:\/\/www.europesays.com\/es\/wp-json\/wp\/v2\/tags?post=105024"}],"curies":[{"name":"wp","href":"https:\/\/api.w.org\/{rel}","templated":true}]}}