{"id":105026,"date":"2025-09-10T07:28:04","date_gmt":"2025-09-10T07:28:04","guid":{"rendered":"https:\/\/www.europesays.com\/es\/105026\/"},"modified":"2025-09-10T07:28:04","modified_gmt":"2025-09-10T07:28:04","slug":"concertado-y-con-identidad-religiosa","status":"publish","type":"post","link":"https:\/\/www.europesays.com\/es\/105026\/","title":{"rendered":"concertado y con identidad religiosa"},"content":{"rendered":"<p>En la localidad de <strong><a href=\"https:\/\/www.ultimahora.es\/etiqueta\/Manacor.html?utm_source=Inline-tag&amp;utm_medium=internal\" rel=\"nofollow noopener\" target=\"_blank\">Manacor<\/a><\/strong> se encuentra un colegio con una amplia tradici\u00f3n educativa y religiosa que tuvo un papel decisivo durante la infancia del afamado tenista<strong> <a href=\"https:\/\/www.ultimahora.es\/etiqueta\/Rafa+Nadal.html?utm_source=Inline-tag&amp;utm_medium=internal\" rel=\"nofollow noopener\" target=\"_blank\">Rafa Nadal<\/a><\/strong>. <strong>San Vicente de Pa\u00fal<\/strong>, que ha acompa\u00f1ado a m\u00faltiples generaciones, se caracteriza por su arraigo en el carisma de la <strong>Congregaci\u00f3n de la Misi\u00f3n<\/strong> y su compromiso con la formaci\u00f3n integral de sus estudiantes, combinando aspectos acad\u00e9micos, deportivos y humanos.<\/p>\n<p>El centro, de titularidad <strong>concertada<\/strong>, ofrece educaci\u00f3n <strong>desde infantil hasta los primeros cursos de secundaria<\/strong>. En sus aulas se form\u00f3 Rafael Nadal durante buena parte de su etapa escolar, algo que siempre ha sido motivo de orgullo tanto para el equipo directivo como para la comunidad educativa y local. La combinaci\u00f3n de su identidad religiosa con un proyecto educativo s\u00f3lido ha sido fundamental en el desarrollo personal y acad\u00e9mico de muchos alumnos.<\/p>\n<p><strong>Antoni Tom\u00e1s, director del colegio, destac\u00f3 en una entrevista para Mundo Deportivo<\/strong> la constancia y dedicaci\u00f3n del propio Nadal durante sus a\u00f1os de estudiante en la instituci\u00f3n, resaltando especialmente sus cualidades de responsabilidad y esfuerzo ante los retos diarios del estudio.<\/p>\n<p>El colegio y su v\u00ednculo con Nadal<\/p>\n<p>El centro al que acudi\u00f3 Nadal est\u00e1 gestionado por los<strong> Padres Pa\u00fales<\/strong>, una congregaci\u00f3n religiosa fundada con un fuerte compromiso social y educativo. Este colegio ha mantenido desde siempre un modelo basado en valores cristianos y en la formaci\u00f3n humana integral, buscando no solo la excelencia acad\u00e9mica sino tambi\u00e9n el desarrollo del car\u00e1cter y el compromiso con la sociedad.<\/p>\n<p><strong>La trayectoria escolar de Nadal aqu\u00ed fue desde la etapa infantil hasta segundo de secundaria<\/strong>, momento en el cual decidi\u00f3 cambiar su modalidad educativa para compatibilizar mejor sus intensos entrenamientos deportivos. Seg\u00fan explica Antoni Tom\u00e1s, el propio Nadal mostraba un inter\u00e9s genuino en <strong>mantenerse al d\u00eda con los contenidos y tareas<\/strong>, trabajando incluso desde casa para no quedar rezagado ante su ausencia por motivos deportivos. \u00abEs un orgullo que haya sido alumno del centro\u00bb, destaca.<\/p>\n","protected":false},"excerpt":{"rendered":"En la localidad de Manacor se encuentra un colegio con una amplia tradici\u00f3n educativa y religiosa que tuvo&hellip;\n","protected":false},"author":2,"featured_media":105027,"comment_status":"","ping_status":"","sticky":false,"template":"","format":"standard","meta":{"footnotes":""},"categories":[274],"tags":[5233,36547,36548,168,25,24,36550,4661,6894,492,23,167,2922,327,326,1529,36549],"class_list":{"0":"post-105026","1":"post","2":"type-post","3":"status-publish","4":"format-standard","5":"has-post-thumbnail","7":"category-tenis","8":"tag-audiencias-um","9":"tag-colegio-san-vicente-de-paul","10":"tag-colegios-en-mallorca","11":"tag-deportes","12":"tag-es","13":"tag-espana","14":"tag-ia-discover","15":"tag-manacor","16":"tag-rafa-nadal","17":"tag-sociedad","18":"tag-spain","19":"tag-sports","20":"tag-tendencias","21":"tag-tenis","22":"tag-tennis","23":"tag-ultima-hora","24":"tag-vuelta-al-cole-en-mallorca"},"share_on_mastodon":{"url":"","error":""},"_links":{"self":[{"href":"https:\/\/www.europesays.com\/es\/wp-json\/wp\/v2\/posts\/105026","targetHints":{"allow":["GET"]}}],"collection":[{"href":"https:\/\/www.europesays.com\/es\/wp-json\/wp\/v2\/posts"}],"about":[{"href":"https:\/\/www.europesays.com\/es\/wp-json\/wp\/v2\/types\/post"}],"author":[{"embeddable":true,"href":"https:\/\/www.europesays.com\/es\/wp-json\/wp\/v2\/users\/2"}],"replies":[{"embeddable":true,"href":"https:\/\/www.europesays.com\/es\/wp-json\/wp\/v2\/comments?post=105026"}],"version-history":[{"count":0,"href":"https:\/\/www.europesays.com\/es\/wp-json\/wp\/v2\/posts\/105026\/revisions"}],"wp:featuredmedia":[{"embeddable":true,"href":"https:\/\/www.europesays.com\/es\/wp-json\/wp\/v2\/media\/105027"}],"wp:attachment":[{"href":"https:\/\/www.europesays.com\/es\/wp-json\/wp\/v2\/media?parent=105026"}],"wp:term":[{"taxonomy":"category","embeddable":true,"href":"https:\/\/www.europesays.com\/es\/wp-json\/wp\/v2\/categories?post=105026"},{"taxonomy":"post_tag","embeddable":true,"href":"https:\/\/www.europesays.com\/es\/wp-json\/wp\/v2\/tags?post=105026"}],"curies":[{"name":"wp","href":"https:\/\/api.w.org\/{rel}","templated":true}]}}