{"id":105040,"date":"2025-09-10T07:36:10","date_gmt":"2025-09-10T07:36:10","guid":{"rendered":"https:\/\/www.europesays.com\/es\/105040\/"},"modified":"2025-09-10T07:36:10","modified_gmt":"2025-09-10T07:36:10","slug":"oscar-puente-responde-asi-a-la-defensa-de-marilo-montero-a-la-tauromaquia-en-uno-de-los-momentos-mas-tensos-de-la-revuelta","status":"publish","type":"post","link":"https:\/\/www.europesays.com\/es\/105040\/","title":{"rendered":"\u00d3scar Puente responde as\u00ed a la defensa de Maril\u00f3 Montero a la tauromaquia en uno de los momentos m\u00e1s tensos de La Revuelta"},"content":{"rendered":"<p>La nueva temporada de La Revuelta ha empezado fuerte, con una de las entrevistas que muchos espectadores ya han calificado como <b>una de las m\u00e1s inc\u00f3modas de su historia.<\/b><\/p>\n<p>Tanto es as\u00ed que durante toda la grabaci\u00f3n del programa ni <b>la entrevistada, la colaboradora del programa de Antena 3 &#8216;Espejo P\u00fablico&#8217;, Maril\u00f3 Montero<\/b>, ni el propio presentador, David Broncano, se llegaron a sentar en toda la supuesta entrevista, que acabo siendo todo un debate ideol\u00f3gico.<\/p>\n<p>Como no pod\u00eda ser de otra manera, las redes sociales estallaron en comentarios sobre lo que estaba pasando, y alguien que no se qued\u00f3 atr\u00e1s fue<b> el ministro de Transportes, \u00d3scar Puente, quien no ha dudado en dar su opini\u00f3n<\/b> acerca de uno de los argumentaros m\u00e1s defendidos por la preesentadora: la necesidad de poner las corridas de toros en las cadenas p\u00fablicas como programaci\u00f3n cultural.<\/p>\n<p><b>\u00abClaro que s\u00ed. Como en la televisi\u00f3n de CyL, que emit\u00eda toros mientras Ma\u00f1ueco comparec\u00eda<\/b> a la fuerza para dar cuenta de su gesti\u00f3n en los incendios\u00bb, ha tuiteado el ministro en tono cr\u00edtico.<\/p>\n<p><b>\u00abLos toros son siempre un recurso del que echar mano en un momento de apuro\u00bb<\/b>, ha concluido Puente de forma ir\u00f3nica a trav\u00e9s de su cuenta en la red social X (@oscar_puente_) mientras citaba un tuit de un usuario que adjuntaba un fragmento del programa.<\/p>\n<p>\u00abNo contenta con el primer repaso, Maril\u00f3 Montero se lleva un segundo del p\u00fablico al decir que <b>&#8216;los toros es un contenido cultural que deber\u00eda estar en una televisi\u00f3n p\u00fablica&#8217;<\/b>\u00ab, ha sido el tuit de <b>Hugo (@hugo_cnm) <\/b>citado por el ministro de Transportes.<\/p>\n<p>\u00abAqu\u00ed en Andaluc\u00eda, nos enter\u00e1bamos que la Mezquita se estaba quemando por TV3, porque Canal sur estaba dando una corrida de toros en directo. En fin\u2026\u00bb;<b> \u00abEn Andaluc\u00eda, mientras se quemaba la Mezquita de C\u00f3rdoba, lo mismo: toros en Canal Sur\u00bb<\/b>, han recordado con indignaci\u00f3n algunos usuarios.<\/p>\n","protected":false},"excerpt":{"rendered":"La nueva temporada de La Revuelta ha empezado fuerte, con una de las entrevistas que muchos espectadores ya&hellip;\n","protected":false},"author":2,"featured_media":105041,"comment_status":"","ping_status":"","sticky":false,"template":"","format":"standard","meta":{"footnotes":""},"categories":[171],"tags":[5795,9029,146,147,25,24,29956,7974,2952,518,23,20222,444,214],"class_list":{"0":"post-105040","1":"post","2":"type-post","3":"status-publish","4":"format-standard","5":"has-post-thumbnail","7":"category-tv","8":"tag-canal-sur","9":"tag-david-broncano","10":"tag-entertainment","11":"tag-entretenimiento","12":"tag-es","13":"tag-espana","14":"tag-la-revuelta","15":"tag-marilo-montero","16":"tag-oscar-puente","17":"tag-rtve","18":"tag-spain","19":"tag-television-publica","20":"tag-toros","21":"tag-tv"},"share_on_mastodon":{"url":"","error":""},"_links":{"self":[{"href":"https:\/\/www.europesays.com\/es\/wp-json\/wp\/v2\/posts\/105040","targetHints":{"allow":["GET"]}}],"collection":[{"href":"https:\/\/www.europesays.com\/es\/wp-json\/wp\/v2\/posts"}],"about":[{"href":"https:\/\/www.europesays.com\/es\/wp-json\/wp\/v2\/types\/post"}],"author":[{"embeddable":true,"href":"https:\/\/www.europesays.com\/es\/wp-json\/wp\/v2\/users\/2"}],"replies":[{"embeddable":true,"href":"https:\/\/www.europesays.com\/es\/wp-json\/wp\/v2\/comments?post=105040"}],"version-history":[{"count":0,"href":"https:\/\/www.europesays.com\/es\/wp-json\/wp\/v2\/posts\/105040\/revisions"}],"wp:featuredmedia":[{"embeddable":true,"href":"https:\/\/www.europesays.com\/es\/wp-json\/wp\/v2\/media\/105041"}],"wp:attachment":[{"href":"https:\/\/www.europesays.com\/es\/wp-json\/wp\/v2\/media?parent=105040"}],"wp:term":[{"taxonomy":"category","embeddable":true,"href":"https:\/\/www.europesays.com\/es\/wp-json\/wp\/v2\/categories?post=105040"},{"taxonomy":"post_tag","embeddable":true,"href":"https:\/\/www.europesays.com\/es\/wp-json\/wp\/v2\/tags?post=105040"}],"curies":[{"name":"wp","href":"https:\/\/api.w.org\/{rel}","templated":true}]}}