{"id":105044,"date":"2025-09-10T07:39:19","date_gmt":"2025-09-10T07:39:19","guid":{"rendered":"https:\/\/www.europesays.com\/es\/105044\/"},"modified":"2025-09-10T07:39:19","modified_gmt":"2025-09-10T07:39:19","slug":"la-decision-de-carlo-ancelotti-en-la-seleccion-de-brasil-que-desato-la-polemica-en-espana","status":"publish","type":"post","link":"https:\/\/www.europesays.com\/es\/105044\/","title":{"rendered":"La decisi\u00f3n de Carlo Ancelotti en la selecci\u00f3n de Brasil que desat\u00f3 la pol\u00e9mica en Espa\u00f1a"},"content":{"rendered":"<p><img alt=\"Ancelotti prepara el equipo para\" class=\"global-image\" decoding=\"async\" fetchpriority=\"high\" height=\"4000\" loading=\"eager\" src=\"https:\/\/www.europesays.com\/es\/wp-content\/uploads\/2025\/09\/OWMQ3SVHLJB2RJ2C2T4HSUDNEY.JPG\" width=\"5518\"\/>Ancelotti prepara el equipo para enfrentar a Bolivia en la altura (Reuters)<\/p>\n<p class=\"paragraph\">La selecci\u00f3n de <b>Brasil<\/b> atraviesa la doble fecha FIFA de septiembre con <b>Carlo Ancelotti<\/b> en el punto de mira de la prensa espa\u00f1ola, tras las cr\u00edticas sobre <b>c\u00f3mo gestion\u00f3 la convocatoria de sus figuras<\/b> para los duelos ante <b>Chile<\/b> y <b>Bolivia<\/b>. Seg\u00fan inform\u00f3 Sport, la inclusi\u00f3n de <b>Raphinha<\/b>, delantero del <b>FC Barcelona<\/b>, en la lista de citados para encuentros en los que ya est\u00e1 clasificada para el Mundial 2026, gener\u00f3 <b>malestar y acusaciones de trato desigual<\/b> frente a otros jugadores brasile\u00f1os vinculados al <b>Real Madrid<\/b>.<\/p>\n<p class=\"paragraph\">El periodista Joaquim Piera sostuvo en el diario catal\u00e1n Sport que <b>\u201cRaphinha nunca debi\u00f3 haber sido convocado en esta fecha FIFA de septiembre con Brasil <\/b>encarando dos encuentros sin ning\u00fan tipo de valor a\u00f1adido, porque ya est\u00e1 clasificada para el Mundial 2026\u201d. En esa l\u00ednea, insisti\u00f3 en que la decisi\u00f3n del t\u00e9cnico italiano evidencia <b>\u201cun preocupante trato desigual <\/b>entre el internacional blaugrana y la armada canarinha merengue\u201d. <\/p>\n<p class=\"paragraph\">En contraste, <b>Vin\u00edcius Jr.<\/b>, <b>Rodrygo<\/b> y <b>\u00c9der Militao<\/b> permanecieron en <b>Madrid<\/b> por diversas razones, mientras el futbolista del equipo catal\u00e1n cruz\u00f3 el Atl\u00e1ntico y disput\u00f3 78 minutos en el <b>Maracan\u00e1<\/b>, en la victoria 3-0 de Brasil sobre Chile y podr\u00eda salir desde el arranque contra Bolivia en la altura. <\/p>\n<p class=\"paragraph\">De acuerdo con el reporte de Mundo Deportivo, este viaje supuso para <b>Raphinha<\/b> una carga f\u00edsica y log\u00edstica considerable, con alteraciones de huso horario y condiciones clim\u00e1ticas distintas. Tras participar durante casi 80 minutos en el primer partido, el delantero retorn\u00f3 a la concentraci\u00f3n en la <b>Granja Comary<\/b> en <b>Ter\u00e9sopolis<\/b>, donde entren\u00f3 de forma regular durante el fin de semana bajo la supervisi\u00f3n de <b>Ancelotti<\/b>. El medio catal\u00e1n indic\u00f3 que \u201cel jugador blaugrana<b> <\/b><b>estuvo siempre en la formaci\u00f3n titular que prob\u00f3 <\/b><b>Carletto<\/b><b>\u201d<\/b>.<\/p>\n<p><img alt=\"Raphinha jug\u00f3 contra Chile y\" class=\"global-image\" decoding=\"async\" fetchpriority=\"low\" height=\"2713\" loading=\"lazy\" src=\"https:\/\/www.europesays.com\/es\/wp-content\/uploads\/2025\/09\/HZALC3XKYNGGPETDMXEDHD5FDM.JPG\" width=\"4069\"\/>Raphinha jug\u00f3 contra Chile y apunta a jugar unos minutos frente a Bolivia (Reuters)<\/p>\n<p class=\"paragraph\">Minutos antes de partir hacia <b>Bolivia<\/b>, el t\u00e9cnico italiano compareci\u00f3 ante los medios sin desvelar la titularidad del extremo, limit\u00e1ndose a anunciar modificaciones en el equipo. \u201c<b>La idea que tengo es cambiar un poco, no solo los jugadores, sino nuestra forma de jugar.<\/b> Tenemos que considerar el componente de la altitud y estamos evaluando el cansancio de los futbolistas y la estrategia del partido\u201d, explic\u00f3. Tambi\u00e9n reconoci\u00f3 que \u201cmeteremos a jugadores con m\u00e1s frescura, porque tenemos que jugar de manera diferente a lo que hicimos contra Chile, porque en la altitud no puedes hacerlo con mucha intensidad y presi\u00f3n\u201d.<\/p>\n<p class=\"paragraph\">Informaciones de Marca recogieron que la ausencia de los tres jugadores del <b>Real Madrid<\/b> se justific\u00f3 porque <b>\u201cBrasil ya est\u00e1 clasificada\u201d <\/b>y \u201cpara los europeos parec\u00eda un esfuerzo extra llevarlos hasta la altura de Bolivia\u201d. No obstante, <b>Raphinha<\/b> fue el \u00fanico de los habituales que afront\u00f3 el periplo y, posiblemente, los minutos ambos partidos, situaci\u00f3n que gener\u00f3 molestias en la directiva del <b>FC Barcelona<\/b>, consciente de su importancia para un tramo importante de la temporada. Desde el peri\u00f3dico Sport a\u00f1adieron: \u201c<b>Un gasto de esfuerzos incre\u00edble en un momento clave del curso futbol\u00edstico<\/b>\u201d.<\/p>\n<p class=\"paragraph\">El propio futbolista brasile\u00f1o utiliz\u00f3 sus redes sociales para compartir su posici\u00f3n al respecto, escribiendo en portugu\u00e9s: \u201c<b>Siempre es un honor<\/b>\u201d, junto a una fotograf\u00eda vestido con la camiseta de la selecci\u00f3n.<\/p>\n<p class=\"paragraph\">La planificaci\u00f3n de la delegaci\u00f3n brasile\u00f1a incluy\u00f3 un primer vuelo desde <b>R\u00edo de Janeiro<\/b> hasta <b>Santa Cruz de la Sierra<\/b>, ciudad ubicada a 416 metros de altitud. Horas previas al partido, el plantel har\u00eda un segundo trayecto hacia <b>La Paz<\/b> para intentar reducir el impacto fisiol\u00f3gico de disputar un encuentro a m\u00e1s de 4.100 metros de altitud.<\/p>\n<p class=\"paragraph\">De acuerdo con lo expuesto por los principales medios deportivos espa\u00f1oles, la pol\u00e9mica se produce a escasos d\u00edas de que <b>Raphinha<\/b> deba reincorporarse a la disciplina del <b>Barcelona<\/b>, que enfrentar\u00e1 primero al <b>Valencia CF<\/b> en <b>La Liga<\/b> y, posteriormente, debutar\u00e1 en la <b>Champions League<\/b> ante el <b>Newcastle United<\/b>. <\/p>\n","protected":false},"excerpt":{"rendered":"Ancelotti prepara el equipo para enfrentar a Bolivia en la altura (Reuters) La selecci\u00f3n de Brasil atraviesa la&hellip;\n","protected":false},"author":2,"featured_media":105045,"comment_status":"","ping_status":"","sticky":false,"template":"","format":"standard","meta":{"footnotes":""},"categories":[93],"tags":[168,25,24,281,757,23,3020,167,36552],"class_list":{"0":"post-105044","1":"post","2":"type-post","3":"status-publish","4":"format-standard","5":"has-post-thumbnail","7":"category-deportes","8":"tag-deportes","9":"tag-es","10":"tag-espana","11":"tag-soccer","12":"tag-south-america-central-america","13":"tag-spain","14":"tag-sport","15":"tag-sports","16":"tag-teresopolis"},"share_on_mastodon":{"url":"","error":""},"_links":{"self":[{"href":"https:\/\/www.europesays.com\/es\/wp-json\/wp\/v2\/posts\/105044","targetHints":{"allow":["GET"]}}],"collection":[{"href":"https:\/\/www.europesays.com\/es\/wp-json\/wp\/v2\/posts"}],"about":[{"href":"https:\/\/www.europesays.com\/es\/wp-json\/wp\/v2\/types\/post"}],"author":[{"embeddable":true,"href":"https:\/\/www.europesays.com\/es\/wp-json\/wp\/v2\/users\/2"}],"replies":[{"embeddable":true,"href":"https:\/\/www.europesays.com\/es\/wp-json\/wp\/v2\/comments?post=105044"}],"version-history":[{"count":0,"href":"https:\/\/www.europesays.com\/es\/wp-json\/wp\/v2\/posts\/105044\/revisions"}],"wp:featuredmedia":[{"embeddable":true,"href":"https:\/\/www.europesays.com\/es\/wp-json\/wp\/v2\/media\/105045"}],"wp:attachment":[{"href":"https:\/\/www.europesays.com\/es\/wp-json\/wp\/v2\/media?parent=105044"}],"wp:term":[{"taxonomy":"category","embeddable":true,"href":"https:\/\/www.europesays.com\/es\/wp-json\/wp\/v2\/categories?post=105044"},{"taxonomy":"post_tag","embeddable":true,"href":"https:\/\/www.europesays.com\/es\/wp-json\/wp\/v2\/tags?post=105044"}],"curies":[{"name":"wp","href":"https:\/\/api.w.org\/{rel}","templated":true}]}}