{"id":105063,"date":"2025-09-10T07:52:08","date_gmt":"2025-09-10T07:52:08","guid":{"rendered":"https:\/\/www.europesays.com\/es\/105063\/"},"modified":"2025-09-10T07:52:08","modified_gmt":"2025-09-10T07:52:08","slug":"me-han-jodido-la-vuelta-a-espana","status":"publish","type":"post","link":"https:\/\/www.europesays.com\/es\/105063\/","title":{"rendered":"Me han jodido la Vuelta a Espa\u00f1a"},"content":{"rendered":"\n<ul class=\"bodyList bodyList--unordered\">\n<li class=\"bodyList__item\"><a href=\"https:\/\/www.elconfidencial.com\/deportes\/ciclismo\/2025-09-09\/vuelta-espana-protestas-ciclismo-caos-1hms_4205511\/\" target=\"_self\" rel=\"nofollow noopener\">Protestas, etapas sin acabar y caos: una edici\u00f3n de la Vuelta a Espa\u00f1a para el olvido<\/a><\/li>\n<li class=\"bodyList__item\"><a href=\"https:\/\/www.elconfidencial.com\/deportes\/ciclismo\/2025-09-09\/vuelta-a-espana-2025-asi-queda-clasificacion-general-etapa-16_4205539\/\" target=\"_self\" rel=\"nofollow noopener\">La Vuelta Espa\u00f1a 2025: as\u00ed queda la clasificaci\u00f3n general tras la etapa 16<\/a><\/li>\n<\/ul>\n<p> <strong>Javi Romo<\/strong>, corredor del<strong> equipo Movistar <\/strong>ha abandonado la<strong> Vuelta a Espa\u00f1a 2025<\/strong> debido a la <a href=\"https:\/\/www.elconfidencial.com\/deportes\/ciclismo\/2025-09-07\/vuelta-espana-manifestante-propalestino-javi-romo_4204121\/\" target=\"_self\" rel=\"nofollow noopener\">ca\u00edda que sufri\u00f3 el pasado domingo<\/a> en la etapa 15. Este accidente sucedi\u00f3 cuando un<strong><a href=\"https:\/\/www.elconfidencial.com\/deportes\/ciclismo\/2025-09-09\/vuelta-espana-protestas-ciclismo-caos-1hms_4205511\/\" target=\"_self\" rel=\"nofollow noopener\"> manifestante propalestino<\/a><\/strong> se quiso meter en la carretera y provoc\u00f3 que un miembro de seguridad fuera a interceptarlo, terminando con el <strong>espa\u00f1ol por los suelos. <\/strong> <\/p>\n<p> Tras la ca\u00edda se pudo reincorporar a la carrera y terminar el recorrido. Aunque antes increp\u00f3 al manifestante que hab\u00eda provocado su choque con el asfalto: <strong>\u00abMi primera reacci\u00f3n cuando me tiran a 50 por hora es la de cualquier persona.<\/strong> Creo que se pod\u00eda haber provocado una tragedia mucho mayor. Por suerte solo tengo golpes, no peque\u00f1os, pero pude coger la segunda bici y volver al pelot\u00f3n a hacer mi trabajo\u00bb. <\/p>\n<p>              <img decoding=\"async\" class=\"inTextNews__img\" alt=\"Foto: jonas-vingegaard-lider-vuelta-espana-protestas-pro-palestina-lo-hacen-por-una-razon\" src=\"https:\/\/www.europesays.com\/es\/wp-content\/uploads\/2025\/09\/f.elconfidencial.com\/original\/1e0\/d0b\/0ca\/1e0d0b0ca182c07ec371ffa24db082ca.jpg\"  \/>     <\/p>\n<p>TE PUEDE INTERESAR<\/p>\n<p>      <a class=\"inTextNews__title\" href=\"https:\/\/www.elconfidencial.com\/deportes\/ciclismo\/2025-09-09\/jonas-vingegaard-lider-vuelta-espana-protestas-pro-palestina-lo-hacen-por-una-razon_4204559\/\" onclick=\"window.ECCO.emit(&#039;amplitude&#039;, { dataEventName: &#039;click_related_article_module&#039;, data: { related_article_url: &#039;https:\/\/www.elconfidencial.com\/deportes\/ciclismo\/2025-09-09\/jonas-vingegaard-lider-vuelta-espana-protestas-pro-palestina-lo-hacen-por-una-razon_4204559\/&#039;, related_article_author: &#039;\u00c1lvaro El\u00edas&#039;, related_article_section: &#039;ciclismo&#039; } })\" rel=\"nofollow noopener\" target=\"_blank\"> Vingegaard, l\u00edder de la Vuelta y las protestas pro-Palestina: \u00abLa gente lo hace por una raz\u00f3n\u00bb <\/a>   <\/p>\n<p>    El Confidencial   <\/p>\n<p> Aunque neg\u00f3 rotundamente haberle pegado: \u00abNo s\u00e9 de d\u00f3nde ha salido lo de la pelea. Si hay un v\u00eddeo, mu\u00e9stramelo. Y<strong>o no he pegado a nadie\u00bb<\/strong>. <\/p>\n<p> Con una jornada de descanso por medio, el corredor manchego tom\u00f3 la salida en la <strong><a href=\"https:\/\/www.elconfidencial.com\/deportes\/ciclismo\/2025-09-09\/vuelta-a-espana-palestina-israel-protestas_4205512\/\" target=\"_self\" rel=\"nofollow noopener\">etapa 16<\/a> <\/strong>de este martes con visibles contusiones y heridas en su costado izquierdo. A falta de <strong>84 kil\u00f3metros para la meta<\/strong> no pudo m\u00e1s y se baj\u00f3 de la bicicleta, diciendo <strong>adi\u00f3s en su segunda participaci\u00f3n en la Vuelta a Espa\u00f1a. <\/strong> <\/p>\n<blockquote class=\"instagram-media\" data-instgrm-captioned=\"\" data-instgrm-permalink=\"https:\/\/www.instagram.com\/reel\/DOYvuecgkwN\/?utm_source=ig_embed&amp;utm_campaign=loading\" data-instgrm-version=\"14\" style=\" background:#FFF; border:0; border-radius:3px; box-shadow:0 0 1px 0 rgba(0,0,0,0.5),0 1px 10px 0 rgba(0,0,0,0.15); margin: 1px; max-width:540px; min-width:326px; padding:0; width:99.375%; width:-webkit-calc(100% - 2px); width:calc(100% - 2px);\"\/>\n<p> Tras su abandono, Romo quiso dar explicaciones de lo que sucedi\u00f3: \u00abIntent\u00e9 avisar a mis compa\u00f1eros de atr\u00e1s, hice el afilador con el compa\u00f1ero de adelante y me ca\u00ed. No soy qui\u00e9n para juzgar a este tipo de personas, est\u00e1 la Polic\u00eda y la Guardia Civil. <strong>A mi me han jodido la Vuelta a Espa\u00f1a y no creo que sea yo la persona que tenga que pagar por esto\u00bb.<\/strong> <\/p>\n<p>         <script async src=\"\/\/www.instagram.com\/embed.js\"><\/script><\/p>\n","protected":false},"excerpt":{"rendered":"Protestas, etapas sin acabar y caos: una edici\u00f3n de la Vuelta a Espa\u00f1a para el olvido La Vuelta&hellip;\n","protected":false},"author":2,"featured_media":105064,"comment_status":"","ping_status":"","sticky":false,"template":"","format":"standard","meta":{"footnotes":""},"categories":[273],"tags":[313,312,168,25,24,23,167],"class_list":{"0":"post-105063","1":"post","2":"type-post","3":"status-publish","4":"format-standard","5":"has-post-thumbnail","7":"category-ciclismo","8":"tag-ciclismo","9":"tag-cycling","10":"tag-deportes","11":"tag-es","12":"tag-espana","13":"tag-spain","14":"tag-sports"},"share_on_mastodon":{"url":"","error":""},"_links":{"self":[{"href":"https:\/\/www.europesays.com\/es\/wp-json\/wp\/v2\/posts\/105063","targetHints":{"allow":["GET"]}}],"collection":[{"href":"https:\/\/www.europesays.com\/es\/wp-json\/wp\/v2\/posts"}],"about":[{"href":"https:\/\/www.europesays.com\/es\/wp-json\/wp\/v2\/types\/post"}],"author":[{"embeddable":true,"href":"https:\/\/www.europesays.com\/es\/wp-json\/wp\/v2\/users\/2"}],"replies":[{"embeddable":true,"href":"https:\/\/www.europesays.com\/es\/wp-json\/wp\/v2\/comments?post=105063"}],"version-history":[{"count":0,"href":"https:\/\/www.europesays.com\/es\/wp-json\/wp\/v2\/posts\/105063\/revisions"}],"wp:featuredmedia":[{"embeddable":true,"href":"https:\/\/www.europesays.com\/es\/wp-json\/wp\/v2\/media\/105064"}],"wp:attachment":[{"href":"https:\/\/www.europesays.com\/es\/wp-json\/wp\/v2\/media?parent=105063"}],"wp:term":[{"taxonomy":"category","embeddable":true,"href":"https:\/\/www.europesays.com\/es\/wp-json\/wp\/v2\/categories?post=105063"},{"taxonomy":"post_tag","embeddable":true,"href":"https:\/\/www.europesays.com\/es\/wp-json\/wp\/v2\/tags?post=105063"}],"curies":[{"name":"wp","href":"https:\/\/api.w.org\/{rel}","templated":true}]}}