{"id":105069,"date":"2025-09-10T07:55:09","date_gmt":"2025-09-10T07:55:09","guid":{"rendered":"https:\/\/www.europesays.com\/es\/105069\/"},"modified":"2025-09-10T07:55:09","modified_gmt":"2025-09-10T07:55:09","slug":"el-granada-preve-una-comparecencia-sobre-algo-mas-que-el-mercado","status":"publish","type":"post","link":"https:\/\/www.europesays.com\/es\/105069\/","title":{"rendered":"El Granada prev\u00e9 una comparecencia sobre algo m\u00e1s que el mercado"},"content":{"rendered":"<p>La rueda de prensa que el Granada fij\u00f3 para este mi\u00e9rcoles con el fin de hacer balance del mercado de fichajes tendr\u00e1 un calado mayor  &#8230; que el puramente deportivo. El club prev\u00e9 una comparecencia m\u00e1s profunda, en la que intervendr\u00e1 en solitario el director general de la entidad, Alfredo Garc\u00eda Amado. Tendr\u00e1n cabida todas las cuestiones relacionadas con la actualidad rojiblanca, despu\u00e9s de una primera exposici\u00f3n del gijon\u00e9s en la que querr\u00e1 explicar, entre otras cosas, los pormenores del l\u00edmite salarial. <\/p>\n<p class=\"v-p\">As\u00ed, el dirigente romper\u00e1 con el silencio institucional establecido desde el \u00faltimo desayuno informativo con los medios de comunicaci\u00f3n, en el que tambi\u00e9n participaron el adjunto a la presidenta, Javier Aranguren, y los miembros de la direcci\u00f3n deportiva Miguel Melgar y Javi Alonso; si bien habr\u00eda que retroceder m\u00e1s atr\u00e1s para encontrar una participaci\u00f3n de gente de la c\u00fapula de mando bajo un formato convencional, en la sala de prensa de Los C\u00e1rmenes y con cuestiones captadas por parte de los periodistas. Desde la salida de Matteo Tognozzi, solo hubo una intervenci\u00f3n de pie con micr\u00f3fonos y grabadoras de Amado tras la presentaci\u00f3n de Pacheta. <\/p>\n<p class=\"v-p\">En un momento preocupante para el Granada, con solo un punto en cuatro partidos, Amado tendr\u00e1 que abordar much\u00edsimos frentes. Sin salir de lo relacionado con el primer equipo masculino, su planificaci\u00f3n, llena de sobresaltos, con problemas de inscripci\u00f3n incluidos. Los rojiblancos se vieron obligados a desprenderse de la mayor\u00eda de sus activos m\u00e1s cotizados, a pesar de que en aquel encuentro informal con los medios se subrayara que no era obligatorio vender futbolistas para incorporar a otros. La realidad contradijo aquello.<\/p>\n<p class=\"v-p\">En relaci\u00f3n a esto, el porqu\u00e9 de las visibles limitaciones econ\u00f3micas actuales, pese a que el Granada ha hecho algunas de las ventas m\u00e1s importantes de su historia en los \u00faltimos a\u00f1os. Si la bajada en derechos televisivos y p\u00e9rdida de la ayuda al descenso ha supuesto semejante varapalo o si hay algo m\u00e1s, en relaci\u00f3n al gasto en otras contrataciones o en los muchos finiquitos recientes, con ceses de entrenadores y directores deportivos, entre otros. <\/p>\n<p class=\"v-p\">No son pocos los indicios acerca de una delicada situaci\u00f3n financiera, que se muestra en ejemplos del d\u00eda a d\u00eda y que tambi\u00e9n tendr\u00e1 que aclarar el director general. Adem\u00e1s, est\u00e1 la par\u00e1lisis en la ampliaci\u00f3n de la Ciudad Deportiva, que a duras penas ha permitido que ya se puedan jugar los partidos del Recreativo Granada y del Femenino all\u00ed \u2013esta semana lo hizo en Los C\u00e1rmenes por coincidencia\u2013, pero que a simple vista muestra que a esta fase le queda recorrido para finalizar. Un retraso que mantiene alejada a la mayor\u00eda de equipos de cantera, en los que tambi\u00e9n hay recortes que podr\u00e1 argumentar. <\/p>\n<p class=\"v-p\">Es probable que Amado quiera tambi\u00e9n aclarar algunos asuntos personales, a ra\u00edz de la especulaci\u00f3n sobre un supuesto conflicto de intereses por su actividad paralela en la agencia de representaci\u00f3n de la que ya era miembro al llegar al club, aunque desde la entidad ya corroboraron que es una labor de la que avis\u00f3 documentalmente y que se le permite al quedarse al margen cuando ha habido negociaciones con los rojiblancos. Por \u00faltimo, tambi\u00e9n podr\u00e1 enviar un mensaje a la propia masa social. <\/p>\n<p>Se planea una reuni\u00f3n con pe\u00f1as y colectivos la semana que viene <\/p>\n<p class=\"v-p\">\nAdem\u00e1s del encuentro con la prensa, el club planea una reuni\u00f3n con pe\u00f1as y colectivos granadinistas la semana que viene, con el d\u00eda por concretar. Una reuni\u00f3n, que se ha celebrado otras veces, a la que pueden asistir los presidentes de las agrupaciones dentro de la federaci\u00f3n &#8216;G19&#8217;, as\u00ed como las otras cuatro grandes agrupaciones: la asociaci\u00f3n 5001 \u2013accionistas minoritarios\u2013, los &#8216;You&#8217;ll Never Drink Alone&#8217;, la pe\u00f1a &#8216;Sur Grana\u00edno&#8217; y la Grada de Animaci\u00f3n. El Granada de momento no ha invitado a &#8216;Uni\u00f3n Granadinista&#8217;, aunque algunos de sus miembros tambi\u00e9n est\u00e1n en los otros colectivos y podr\u00e1n ir. El nuevo movimiento prepara una acci\u00f3n pac\u00edfica para el partido del domingo. Adem\u00e1s difundieron que han tenido contactos con representantes municipales. \u00abDesde el Ayuntamiento han mostrado inter\u00e9s por nuestra asociaci\u00f3n y preocupaci\u00f3n por la situaci\u00f3n. Nos hemos emplazado a una reuni\u00f3n de trabajo\u00bb, comunicaron, pidiendo sugerencias a sus asociados.<\/p>\n","protected":false},"excerpt":{"rendered":"La rueda de prensa que el Granada fij\u00f3 para este mi\u00e9rcoles con el fin de hacer balance del&hellip;\n","protected":false},"author":2,"featured_media":105070,"comment_status":"","ping_status":"","sticky":false,"template":"","format":"standard","meta":{"footnotes":""},"categories":[268],"tags":[10156,168,25,24,280,282,494,1239,7380,57,281,23,167],"class_list":{"0":"post-105069","1":"post","2":"type-post","3":"status-publish","4":"format-standard","5":"has-post-thumbnail","7":"category-futbol","8":"tag-comparecencia","9":"tag-deportes","10":"tag-es","11":"tag-espana","12":"tag-football","13":"tag-futbol","14":"tag-granada","15":"tag-mercado","16":"tag-preve","17":"tag-sobre","18":"tag-soccer","19":"tag-spain","20":"tag-sports"},"share_on_mastodon":{"url":"","error":""},"_links":{"self":[{"href":"https:\/\/www.europesays.com\/es\/wp-json\/wp\/v2\/posts\/105069","targetHints":{"allow":["GET"]}}],"collection":[{"href":"https:\/\/www.europesays.com\/es\/wp-json\/wp\/v2\/posts"}],"about":[{"href":"https:\/\/www.europesays.com\/es\/wp-json\/wp\/v2\/types\/post"}],"author":[{"embeddable":true,"href":"https:\/\/www.europesays.com\/es\/wp-json\/wp\/v2\/users\/2"}],"replies":[{"embeddable":true,"href":"https:\/\/www.europesays.com\/es\/wp-json\/wp\/v2\/comments?post=105069"}],"version-history":[{"count":0,"href":"https:\/\/www.europesays.com\/es\/wp-json\/wp\/v2\/posts\/105069\/revisions"}],"wp:featuredmedia":[{"embeddable":true,"href":"https:\/\/www.europesays.com\/es\/wp-json\/wp\/v2\/media\/105070"}],"wp:attachment":[{"href":"https:\/\/www.europesays.com\/es\/wp-json\/wp\/v2\/media?parent=105069"}],"wp:term":[{"taxonomy":"category","embeddable":true,"href":"https:\/\/www.europesays.com\/es\/wp-json\/wp\/v2\/categories?post=105069"},{"taxonomy":"post_tag","embeddable":true,"href":"https:\/\/www.europesays.com\/es\/wp-json\/wp\/v2\/tags?post=105069"}],"curies":[{"name":"wp","href":"https:\/\/api.w.org\/{rel}","templated":true}]}}