{"id":10509,"date":"2025-07-29T00:03:20","date_gmt":"2025-07-29T00:03:20","guid":{"rendered":"https:\/\/www.europesays.com\/es\/10509\/"},"modified":"2025-07-29T00:03:20","modified_gmt":"2025-07-29T00:03:20","slug":"el-gobierno-andaluz-sostiene-que-los-ninos-adquieren-en-los-toros-conciencia-ecologica-y-de-empatia-con-los-animales","status":"publish","type":"post","link":"https:\/\/www.europesays.com\/es\/10509\/","title":{"rendered":"El Gobierno andaluz sostiene que los ni\u00f1os adquieren en los toros \u00abconciencia ecol\u00f3gica y de empat\u00eda\u00bb con los animales"},"content":{"rendered":"<p class=\"article-text\">\n        \u201cNo se puede coartar la cultura: lo mismo que no se puede prohibir el acceso de menores a museos, tampoco se puede prohibir el acceso a la tauromaquia\u201d. \u00c9ste es uno de los argumentos que esgrime el Gobierno andaluz para rechazar que se impida el acceso a las corridas de toros a los menores de 18 a\u00f1os, expresando as\u00ed su criterio contrario a la <a href=\"https:\/\/www.eldiario.es\/andalucia\/andalucia-pide-modificar-ley-prohibir-asistencia-menores-espectaculos-taurinos_1_12237288.html\" target=\"_blank\" data-mrf-recirculation=\"links-noticia\" class=\"link\" rel=\"nofollow noopener\">proposici\u00f3n de ley registrada en el Parlamento por el grupo Por Andaluc\u00eda<\/a>. En su an\u00e1lisis, la Junta esgrime que la presencia de ni\u00f1os es fundamental para \u201cpreservar nuestro acervo cultural\u201d y llega a argumentar que los espect\u00e1culos taurinos \u201cpueden generar en el menor una conciencia ecol\u00f3gica y de empat\u00eda con el entorno animal\u201d.\n    <\/p>\n<p>    <a href=\"https:\/\/www.eldiario.es\/andalucia\/junta-presume-retransmision-tres-corridas-toros-sevilla-canal-sur-pagara-300-000-euros_1_12281752.html\" data-mrf-recirculation=\"saber-mas\" data-dl-event=\"saber-mas\" rel=\"nofollow noopener\" target=\"_blank\"><\/p>\n<p class=\"know-more__title\">La Junta presume de la retransmisi\u00f3n de tres corridas de toros desde Sevilla por las que Canal Sur pagar\u00e1 300.000 euros<\/p>\n<p>            <img decoding=\"async\" class=\"lazy\" loading=\"lazy\" data-src=\"https:\/\/static.eldiario.es\/clip\/04dbbced-7d4a-47d7-bf61-6600fa317d84_16-9-aspect-ratio_default_0.jpg\" src=\"data:image\/svg+xml,%3Csvg xmlns=\" http:=\"\" viewbox=\"0 0 880 495\" alt=\"La Junta presume de la retransmisi\u00f3n de tres corridas de toros desde Sevilla por las que Canal Sur pagar\u00e1 300.000 euros\"\/><\/p>\n<p>                        <\/a><\/p>\n<p class=\"article-text\">\n        El informe que argumenta la oposici\u00f3n del Ejecutivo de Juan Manuel Moreno est\u00e1 firmado por el secretario general de Interior de la Consejer\u00eda de la Presidencia, David Gil, y fija la posici\u00f3n contraria a la petici\u00f3n de Por Andaluc\u00eda, que apelaba para ello a \u201clos cambios producidos en la sociedad espa\u00f1ola\u201d. Tambi\u00e9n alud\u00eda a las recomendaciones realizadas por el Comit\u00e9 de los Derechos del Ni\u00f1o de la ONU para \u201cprevenir los efectos nocivos\u201d de estos espect\u00e1culos en los menores.\n    <\/p>\n<p class=\"article-text\">\n        En este sentido, la Junta apunta que \u201cAndaluc\u00eda manifiesta el pleno respeto y protecci\u00f3n a los derechos del menor\u201d, pero que \u201cno se comparte\u201d esta consideraci\u00f3n de Naciones Unidas. \u00bfY por qu\u00e9? Pues porque \u201cse contrapone\u201d con otros derechos, como los relativos a \u201cpromover y defender los valores culturales y de apoyo a la tradici\u00f3n\u201d, a lo que se suma el \u201cderecho preferente\u201d de los padres a escoger el tipo de educaci\u00f3n para sus hijos. \u201cLa asistencia a estos espect\u00e1culos culturales forma parte del componente educativo\u201d, reivindica.\n    <\/p>\n<p>    Es \u201cfundamental\u201d que los ni\u00f1os vayan a la plaza<\/p>\n<p class=\"article-text\">\n        Asimismo, subraya que la tauromaquia conecta con el ejercicio de derechos fundamentales y libertades p\u00fablicas, entre los que enumera los de \u201cpensamiento y expresi\u00f3n, de producci\u00f3n y creaci\u00f3n literaria, art\u00edstica, cient\u00edfica y t\u00e9cnica\u201d. Por ello, \u201ccomo actividad cultural y art\u00edstica\u201d, considera que requiere \u201cde protecci\u00f3n y fomento\u201d, sentido en el que resulta \u201cfundamental\u201d que los ni\u00f1os vayan a los espect\u00e1culos taurinos para as\u00ed \u201cpreservar nuestro acervo cultural, proteger nuestro pasado y respetar las distintas formas de expresi\u00f3n art\u00edstica\u201d.\n    <\/p>\n<p class=\"article-text\">\n        Para el Gobierno andaluz, la asistencia a espect\u00e1culos taurinos, \u201co el acompa\u00f1amiento a actividades como la caza o pesca\u201d, pueden generar en el menor \u201cuna conciencia ecol\u00f3gica y de empat\u00eda con el entorno animal\u201d. Esto, a su vez, derivar\u00eda en \u201cuna actitud totalmente contraria a la violencia y de admiraci\u00f3n hacia los propios animales\u201d.\n    <\/p>\n<p class=\"article-text\">\n        Asimismo, da por hecho que \u201cactualmente existe un consenso en la aceptaci\u00f3n mayoritaria\u201d del car\u00e1cter cultural, hist\u00f3rico y tradicional de la tauromaquia. Su valor cultural, insiste una y otra vez, es \u201cindiscutible\u201d, toda vez que \u201cse resaltan valores profundamente humanos como puedan ser la inteligencia, el valor, la est\u00e9tica, la solidaridad, o el raciocinio como forma de control de la fuerza bruta\u201d.\n    <\/p>\n<p>    El argumento econ\u00f3mico y el de la libertad<\/p>\n<p class=\"article-text\">\n        La Junta tambi\u00e9n pone sobre la mesa el beneficio econ\u00f3mico de la actividad para Andaluc\u00eda, ya que aporta el 0,375% del PIB andaluz. Esto genera un impacto econ\u00f3mico indirecto de m\u00e1s 45 millones de euros al a\u00f1o, con m\u00e1s de 3.100 personas que se vinculan de forma directa a los festejos taurinos.\n    <\/p>\n<p class=\"article-text\">\n        Por \u00faltimo, sustenta su rechazo a la prohibici\u00f3n de entrada de los menores apelando a la libertad, que llega a definir como la facultad del ser humano de actuar seg\u00fan sus valores, criterios, raz\u00f3n y voluntad, \u201csin m\u00e1s limitaciones que el respeto a la libertad de los dem\u00e1s\u201d. \u201cHay libertad cuando las personas pueden obrar sin coacci\u00f3n y opresi\u00f3n por parte de otros sujetos\u201d, a\u00f1ade.\n    <\/p>\n<p class=\"article-text\">\n        Desde este punto de vista, \u201cno se puede coartar la cultura\u201d, lo que implica que \u201ctampoco se puede prohibir el acceso a la tauromaquia\u201d. \u201cCuantas m\u00e1s posibilidades de elecci\u00f3n se tengan, mayor ser\u00e1 la libertad\u201d, apostilla, por lo que \u201csi las personas responsables de los menores pueden elegir libremente el acceso a no a estas actividades, mayor ser\u00e1 su libertad\u201d.\n    <\/p>\n<p>    <a href=\"https:\/\/www.eldiario.es\/andalucia\/andalucia-pide-modificar-ley-prohibir-asistencia-menores-espectaculos-taurinos_1_12237288.html\" data-mrf-recirculation=\"saber-mas-abajo\" data-dl-event=\"saber-mas-abajo\" rel=\"nofollow noopener\" target=\"_blank\"><\/p>\n<p class=\"know-more__title\">Por Andaluc\u00eda pide modificar la ley para prohibir la asistencia de menores a espect\u00e1culos taurinos<\/p>\n<p>            <img decoding=\"async\" class=\"lazy\" loading=\"lazy\" data-src=\"https:\/\/static.eldiario.es\/clip\/f6660e44-8019-4438-8bd5-b3a1c3cef030_16-9-aspect-ratio_default_0.jpg\" src=\"data:image\/svg+xml,%3Csvg xmlns=\" http:=\"\" viewbox=\"0 0 880 495\" alt=\"Por Andaluc\u00eda pide modificar la ley para prohibir la asistencia de menores a espect\u00e1culos taurinos\"\/><\/p>\n<p>                        <\/a><\/p>\n<p class=\"article-text\">\n        La proposici\u00f3n de ley de Por Andaluc\u00eda est\u00e1 ahora condenada a naufragar en el Parlamento andaluz, con mayor\u00eda absoluta del PP, lo que para la formaci\u00f3n \u201cno supone ninguna sorpresa dado el apoyo incondicional en todos los sentidos que el Gobierno andaluz manifiesta hacia la tauromaquia\u201d. La formaci\u00f3n de izquierdas basa sobre todo su \u201cdisconformidad\u201d en que la Junta sustente su negativa en la importancia de las tradiciones y los valores culturales de estos festejos, \u201ccuando la realidad es que se centran en la barbarie que supone la tortura y muerte de un animal\u201d.\n    <\/p>\n<p class=\"article-text\">\n        Ahora puedes seguir las noticias de Sevilla capital y provincia a trav\u00e9s de la red social X en\u00a0<a href=\"https:\/\/twitter.com\/SevillaDiarioes\" target=\"_blank\" data-mrf-recirculation=\"links-noticia\" class=\"link\" rel=\"nofollow noopener\">este enlace<\/a>.\n    <\/p>\n<p>                                    <script async src=\"https:\/\/platform.twitter.com\/widgets.js\" charset=\"utf-8\"><\/script><\/p>\n","protected":false},"excerpt":{"rendered":"\u201cNo se puede coartar la cultura: lo mismo que no se puede prohibir el acceso de menores a&hellip;\n","protected":false},"author":2,"featured_media":10510,"comment_status":"","ping_status":"","sticky":false,"template":"","format":"standard","meta":{"footnotes":""},"categories":[277],"tags":[1705,259,373,2760,168,3854,25,24,494,1667,3855,10,1925,1171,23,167,374],"class_list":{"0":"post-10509","1":"post","2":"type-post","3":"status-publish","4":"format-standard","5":"has-post-thumbnail","7":"category-toreo","8":"tag-analisis","9":"tag-andalucia","10":"tag-bullfighting","11":"tag-cordoba","12":"tag-deportes","13":"tag-eldiario-es","14":"tag-es","15":"tag-espana","16":"tag-granada","17":"tag-informacion","18":"tag-malaga","19":"tag-noticias","20":"tag-opinion","21":"tag-sevilla","22":"tag-spain","23":"tag-sports","24":"tag-toreo"},"share_on_mastodon":{"url":"","error":""},"_links":{"self":[{"href":"https:\/\/www.europesays.com\/es\/wp-json\/wp\/v2\/posts\/10509","targetHints":{"allow":["GET"]}}],"collection":[{"href":"https:\/\/www.europesays.com\/es\/wp-json\/wp\/v2\/posts"}],"about":[{"href":"https:\/\/www.europesays.com\/es\/wp-json\/wp\/v2\/types\/post"}],"author":[{"embeddable":true,"href":"https:\/\/www.europesays.com\/es\/wp-json\/wp\/v2\/users\/2"}],"replies":[{"embeddable":true,"href":"https:\/\/www.europesays.com\/es\/wp-json\/wp\/v2\/comments?post=10509"}],"version-history":[{"count":0,"href":"https:\/\/www.europesays.com\/es\/wp-json\/wp\/v2\/posts\/10509\/revisions"}],"wp:featuredmedia":[{"embeddable":true,"href":"https:\/\/www.europesays.com\/es\/wp-json\/wp\/v2\/media\/10510"}],"wp:attachment":[{"href":"https:\/\/www.europesays.com\/es\/wp-json\/wp\/v2\/media?parent=10509"}],"wp:term":[{"taxonomy":"category","embeddable":true,"href":"https:\/\/www.europesays.com\/es\/wp-json\/wp\/v2\/categories?post=10509"},{"taxonomy":"post_tag","embeddable":true,"href":"https:\/\/www.europesays.com\/es\/wp-json\/wp\/v2\/tags?post=10509"}],"curies":[{"name":"wp","href":"https:\/\/api.w.org\/{rel}","templated":true}]}}