{"id":105096,"date":"2025-09-10T08:14:16","date_gmt":"2025-09-10T08:14:16","guid":{"rendered":"https:\/\/www.europesays.com\/es\/105096\/"},"modified":"2025-09-10T08:14:16","modified_gmt":"2025-09-10T08:14:16","slug":"novak-djokovic-se-abre-en-una-entrevista-debemos-aprender-a-estar-solos-y-a-crear-espacios-para-nosotros-mismos","status":"publish","type":"post","link":"https:\/\/www.europesays.com\/es\/105096\/","title":{"rendered":"Novak Djokovic se abre en una entrevista: \u00abDebemos aprender a estar solos y a crear espacios para nosotros mismos\u00bb"},"content":{"rendered":"<p class=\"v-mdl-ath__p v-mdl-ath__p--6\">\nMartes, 9 de septiembre 2025, 01:09<\/p>\n<p class=\"v-p\"><strong>Novak Djokovic<\/strong>, uno de los mejores tenistas de la historia, ha decidido mostrar su <strong>faceta<\/strong> m\u00e1s<strong> personal<\/strong> en el podcast del coach y escritor Jay Shetty. A lo largo de la conversaci\u00f3n, el que posee 24 t\u00edtulos de Grand Slam ha compartido una profunda <strong>reflexi\u00f3n<\/strong> sobre la <strong>soledad<\/strong> y el <strong>crecimiento personal<\/strong>.<\/p>\n<p class=\"v-p\">\u00abLa <strong>soledad<\/strong> no es necesariamente mala. Debemos aprender a abrazarla y a disfrutar estando con nosotros mismos\u00bb, comienza explicando Djokovic. El tenista subraya que, lejos de caer en los extremos, se trata de encontrar un <strong>punto intermedio<\/strong> que resulte <strong>saludable<\/strong>. \u00abNo significa que tengamos que llevarlo al otro extremo, pero s\u00ed debe haber un equilibrio, dedicando una parte de nuestro tiempo a nosotros mismos\u00bb, continua. <\/p>\n<p><a href=\"http:\/\/www.lasprovincias.es\/valenciacf\/kempes-valencia-pensar-alla-arriba-juegan-competiciones-20250904005312-nt.html#vtm_modulosEngag=mod-rel:sociedad:noticia:1:cmp:2-not\" class=\"v-a-link\" title=\"Kempes: \u00abEste Valencia tiene que pensar all\u00e1 arriba donde se juegan las competiciones europeas\u00bb\" rel=\"nofollow noopener\" target=\"_blank\"><br \/>\n<img decoding=\"async\" loading=\"lazy\" class=\"v-a-img\" src=\"https:\/\/www.europesays.com\/es\/wp-content\/uploads\/2025\/09\/KEMPES-kx7D--366x256@Las Provincias.jpg\" alt=\"Kempes: \u00abEste Valencia tiene que pensar all\u00e1 arriba donde se juegan las competiciones europeas\u00bb\"\/><br \/>\n<\/a><\/p>\n<p><a href=\"http:\/\/www.lasprovincias.es\/valenciacf\/kiat-lim-pasamos-recinto-anticuado-destino-moderno-20250904111859-nt.html#vtm_modulosEngag=mod-rel:sociedad:noticia:2:cmp:2-not\" class=\"v-a-link\" title=\"Kiat Lim: \u00abPasamos de un recinto anticuado a un destino moderno\u00bb\" rel=\"nofollow noopener\" target=\"_blank\"><br \/>\n<img decoding=\"async\" loading=\"lazy\" class=\"v-a-img\" src=\"https:\/\/www.europesays.com\/es\/wp-content\/uploads\/2025\/09\/1493290588 (2)-U18406741386EUk-366x256@Las Provincias.jpg\" alt=\"Kiat Lim: \u00abPasamos de un recinto anticuado a un destino moderno\u00bb\"\/><br \/>\n<\/a><\/p>\n<p class=\"v-p\">El tenista argumenta que sentirse  <strong>aburrido<\/strong> de vez en cuando es <strong>positivo<\/strong>, ya que nos puede ayudar a organizar la mente o a potenciar nuestra <strong>creatividad<\/strong>. \u00abEstar aburrido es bueno. Sentirse aburrido no significa que inmediatamente tengas que ponerte a leer un libro o a mirar la pantalla del m\u00f3vil o del televisor. Necesitas aprender a estar a solas con tus pensamientos\u00bb, destaca. <\/p>\n<p class=\"v-p\">A lo que a\u00f1ade: \u00abSi no te sientes c\u00f3modo haciendo esto dentro de casa hazlo fuera de casa. Si\u00e9ntate, t\u00f3mate algo y simplemente <strong>mira al cielo<\/strong>. Es el momento en el que puedes ser m\u00e1s creativo o <strong>gestionar<\/strong> todos esos <strong>pensamientos<\/strong> que has estado evitando, distray\u00e9ndote con el tel\u00e9fono o con otras cosas\u00bb. <\/p>\n<p>Comenta<\/p>\n<p>Reporta un error<\/p>\n","protected":false},"excerpt":{"rendered":"Martes, 9 de septiembre 2025, 01:09 Novak Djokovic, uno de los mejores tenistas de la historia, ha decidido&hellip;\n","protected":false},"author":2,"featured_media":105097,"comment_status":"","ping_status":"","sticky":false,"template":"","format":"standard","meta":{"footnotes":""},"categories":[274],"tags":[168,25,24,547,36557,36556,36558,36559,23,167,327,326],"class_list":{"0":"post-105096","1":"post","2":"type-post","3":"status-publish","4":"format-standard","5":"has-post-thumbnail","7":"category-tenis","8":"tag-deportes","9":"tag-es","10":"tag-espana","11":"tag-novak-djokovic","12":"tag-novak-djokovic-entrevista","13":"tag-novak-djokovic-podcast","14":"tag-novak-djokovic-reflexion","15":"tag-novak-djokovic-soledad","16":"tag-spain","17":"tag-sports","18":"tag-tenis","19":"tag-tennis"},"share_on_mastodon":{"url":"","error":""},"_links":{"self":[{"href":"https:\/\/www.europesays.com\/es\/wp-json\/wp\/v2\/posts\/105096","targetHints":{"allow":["GET"]}}],"collection":[{"href":"https:\/\/www.europesays.com\/es\/wp-json\/wp\/v2\/posts"}],"about":[{"href":"https:\/\/www.europesays.com\/es\/wp-json\/wp\/v2\/types\/post"}],"author":[{"embeddable":true,"href":"https:\/\/www.europesays.com\/es\/wp-json\/wp\/v2\/users\/2"}],"replies":[{"embeddable":true,"href":"https:\/\/www.europesays.com\/es\/wp-json\/wp\/v2\/comments?post=105096"}],"version-history":[{"count":0,"href":"https:\/\/www.europesays.com\/es\/wp-json\/wp\/v2\/posts\/105096\/revisions"}],"wp:featuredmedia":[{"embeddable":true,"href":"https:\/\/www.europesays.com\/es\/wp-json\/wp\/v2\/media\/105097"}],"wp:attachment":[{"href":"https:\/\/www.europesays.com\/es\/wp-json\/wp\/v2\/media?parent=105096"}],"wp:term":[{"taxonomy":"category","embeddable":true,"href":"https:\/\/www.europesays.com\/es\/wp-json\/wp\/v2\/categories?post=105096"},{"taxonomy":"post_tag","embeddable":true,"href":"https:\/\/www.europesays.com\/es\/wp-json\/wp\/v2\/tags?post=105096"}],"curies":[{"name":"wp","href":"https:\/\/api.w.org\/{rel}","templated":true}]}}