{"id":105108,"date":"2025-09-10T08:21:09","date_gmt":"2025-09-10T08:21:09","guid":{"rendered":"https:\/\/www.europesays.com\/es\/105108\/"},"modified":"2025-09-10T08:21:09","modified_gmt":"2025-09-10T08:21:09","slug":"nosotros-eramos-personajes-secundarios-en-esa-historia-de-amor","status":"publish","type":"post","link":"https:\/\/www.europesays.com\/es\/105108\/","title":{"rendered":"Nosotros \u00e9ramos personajes secundarios en esa historia de amor"},"content":{"rendered":"<p data-journey-content=\"true\" data-node-id=\"3\" class=\"css-i9p093 emevuu60\">La literatura deja de ser artificio cuando empieza a ser lupa y ejercicio de memoria. <a href=\"https:\/\/www.esquire.com\/es\/actualidad\/libros\/a65622866\/elvira-lindo-recomendacion-libro-novela\/\" target=\"_blank\" data-vars-ga-outbound-link=\"https:\/\/www.esquire.com\/es\/actualidad\/libros\/a65622866\/elvira-lindo-recomendacion-libro-novela\/\" data-vars-ga-ux-element=\"Hyperlink\" data-vars-ga-call-to-action=\"Elvira Lindo\" data-node-id=\"3.1\" class=\"body-link css-1kzkd1m emevuu60\" rel=\"nofollow noopener\">Elvira Lindo<\/a> plasma esta idea en una de sus \u00faltimas obras (de 2020). <strong data-node-id=\"3.3\">La escritora se encara con el recuerdo de su infancia y, con \u00e9l, el retrato \u00edntimo de sus padres.<\/strong> M\u00e1s que como la madre y el padre que ella conoci\u00f3 en la madurez, lo hace como la pareja de j\u00f3venes apasionados que fueron antes de que llegaran los hijos, en un pa\u00eds que a\u00fan viv\u00eda bajo la rigidez de los a\u00f1os sesenta. Desde un inesperado \u00e1ngulo, Elvira Lindo observa la intensidad de un amor que parec\u00eda excederlo todo (incluso la vida dom\u00e9stica): <strong data-node-id=\"3.5\">\u00abNosotros \u00e9ramos personajes secundarios en esa historia de amor\u00bb. <\/strong><\/p>\n<p data-journey-content=\"true\" data-node-id=\"6\" class=\"css-i9p093 emevuu60\">Hace uso de un tono confesional fascinante. <strong data-node-id=\"6.1\">Dota de textura una \u00e9poca entera.<\/strong> Rescata cartas, fotograf\u00edas en blanco y negro, fragmentos de conversaciones, olores y gestos. Descubrimos a un padre celoso, magn\u00e9tico, que se sab\u00eda atractivo y reclamaba ser el centro de todo. A una madre inteligente y vitalista que abandon\u00f3 su pueblo para seguir un amor arrasador y exigente. Alrededor de la pareja, los hijos. <strong data-node-id=\"6.3\">Ni\u00f1os atentos, celosos, con la sensaci\u00f3n de que una puerta siempre se cerraba <\/strong>y les dejaba fuera de un universo en el que reinaban los dos. <\/p>\n<p data-journey-content=\"true\" data-node-id=\"8\" class=\"css-i9p093 emevuu60\">Lindo relata en un territorio <strong data-node-id=\"8.1\">fronterizo de lo vivido y lo imaginado. <\/strong>Primero pens\u00f3 en retratar a su padre como protagonista. Pronto entendi\u00f3 que sin la figura de su madre no habr\u00eda equilibrio ni verdad.<strong data-node-id=\"8.3\"> \u00abMi madre era el contrapunto\u00bb<\/strong>, <a href=\"https:\/\/www.youtube.com\/watch?v=3iT1BXwWpWo\" target=\"_blank\" rel=\"nofollow noopener\" data-vars-ga-outbound-link=\"https:\/\/www.youtube.com\/watch?v=3iT1BXwWpWo\" data-vars-ga-ux-element=\"Hyperlink\" data-vars-ga-call-to-action=\"confiesa en una entrevista con Librotea\" data-node-id=\"8.5\" class=\"body-link css-1kzkd1m emevuu60\">confiesa en una entrevista con Librotea<\/a>. El siguiente paso fue sencillo: \u00abEmpec\u00e9 a indagar en cartas, en fotos, en&#8230; La imagen primera de mis padres es con relaci\u00f3n a m\u00ed, a mi vida. Lo que ellos me han dado, como yo lo recuerdo en su madurez, lo que me dec\u00edan, c\u00f3mo me educaban, c\u00f3mo yo me acercaba a ellos, c\u00f3mo me proteg\u00edan o c\u00f3mo me re\u00f1\u00edan\u00bb.  Hay celos, silencios, amor f\u00edsico y cotidiano descrito sin pudor; hay distancia, incomprensi\u00f3n y una ni\u00f1a peque\u00f1a que observa sin entender mucho del todo. <\/p>\n<p>Seix Barral &#8216;A coraz\u00f3n abierto&#8217;, de Elvira Lindo<\/p>\n<p><a target=\"_blank\" rel=\"nofollow noopener\" data-theme-key=\"product-image-wrapper\" href=\"https:\/\/www.amazon.es\/dp\/8432236365?tag=esquirespain-21\" aria-label=\"20\u00a0\u20ac en Amazon for &#039;A coraz\u00f3n abierto&#039;, de Elvira Lindo\" data-href=\"https:\/\/www.amazon.es\/dp\/8432236365\" data-product-url=\"https:\/\/www.amazon.es\/dp\/8432236365\" data-affiliate=\"true\" data-affiliate-url=\"https:\/\/www.amazon.es\/dp\/8432236365?tag=esquirespain-21\" data-affiliate-network=\"{&quot;afflink_redirect&quot;:&quot;\/_p\/afflink\/xdqo\/amazon-a-corazon-abierto-the-girl&quot;,&quot;site_id&quot;:&quot;92d07c0b-730d-4727-bddc-68f85354bda9&quot;,&quot;network&quot;:{&quot;name&quot;:&quot;Amazon&quot;},&quot;metadata&quot;:{&quot;links&quot;:{&quot;default&quot;:&quot;https:\/\/www.amazon.es\/dp\/8432236365?tag=esquirespain-21&quot;}}}\" data-vars-ga-call-to-action=\"20\u00a0\u20ac en Amazon\" data-vars-ga-media-role=\"\" data-vars-ga-media-type=\"Single Product Embed\" data-vars-ga-outbound-link=\"https:\/\/www.amazon.es\/dp\/8432236365\" data-vars-ga-product-brand=\"Seix Barral\" data-vars-ga-product-id=\"09ea92e7-c4b9-45fe-9f7e-f985559bea21\" data-vars-ga-product-price=\"19,85\u00a0\u20ac\" data-vars-ga-product-retailer-id=\"6c5e40c6-4afa-4ffb-add0-db4e85b1a1c9\" data-vars-ga-product-sem3-brand=\"Seix Barral\" data-vars-ga-link-treatment=\"(not set) | (not set)\" data-vars-ga-sku=\"8432236365\" data-vars-ga-magento-tracking=\"1\" class=\"product-image-link ebgq4gw2 e1b8bpvs0 css-g6od0w e1c1bym14\"><img  alt=\"'A coraz\u00f3n abierto', de Elvira Lindo\" title=\"'A coraz\u00f3n abierto', de Elvira Lindo\" src=\"https:\/\/www.europesays.com\/es\/wp-content\/uploads\/2025\/09\/1756465713-81Y4WRDLVhL.jpg\" width=\"1481\" height=\"2560\" decoding=\"async\" loading=\"lazy\"\/><\/a><\/p>\n<tr data-theme-key=\"embedded-product-key-specs-line\" class=\"css-0 elexcwx2\">Editorial<\/p>\n<td data-theme-key=\"embedded-product-key-specs-value-item\" class=\"css-1flax12 elexcwx1\">Seix Barral<\/td>\n<\/tr>\n<tr data-theme-key=\"embedded-product-key-specs-line\" class=\"css-0 elexcwx2\">N\u00famero de p\u00e1ginas<\/p>\n<td data-theme-key=\"embedded-product-key-specs-value-item\" class=\"css-1flax12 elexcwx1\">384<\/td>\n<\/tr>\n<tr data-theme-key=\"embedded-product-key-specs-line\" class=\"css-0 elexcwx2\">A\u00f1o de edici\u00f3n<\/p>\n<td data-theme-key=\"embedded-product-key-specs-value-item\" class=\"css-1flax12 elexcwx1\">2020<\/td>\n<\/tr>\n<p data-journey-content=\"true\" data-node-id=\"13\" class=\"css-i9p093 emevuu60\"><strong data-node-id=\"13.0\">&#8216;<a href=\"https:\/\/www.amazon.es\/dp\/8432236365?linkCode=ogi&amp;tag=esquirespain-21&amp;ascsubtag=%5Bartid%7C2119.a.65931021%5Bsrc%7C%5Bch%7C%5Blt%7C%5Bpid%7C09ea92e7-c4b9-45fe-9f7e-f985559bea21%5Baxid%7C3611369c-c52a-4b0b-8f35-c14419bc0527\" target=\"_blank\" rel=\"nofollow noopener\" data-vars-ga-outbound-link=\"https:\/\/www.amazon.es\/dp\/8432236365?linkCode=ogi&amp;tag=esquirespain-21&amp;ascsubtag=%5Bartid%7C2119.a.65931021%5Bsrc%7C%5Bch%7C%5Blt%7C%5Bpid%7C09ea92e7-c4b9-45fe-9f7e-f985559bea21%5Baxid%7C3611369c-c52a-4b0b-8f35-c14419bc0527\" data-vars-ga-ux-element=\"Hyperlink\" data-vars-ga-call-to-action=\"A coraz\u00f3n abierto\" data-vars-ga-product-id=\"875f81ff-7194-4851-91d4-b01daaa109e8\" data-node-id=\"13.0.1\" data-href=\"https:\/\/www.amazon.es\/dp\/8432236365?linkCode=ogi&amp;tag=esquirespain-21&amp;ascsubtag=%5Bartid%7C2119.a.65931021%5Bsrc%7C%5Bch%7C%5Blt%7C%5Bpid%7C09ea92e7-c4b9-45fe-9f7e-f985559bea21%5Baxid%7C3611369c-c52a-4b0b-8f35-c14419bc0527\" data-product-url=\"https:\/\/www.amazon.es\/dp\/8432236365?linkCode=ogi&amp;tag=esquirespain-21&amp;ascsubtag=%5Bartid%7C2119.a.65931021%5Bsrc%7C%5Bch%7C%5Blt%7C%5Bpid%7C09ea92e7-c4b9-45fe-9f7e-f985559bea21%5Baxid%7C3611369c-c52a-4b0b-8f35-c14419bc0527\" data-affiliate=\"true\" data-affiliate-url=\"https:\/\/www.amazon.es\/dp\/8432236365?linkCode=ogi&amp;tag=esquirespain-21&amp;ascsubtag=%5Bartid%7C2119.a.65931021%5Bsrc%7C%5Bch%7C%5Blt%7C%5Bpid%7C09ea92e7-c4b9-45fe-9f7e-f985559bea21%5Baxid%7C3611369c-c52a-4b0b-8f35-c14419bc0527\" data-affiliate-network=\"{&quot;site_id&quot;:&quot;92d07c0b-730d-4727-bddc-68f85354bda9&quot;,&quot;metadata&quot;:{&quot;links&quot;:{&quot;default&quot;:&quot;https:\/\/www.amazon.es\/dp\/8432236365?linkCode=ogi&amp;tag=esquirespain-21&amp;ascsubtag=%5Bartid%7C2119.a.65931021%5Bsrc%7C%5Bch%7C%5Blt%7C%5Bpid%7C09ea92e7-c4b9-45fe-9f7e-f985559bea21%5Baxid%7C3611369c-c52a-4b0b-8f35-c14419bc0527&quot;}},&quot;network&quot;:{&quot;name&quot;:&quot;Amazon&quot;},&quot;product_metadata&quot;:null,&quot;afflink_redirect&quot;:&quot;\/_p\/afflink\/xqXq\/amazon-placeholder&quot;}\" data-vars-ga-product-price=\"0,00\u00a0$\" data-vars-ga-product-retailer-id=\"8a8a0a48-3cd7-4494-8b08-e7baa735fa03\" data-vars-ga-link-treatment=\"(not set) | (not set)\" class=\"body-link product-links css-1kzkd1m e1aq0z090\" data->A coraz\u00f3n abierto<\/a>&#8216;, de Elvira Lindo<\/strong>, es un libro de memoria personal que captura la esencia de toda una generaci\u00f3n de ni\u00f1os de posguerra convertidos en padres de la Espa\u00f1a gris. Habla de hombres y mujeres que aprendieron a sobrevivir cargando sobre los hombros la falta de libertades y el estallido posterior de los a\u00f1os setenta. Lindo escribe sin juzgar con par\u00e1metros contempor\u00e1neos, convencida de que<strong data-node-id=\"13.2\"> la sinceridad es el mayor regalo que puede ofrecer al lector:<\/strong> \u00abMe parece que esa sinceridad en una literatura que a veces se contamina mucho del presente, de la ideolog\u00eda, de lo que uno piensa sobre las cosas. Creo que esa sinceridad, el lector, la puede agradecer\u00bb. <\/p>\n<p data-journey-content=\"true\" data-node-id=\"15\" class=\"css-i9p093 emevuu60\">El libro se mueve en <strong data-node-id=\"15.1\">una zona distinta y ambigua donde habita la verdad de las familias<\/strong>. Narra desde un lugar donde el amor y el dolor se confunden y la pasi\u00f3n entre dos adultos puede eclipsar a los hijos. Tambi\u00e9n donde el tiempo acaba revelando aristas de lo que un d\u00eda se vivi\u00f3 con absoluta intensidad. Elvira Lindo ha encontrado la literatura m\u00e1s valiosa porque ha utilizado la memoria personal para regalarnos (y regalarse) un espejo en el que reconocerse. <\/p>\n","protected":false},"excerpt":{"rendered":"La literatura deja de ser artificio cuando empieza a ser lupa y ejercicio de memoria. Elvira Lindo plasma&hellip;\n","protected":false},"author":2,"featured_media":105109,"comment_status":"","ping_status":"","sticky":false,"template":"","format":"standard","meta":{"footnotes":""},"categories":[172],"tags":[1655,224,253,146,147,25,24,225,23],"class_list":{"0":"post-105108","1":"post","2":"type-post","3":"status-publish","4":"format-standard","5":"has-post-thumbnail","7":"category-libros","8":"tag-afiliacion","9":"tag-books","10":"tag-discover","11":"tag-entertainment","12":"tag-entretenimiento","13":"tag-es","14":"tag-espana","15":"tag-libros","16":"tag-spain"},"share_on_mastodon":{"url":"","error":""},"_links":{"self":[{"href":"https:\/\/www.europesays.com\/es\/wp-json\/wp\/v2\/posts\/105108","targetHints":{"allow":["GET"]}}],"collection":[{"href":"https:\/\/www.europesays.com\/es\/wp-json\/wp\/v2\/posts"}],"about":[{"href":"https:\/\/www.europesays.com\/es\/wp-json\/wp\/v2\/types\/post"}],"author":[{"embeddable":true,"href":"https:\/\/www.europesays.com\/es\/wp-json\/wp\/v2\/users\/2"}],"replies":[{"embeddable":true,"href":"https:\/\/www.europesays.com\/es\/wp-json\/wp\/v2\/comments?post=105108"}],"version-history":[{"count":0,"href":"https:\/\/www.europesays.com\/es\/wp-json\/wp\/v2\/posts\/105108\/revisions"}],"wp:featuredmedia":[{"embeddable":true,"href":"https:\/\/www.europesays.com\/es\/wp-json\/wp\/v2\/media\/105109"}],"wp:attachment":[{"href":"https:\/\/www.europesays.com\/es\/wp-json\/wp\/v2\/media?parent=105108"}],"wp:term":[{"taxonomy":"category","embeddable":true,"href":"https:\/\/www.europesays.com\/es\/wp-json\/wp\/v2\/categories?post=105108"},{"taxonomy":"post_tag","embeddable":true,"href":"https:\/\/www.europesays.com\/es\/wp-json\/wp\/v2\/tags?post=105108"}],"curies":[{"name":"wp","href":"https:\/\/api.w.org\/{rel}","templated":true}]}}