{"id":105112,"date":"2025-09-10T08:24:08","date_gmt":"2025-09-10T08:24:08","guid":{"rendered":"https:\/\/www.europesays.com\/es\/105112\/"},"modified":"2025-09-10T08:24:08","modified_gmt":"2025-09-10T08:24:08","slug":"13-dias-13-noches-el-film-belico-sobre-la-caida-de-kabul-es-uno-de-los-mejores-del-ano-libertad-digital","status":"publish","type":"post","link":"https:\/\/www.europesays.com\/es\/105112\/","title":{"rendered":"&#8217;13 d\u00edas, 13 noches&#8217;: el film b\u00e9lico sobre la ca\u00edda de Kabul es uno de los mejores del a\u00f1o &#8211; Libertad Digital"},"content":{"rendered":"<p>Con aires de docudrama pero una ambici\u00f3n cinematogr\u00e1fica, <strong>13 d\u00edas, 13 noches<\/strong> narra la ca\u00edda de Kabul a manos de los talibanes cuando, en 2021, las tropas norteamericanas salen de Afganist\u00e1n. Lo que sigue son minutos de caos y muerte a manos de los terroristas y d\u00edas de acoso a la embajada francesa, donde sus resposnables tuvieron que tomar decisiones dram\u00e1ticas para salvar su vida y la de un grupo de refugiados.<\/p>\n<p>El film de Martin Bourboulon (Los tres mosqueteros) narra estos acontecimientos con seriedad y dinamismo, apuesta por la \u00e9pica del soldado sin escatimar su violencia o desdecir la tristeza de los momentos. En la videocr\u00edtica para Libertad Digital y esradio, Juanma Gonz\u00e1lez comenta todos los aspectos del film estrenado en pantallas espa\u00f1olas.<\/p>\n<p>No te olvides de segir el canal de Youtube @LDCultura y apoyarnos con un comentario, un like y darle a la campanita para p\u00b4roximas actualizaciones.<\/p>\n","protected":false},"excerpt":{"rendered":"Con aires de docudrama pero una ambici\u00f3n cinematogr\u00e1fica, 13 d\u00edas, 13 noches narra la ca\u00edda de Kabul a&hellip;\n","protected":false},"author":2,"featured_media":105113,"comment_status":"","ping_status":"","sticky":false,"template":"","format":"standard","meta":{"footnotes":""},"categories":[169],"tags":[36561,10051,177,146,147,25,24,176,317,24084,175,3889,23,26493],"class_list":{"0":"post-105112","1":"post","2":"type-post","3":"status-publish","4":"format-standard","5":"has-post-thumbnail","7":"category-cine","8":"tag-13-dias-13-noches","9":"tag-afganistan","10":"tag-cine","11":"tag-entertainment","12":"tag-entretenimiento","13":"tag-es","14":"tag-espana","15":"tag-film","16":"tag-francia","17":"tag-kabul","18":"tag-movies","19":"tag-sector-del-cine","20":"tag-spain","21":"tag-taliban"},"share_on_mastodon":{"url":"","error":""},"_links":{"self":[{"href":"https:\/\/www.europesays.com\/es\/wp-json\/wp\/v2\/posts\/105112","targetHints":{"allow":["GET"]}}],"collection":[{"href":"https:\/\/www.europesays.com\/es\/wp-json\/wp\/v2\/posts"}],"about":[{"href":"https:\/\/www.europesays.com\/es\/wp-json\/wp\/v2\/types\/post"}],"author":[{"embeddable":true,"href":"https:\/\/www.europesays.com\/es\/wp-json\/wp\/v2\/users\/2"}],"replies":[{"embeddable":true,"href":"https:\/\/www.europesays.com\/es\/wp-json\/wp\/v2\/comments?post=105112"}],"version-history":[{"count":0,"href":"https:\/\/www.europesays.com\/es\/wp-json\/wp\/v2\/posts\/105112\/revisions"}],"wp:featuredmedia":[{"embeddable":true,"href":"https:\/\/www.europesays.com\/es\/wp-json\/wp\/v2\/media\/105113"}],"wp:attachment":[{"href":"https:\/\/www.europesays.com\/es\/wp-json\/wp\/v2\/media?parent=105112"}],"wp:term":[{"taxonomy":"category","embeddable":true,"href":"https:\/\/www.europesays.com\/es\/wp-json\/wp\/v2\/categories?post=105112"},{"taxonomy":"post_tag","embeddable":true,"href":"https:\/\/www.europesays.com\/es\/wp-json\/wp\/v2\/tags?post=105112"}],"curies":[{"name":"wp","href":"https:\/\/api.w.org\/{rel}","templated":true}]}}