{"id":105118,"date":"2025-09-10T08:29:04","date_gmt":"2025-09-10T08:29:04","guid":{"rendered":"https:\/\/www.europesays.com\/es\/105118\/"},"modified":"2025-09-10T08:29:04","modified_gmt":"2025-09-10T08:29:04","slug":"acuerdo-definitivo-para-el-reparto-del-legado-murdoch-lachlan-controlara-el-imperio-de-su-padre-la-economia-en-hoy-por-hoy","status":"publish","type":"post","link":"https:\/\/www.europesays.com\/es\/105118\/","title":{"rendered":"Acuerdo definitivo para el reparto del legado Murdoch: Lachlan controlar\u00e1 el imperio de su padre | La econom\u00eda en Hoy por Hoy"},"content":{"rendered":"<p>Dinero, pero tambi\u00e9n mucha ideolog\u00eda est\u00e1n detr\u00e1s del acuerdo por el que Rupert Murdoch y cuatro de sus hijos han zanjado c\u00f3mo repartirse <a href=\"https:\/\/cadenaser.com\/nacional\/2023\/09\/21\/rupert-murdoch-se-retira-como-presidente-de-news-corp-y-fox-cadena-ser\/\" target=\"_blank\" rel=\"noreferrer nofollow noopener\" title=\"https:\/\/cadenaser.com\/nacional\/2023\/09\/21\/rupert-murdoch-se-retira-como-presidente-de-news-corp-y-fox-cadena-ser\/\">el control del imperio de este multimillonario de 94 a\u00f1os que es el propietario de algunos de los medios de comunicaci\u00f3n m\u00e1s importantes del mundo<\/a>. El acuerdo garantiza que el actual presidente de News Corp y de Fox, Lachlan Murdoch, controlar\u00e1 el conglomerado hasta 2050.<\/p>\n<p>Que Lachlan tuviera el control del imperio siempre ha sido el deseo de su padre. Es el m\u00e1s conservador de sus hijos y quiz\u00e1s por eso es tambi\u00e9n el favorito de su padre, que siempre ha hecho bandera de su voluntad de difundir el ideario conservador en todos sus medios.<\/p>\n<p>El problema es que el pacto inicial de reparto de la herencia, le hubiera dejado en minor\u00eda frente a sus hermanos, algo que Murdoch quer\u00eda evitar. Ahora despu\u00e9s de a\u00f1os de batallas y de una intervenci\u00f3n judicial, la familia ha llegado a un acuerdo por el que Lachlan pagar\u00e1 1.100 millones de d\u00f3lares a tres de sus hermanos a cambio de que le cedan su participaci\u00f3n en la empresa familiar News Corp hasta el a\u00f1o 2050. As\u00ed que se garantiza una sucesi\u00f3n tranquila durante 25 a\u00f1os.<\/p>\n<p>M\u00e1s informaci\u00f3n<\/p>\n<p>Se estima que Rupert Murdoch, de 94 a\u00f1os, es uno de los magnates m\u00e1s poderosos e influentes del mundo. Tiene una fortuna cercana a los 25 millones de d\u00f3lares y ahora mismo es la sexta persona m\u00e1s rica de Estados Unidos. Su imperio se ha edificado alrededor de los medios de comunicaci\u00f3n desde que hered\u00f3 un peque\u00f1o peri\u00f3dico en Australia que hab\u00eda fundado su padre. Desde ah\u00ed empez\u00f3 a crecer, dando el salto a Reino Unido primero y m\u00e1s tarde a Estados Unidos. Entre sus medios destacan el Times, el Wall Street Journal o la Fox.<\/p>\n<p>Adem\u00e1s de su fortuna, Murdoch es conocido por su influencia y su cercan\u00eda a algunos de los presidentes durante varias d\u00e9cadas. Ya fue en su d\u00eda uno de los m\u00e1ximos apoyos de Margaret Thatcher en Reino Unido. Y en Estados Unidos se le considera cercano tanto al expresidente George Bush como a Donald Trump, cuyas campa\u00f1as electorales no se entender\u00edan sin el papel de FoxNews, uno de los medios de Murdoch.<\/p>\n<p>De manera que el pacto de sucesi\u00f3n que se ha acordado tiene mucho que ver con el dinero, pero tambi\u00e9n tiene mucho que ver con el poder.<\/p>\n","protected":false},"excerpt":{"rendered":"Dinero, pero tambi\u00e9n mucha ideolog\u00eda est\u00e1n detr\u00e1s del acuerdo por el que Rupert Murdoch y cuatro de sus&hellip;\n","protected":false},"author":2,"featured_media":105119,"comment_status":"","ping_status":"","sticky":false,"template":"","format":"standard","meta":{"footnotes":""},"categories":[80],"tags":[82,95,94,25,24,36562,2746,36563,2750,34477,27436,23,118],"class_list":{"0":"post-105118","1":"post","2":"type-post","3":"status-publish","4":"format-standard","5":"has-post-thumbnail","7":"category-economia","8":"tag-business","9":"tag-economia","10":"tag-economy","11":"tag-es","12":"tag-espana","13":"tag-executives","14":"tag-finance","15":"tag-leaders","16":"tag-media","17":"tag-money","18":"tag-power","19":"tag-spain","20":"tag-technology"},"share_on_mastodon":{"url":"","error":""},"_links":{"self":[{"href":"https:\/\/www.europesays.com\/es\/wp-json\/wp\/v2\/posts\/105118","targetHints":{"allow":["GET"]}}],"collection":[{"href":"https:\/\/www.europesays.com\/es\/wp-json\/wp\/v2\/posts"}],"about":[{"href":"https:\/\/www.europesays.com\/es\/wp-json\/wp\/v2\/types\/post"}],"author":[{"embeddable":true,"href":"https:\/\/www.europesays.com\/es\/wp-json\/wp\/v2\/users\/2"}],"replies":[{"embeddable":true,"href":"https:\/\/www.europesays.com\/es\/wp-json\/wp\/v2\/comments?post=105118"}],"version-history":[{"count":0,"href":"https:\/\/www.europesays.com\/es\/wp-json\/wp\/v2\/posts\/105118\/revisions"}],"wp:featuredmedia":[{"embeddable":true,"href":"https:\/\/www.europesays.com\/es\/wp-json\/wp\/v2\/media\/105119"}],"wp:attachment":[{"href":"https:\/\/www.europesays.com\/es\/wp-json\/wp\/v2\/media?parent=105118"}],"wp:term":[{"taxonomy":"category","embeddable":true,"href":"https:\/\/www.europesays.com\/es\/wp-json\/wp\/v2\/categories?post=105118"},{"taxonomy":"post_tag","embeddable":true,"href":"https:\/\/www.europesays.com\/es\/wp-json\/wp\/v2\/tags?post=105118"}],"curies":[{"name":"wp","href":"https:\/\/api.w.org\/{rel}","templated":true}]}}