{"id":105128,"date":"2025-09-10T08:34:35","date_gmt":"2025-09-10T08:34:35","guid":{"rendered":"https:\/\/www.europesays.com\/es\/105128\/"},"modified":"2025-09-10T08:34:35","modified_gmt":"2025-09-10T08:34:35","slug":"samuel-navalon-abre-la-primera-puerta-grande-de-la-feria-de-albacete-con-una-gran-faena-al-natural-en-una-tarde-de-entrega-emocion-y-nobleza-de-conde-de-mayalde-noticias-de-feria-de-albacete-2025","status":"publish","type":"post","link":"https:\/\/www.europesays.com\/es\/105128\/","title":{"rendered":"Samuel Naval\u00f3n abre la primera Puerta Grande de la Feria de Albacete con una gran faena al natural en una tarde de entrega, emoci\u00f3n y nobleza de Conde de Mayalde &#8211; Noticias de Feria de Albacete 2025"},"content":{"rendered":"\n<p>La Feria Taurina de Albacete, en honor a la Virgen de Los Llanos, vivi\u00f3 este lunes 8 de septiembre su primera gran tarde de toros con la apertura de la Puerta Grande por parte de <a href=\"https:\/\/www.lacerca.com\/etiquetas\/1\/samuel%20naval%C3%B3n\" rel=\"tag nofollow noopener\" target=\"_blank\">Samuel Naval\u00f3n<\/a>, que rubric\u00f3 el espect\u00e1culo con una notable actuaci\u00f3n cargada de entrega y calidad.<\/p>\n<p>La plaza registr\u00f3 una gran entrada y acogi\u00f3 un festejo interesante en el que tambi\u00e9n destacaron el albacete\u00f1o Molina, que roz\u00f3 con los dedos un triunfo mayor empa\u00f1ado por la espada, y el malague\u00f1o Fortes, que se sobrepuso a una violenta cogida para pasear una oreja con mucho m\u00e9rito.<\/p>\n<p>El gran protagonista fue Naval\u00f3n, que dej\u00f3 la faena de la tarde frente al tercero de la corrida de Conde de Mayalde. Lo recibi\u00f3 a portagayola, continu\u00f3 a la ver\u00f3nica y comenz\u00f3 con cambiados por la espalda en el centro del ruedo. El toro, el mejor del encierro, permiti\u00f3 al valenciano desplegar un profundo y ligado toreo al natural. Tras un pinchazo antes de la estocada, la faena, que ten\u00eda corte de dos orejas, qued\u00f3 en un solo trofeo.<\/p>\n<p>Con el sexto, otro noble ejemplar de Conde de Mayalde, Naval\u00f3n volvi\u00f3 a apostar fuerte. Lo salud\u00f3 con dos largas cambiadas de rodillas y, pese a la lluvia, calent\u00f3 a los tendidos meti\u00e9ndose entre los pitones. La oreja cortada le permiti\u00f3 abrir la Puerta Grande, la primera de esta feria.<\/p>\n<p>Por su parte, Molina fue el primero en tocar pelo al cortar una oreja del segundo, un toro con calidad que le permiti\u00f3 mostrarse templado por el lado derecho antes de firmar una estocada certera. Frente al quinto, brill\u00f3 especialmente al natural en una faena de entrega y compromiso, aunque la espada le cerr\u00f3 el paso a una salida triunfal.<\/p>\n<p>El malague\u00f1o Fortes dej\u00f3 la imagen m\u00e1s dram\u00e1tica de la tarde al ser cogido violentamente por el cuarto cuando lo recib\u00eda a portagayola. Con la cara magullada y visiblemente conmocionado, volvi\u00f3 a la cara del toro y firm\u00f3 una faena de gran disposici\u00f3n frente a un animal deslucido. Una estocada fulminante le vali\u00f3 una oreja. Con el primero, muy flojo, poco pudo hacer.<\/p>\n<p>La corrida de Conde de Mayalde present\u00f3 toros serios, bien armados y de noble juego en l\u00edneas generales, destacando segundo, tercero y sexto. La plaza roz\u00f3 los tres cuartos de entrada en una jornada que confirm\u00f3 el alto nivel de la Feria de Albacete desde su arranque.<\/p>\n<p> FICHA T\u00c9CNICA <\/p>\n<p>Plaza de toros de Albacete<\/p>\n<p>Lunes, 8 de septiembre de 2025<\/p>\n<p>Primera corrida de la Feria en honor a la Virgen de Los Llanos<\/p>\n<p>Entrada: Alrededor de tres cuartos<\/p>\n<p><strong>Ganader\u00eda: Conde de Mayalde. Bien presentados, serios y de noble juego en conjunto. Destacaron el segundo, tercero y sexto.<\/strong><\/p>\n<p> Toreros: <\/p>\n<p><strong>Fortes: silencio y oreja.<\/strong><\/p>\n<p><strong>Molina: oreja y ovaci\u00f3n.<\/strong><\/p>\n<p><strong>Samuel Naval\u00f3n: oreja y oreja (Puerta Grande).<\/strong><\/p>\n<p> GALER\u00cdA DE FOTOS <img decoding=\"async\" class=\"image iccms-gallery-fw-1600 iccms-gallery-fh-1067 lazy\" src=\"https:\/\/www.europesays.com\/es\/wp-content\/uploads\/2025\/09\/1c2f4824a281e7dbe43904a34237c776.jpg\" title=\"\" alt=\"Corrida de toros - Feria de Albacete - Pase\u00edllo - 08-09-25.\"\/><\/p>\n<p>Corrida de toros &#8211; Feria de Albacete &#8211; Pase\u00edllo &#8211; 08-09-25.<\/p>\n<p> <img decoding=\"async\" class=\"image iccms-gallery-fw-1600 iccms-gallery-fh-1067 lazy\" src=\"https:\/\/www.europesays.com\/es\/wp-content\/uploads\/2025\/09\/9b208ec804e2716de83c3af742f6d7f4.jpg\" title=\"\" alt=\"Corrida toros 08-09-25 (19-19) - Fortes.\"\/><\/p>\n<p>Corrida toros 08-09-25 (19-19) &#8211; Fortes.<\/p>\n<p> <img decoding=\"async\" class=\"image iccms-gallery-fw-1600 iccms-gallery-fh-1067 lazy\" src=\"https:\/\/www.europesays.com\/es\/wp-content\/uploads\/2025\/09\/3aaad6b3e0fe3afbc46beee5df0774aa.jpg\" title=\"\" alt=\"Corrida toros 08-09-25 (20-20) - Fortes.\"\/><\/p>\n<p>Corrida toros 08-09-25 (20-20) &#8211; Fortes.<\/p>\n<p> <img decoding=\"async\" class=\"image iccms-gallery-fw-1600 iccms-gallery-fh-1067 lazy\" src=\"https:\/\/www.europesays.com\/es\/wp-content\/uploads\/2025\/09\/cd9018f38532afd3866b961412b44548.jpg\" title=\"\" alt=\"Corrida toros 08-09-25 (25-25) - Fortes.\"\/><\/p>\n<p>Corrida toros 08-09-25 (25-25) &#8211; Fortes.<\/p>\n<p> <img decoding=\"async\" class=\"image iccms-gallery-fw-1600 iccms-gallery-fh-1067 lazy\" src=\"https:\/\/www.europesays.com\/es\/wp-content\/uploads\/2025\/09\/92650f83dd0375d4a4e658d0329210a2.jpg\" title=\"\" alt=\"Corrida toros 08-09-25 (24-24) - Fortes.\"\/><\/p>\n<p>Corrida toros 08-09-25 (24-24) &#8211; Fortes.<\/p>\n<p> <img decoding=\"async\" class=\"image iccms-gallery-fw-1600 iccms-gallery-fh-1067 lazy\" src=\"https:\/\/www.europesays.com\/es\/wp-content\/uploads\/2025\/09\/050f6fdd8ba997038f360f42a4d7dac7.jpg\" title=\"\" alt=\"Corrida toros 08-09-25 (23-23) - Fortes.\"\/><\/p>\n<p>Corrida toros 08-09-25 (23-23) &#8211; Fortes.<\/p>\n<p> <img decoding=\"async\" class=\"image iccms-gallery-fw-1600 iccms-gallery-fh-1067 lazy\" src=\"https:\/\/www.europesays.com\/es\/wp-content\/uploads\/2025\/09\/34d9c2f3fb76c5b382e1d28ebc435b0d.jpg\" title=\"\" alt=\"Corrida toros 08-09-25 (22-22) - Fortes.\"\/><\/p>\n<p>Corrida toros 08-09-25 (22-22) &#8211; Fortes.<\/p>\n<p> <img decoding=\"async\" class=\"image iccms-gallery-fw-1600 iccms-gallery-fh-1067 lazy\" src=\"https:\/\/www.europesays.com\/es\/wp-content\/uploads\/2025\/09\/59df264477edc9387995244cf4c4e537.jpg\" title=\"\" alt=\"Corrida toros 08-09-25 (21-21) - Fortes.\"\/><\/p>\n<p>Corrida toros 08-09-25 (21-21) &#8211; Fortes.<\/p>\n<p> <img decoding=\"async\" class=\"image iccms-gallery-fw-1600 iccms-gallery-fh-1067 lazy\" src=\"https:\/\/www.europesays.com\/es\/wp-content\/uploads\/2025\/09\/522c63ee07e1712a4f9d6ee470654041.jpg\" title=\"\" alt=\"Corrida toros 08-09-25 (26-26) - Fortes.\"\/><\/p>\n<p>Corrida toros 08-09-25 (26-26) &#8211; Fortes.<\/p>\n<p> <img decoding=\"async\" class=\"image iccms-gallery-fw-1600 iccms-gallery-fh-1067 lazy\" src=\"https:\/\/www.europesays.com\/es\/wp-content\/uploads\/2025\/09\/c23577bd577d94dc4b2044f809c984bb.jpg\" title=\"\" alt=\"Corrida toros 08-09-25 (18) - Fortes.\"\/><\/p>\n<p>Corrida toros 08-09-25 (18) &#8211; Fortes.<\/p>\n<p> <img decoding=\"async\" class=\"image iccms-gallery-fw-1600 iccms-gallery-fh-1067 lazy\" src=\"https:\/\/www.europesays.com\/es\/wp-content\/uploads\/2025\/09\/32903f1ece3fc6eaed052a1fd29e0ec4.jpg\" title=\"\" alt=\"Corrida toros 08-09-25 (16) - Fortes.\"\/><\/p>\n<p>Corrida toros 08-09-25 (16) &#8211; Fortes.<\/p>\n<p> <img decoding=\"async\" class=\"image iccms-gallery-fw-1365 iccms-gallery-fh-910 lazy\" src=\"https:\/\/www.europesays.com\/es\/wp-content\/uploads\/2025\/09\/b12056b22a560660d501aa514e616ddd.jpg\" title=\"\" alt=\"Corrida toros 08-09-25 (5-5) - Molina.\"\/><\/p>\n<p>Corrida toros 08-09-25 (5-5) &#8211; Molina.<\/p>\n<p> <img decoding=\"async\" class=\"image iccms-gallery-fw-1600 iccms-gallery-fh-1067 lazy\" src=\"https:\/\/www.europesays.com\/es\/wp-content\/uploads\/2025\/09\/7d65d1592c3806e03b8c55126b6b7f16.jpg\" title=\"\" alt=\"Corrida toros 08-09-25 (4-4) - Molina.\"\/><\/p>\n<p>Corrida toros 08-09-25 (4-4) &#8211; Molina.<\/p>\n<p> <img decoding=\"async\" class=\"image iccms-gallery-fw-1365 iccms-gallery-fh-910 lazy\" src=\"https:\/\/www.europesays.com\/es\/wp-content\/uploads\/2025\/09\/a4e64c156fad6e83b0bbc85cb08277ac.jpg\" title=\"\" alt=\"Corrida toros 08-09-25 (5-5) - Molina.\"\/><\/p>\n<p>Corrida toros 08-09-25 (5-5) &#8211; Molina.<\/p>\n<p> <img decoding=\"async\" class=\"image iccms-gallery-fw-1365 iccms-gallery-fh-910 lazy\" src=\"https:\/\/www.europesays.com\/es\/wp-content\/uploads\/2025\/09\/bc616ba84ec1904ff1c61889313ae0de.jpg\" title=\"\" alt=\"Corrida toros 08-09-25 (5-5) - Molina.\"\/><\/p>\n<p>Corrida toros 08-09-25 (5-5) &#8211; Molina.<\/p>\n<p> <img decoding=\"async\" class=\"image iccms-gallery-fw-1600 iccms-gallery-fh-1067 lazy\" src=\"https:\/\/www.europesays.com\/es\/wp-content\/uploads\/2025\/09\/ef260f732afe762edb8a9838e90abdcc.jpg\" title=\"\" alt=\"Corrida toros 08-09-25 (6) - Samuel Naval\u00f3n.\"\/><\/p>\n<p>Corrida toros 08-09-25 (6) &#8211; Samuel Naval\u00f3n.<\/p>\n<p> <img decoding=\"async\" class=\"image iccms-gallery-fw-1600 iccms-gallery-fh-1067 lazy\" src=\"https:\/\/www.europesays.com\/es\/wp-content\/uploads\/2025\/09\/80bd559535f54b11ffd912a9ef4deb07.jpg\" title=\"\" alt=\"Corrida toros 08-09-25 (3) - Samuel Naval\u00f3n.\"\/><\/p>\n<p>Corrida toros 08-09-25 (3) &#8211; Samuel Naval\u00f3n.<\/p>\n<p> <img decoding=\"async\" class=\"image iccms-gallery-fw-1066 iccms-gallery-fh-1600 lazy\" src=\"https:\/\/www.europesays.com\/es\/wp-content\/uploads\/2025\/09\/ca8b8c8a57e3a88a4034cfe9a165e451.jpg\" title=\"\" alt=\"Corrida toros 08-09-25 (5) - Samuel Naval\u00f3n.\"\/><\/p>\n<p>Corrida toros 08-09-25 (5) &#8211; Samuel Naval\u00f3n.<\/p>\n","protected":false},"excerpt":{"rendered":"La Feria Taurina de Albacete, en honor a la Virgen de Los Llanos, vivi\u00f3 este lunes 8 de&hellip;\n","protected":false},"author":2,"featured_media":105129,"comment_status":"","ping_status":"","sticky":false,"template":"","format":"standard","meta":{"footnotes":""},"categories":[277],"tags":[490,2545,373,6637,168,18266,36,25,24,13839,599,3956,699,36567,7204,36565,36566,1078,740,21640,23,167,11054,374],"class_list":{"0":"post-105128","1":"post","2":"type-post","3":"status-publish","4":"format-standard","5":"has-post-thumbnail","7":"category-toreo","8":"tag-abre","9":"tag-albacete","10":"tag-bullfighting","11":"tag-conde","12":"tag-deportes","13":"tag-emocion","14":"tag-entrega","15":"tag-es","16":"tag-espana","17":"tag-faena","18":"tag-feria","19":"tag-gran","20":"tag-grande","21":"tag-mayalde","22":"tag-natural","23":"tag-navalon","24":"tag-nobleza","25":"tag-primera","26":"tag-puerta","27":"tag-samuel","28":"tag-spain","29":"tag-sports","30":"tag-tarde","31":"tag-toreo"},"share_on_mastodon":{"url":"","error":""},"_links":{"self":[{"href":"https:\/\/www.europesays.com\/es\/wp-json\/wp\/v2\/posts\/105128","targetHints":{"allow":["GET"]}}],"collection":[{"href":"https:\/\/www.europesays.com\/es\/wp-json\/wp\/v2\/posts"}],"about":[{"href":"https:\/\/www.europesays.com\/es\/wp-json\/wp\/v2\/types\/post"}],"author":[{"embeddable":true,"href":"https:\/\/www.europesays.com\/es\/wp-json\/wp\/v2\/users\/2"}],"replies":[{"embeddable":true,"href":"https:\/\/www.europesays.com\/es\/wp-json\/wp\/v2\/comments?post=105128"}],"version-history":[{"count":0,"href":"https:\/\/www.europesays.com\/es\/wp-json\/wp\/v2\/posts\/105128\/revisions"}],"wp:featuredmedia":[{"embeddable":true,"href":"https:\/\/www.europesays.com\/es\/wp-json\/wp\/v2\/media\/105129"}],"wp:attachment":[{"href":"https:\/\/www.europesays.com\/es\/wp-json\/wp\/v2\/media?parent=105128"}],"wp:term":[{"taxonomy":"category","embeddable":true,"href":"https:\/\/www.europesays.com\/es\/wp-json\/wp\/v2\/categories?post=105128"},{"taxonomy":"post_tag","embeddable":true,"href":"https:\/\/www.europesays.com\/es\/wp-json\/wp\/v2\/tags?post=105128"}],"curies":[{"name":"wp","href":"https:\/\/api.w.org\/{rel}","templated":true}]}}