{"id":105132,"date":"2025-09-10T08:38:08","date_gmt":"2025-09-10T08:38:08","guid":{"rendered":"https:\/\/www.europesays.com\/es\/105132\/"},"modified":"2025-09-10T08:38:08","modified_gmt":"2025-09-10T08:38:08","slug":"comunidad-de-madrid-ecologistas-denuncian-ilegalidad-en-el-permiso-para-la-subida-a-la-bola-del-mundo-en-la-vuelta-ciclista-el-salto","status":"publish","type":"post","link":"https:\/\/www.europesays.com\/es\/105132\/","title":{"rendered":"Comunidad de Madrid | Ecologistas denuncian ilegalidad en el permiso para la subida a la Bola del Mundo en La Vuelta ciclista &#8211; El Salto"},"content":{"rendered":"<p>A <a href=\"https:\/\/www.elsaltodiario.com\/palestina\/nuevas-protestas-cortes-carretera-detenciones-llegada-vuelta-asturies\" target=\"_blank\" rel=\"nofollow noopener\">la Vuelta ciclista a Espa\u00f1a<\/a> 2025 se le complican las cosas conforme llega a la \u00faltima semana de competici\u00f3n. Ecologistas en Acci\u00f3n Sierras de la <a href=\"https:\/\/www.elsaltodiario.com\/comunidad-madrid\" target=\"_blank\" rel=\"nofollow noopener\">Comunidad de Madrid<\/a> ha manifestado su  preocupaci\u00f3n y rechazo ante la decisi\u00f3n de la Direcci\u00f3n General de Biodiversidad y Gesti\u00f3n Forestal regional de autorizar del ascenso al Alto de Guarramillas, conocido coloquialmente como la Bola del Mundo, como final de la vig\u00e9sima etapa de la carrera prevista para el pr\u00f3ximo s\u00e1bado 13 de septiembre.<\/p>\n<p>La organizaci\u00f3n ecologista advierte que la autorizaci\u00f3n que se le ha concedido a la organizaci\u00f3n de La Vuelta incumple \u201cde forma flagrante la legislaci\u00f3n vigente, concretamente lo establecido en el anexo XII del Plan Rector de Uso y gesti\u00f3n (PRUG) del parque nacional de la Sierra de Guadarrama\u201d. Este plan, detallan, exige que la competici\u00f3n tenga inicio y final en n\u00facleos urbanos, t\u00e9rmino exigido tambi\u00e9n por el organismo aut\u00f3nomo de parques nacionales. El Alto de la Bola del Mundo, con una altitud de 2.257 metros, no es, evidentemente un n\u00facleo urbano, inciden, \u201csino un enclave de alta monta\u00f1a considerado de gran valor ecol\u00f3gico\u201d.<\/p>\n<blockquote><p>Ecologistas en Acci\u00f3n denuncia haber solicitado formalmente\u00a0un informe preceptivo \u201crelativo a la posible afecci\u00f3n negativa de dicha actividad sobre los valores a conservar en el interior del parque\u201d,\u00a0sin que hayan recibido respuesta por parte de la Comunidad de Madrid<\/p><\/blockquote>\n<p>Ecologistas en Acci\u00f3n denuncia haber solicitado formalmente a la administraci\u00f3n gestora del parque nacional, que depende del gobierno de la Comunidad de Madrid, un informe preceptivo \u201cconforme al art\u00edculo 92 del PRUG, relativo a la posible afecci\u00f3n negativa de dicha actividad sobre los valores a conservar en el interior del parque\u201d, sin que hayan recibido respuesta a un mes de esta petici\u00f3n. Por lo que Ecologistas considera que se han incumplido los plazos administrativos de respuesta.<\/p>\n<p>Tras el silencio administrativo, la organizaci\u00f3n ecologista ha registrado un escrito dirigido al Organismo Aut\u00f3nomo de Parques Nacionales en el que le conmina a que \u201cact\u00fae con urgencia, como organismo competente en el cumplimiento de los objetivos del Plan Director de Parques Nacionales y suspenda el final de la vig\u00e9sima etapa de la Vuelta ciclista a Espa\u00f1a previsto fuera de enclave urbano, garantizando la protecci\u00f3n efectiva de este espacio natural frente a intereses ajenos a su conservaci\u00f3n\u201d. La urgencia de la petici\u00f3n est\u00e1 marcada por la proximidad de la fecha en que se celebra la carrera por la sierra madrile\u00f1a que es el pr\u00f3ximo s\u00e1bado 13 de septiembre.<\/p>\n<p>Apuntan directamente a la actuaci\u00f3n de la Direcci\u00f3n General de Biodiversidad y Gesti\u00f3n Forestal, ya que consideran que adem\u00e1s de ilegal, \u201crefleja una grave irresponsabilidad institucional y dejaci\u00f3n de funciones en cuanto a la protecci\u00f3n de los ecosistemas de alta monta\u00f1a y una preocupante forma de negacionismo ante la crisis ecol\u00f3gica que atravesamos\u201d.<\/p>\n<blockquote><p>Estas actuaciones, dicen los ecologistas, \u201crefleja una grave irresponsabilidad institucional y dejaci\u00f3n de funciones en cuanto a la protecci\u00f3n de los ecosistemas de alta monta\u00f1a y una preocupante forma de negacionismo ante la crisis ecol\u00f3gica<\/p><\/blockquote>\n<p>Para los ecologistas, estas actuaciones por parte del gobierno regional constituyen \u201cun reiterado\u00a0menosprecio a la conservaci\u00f3n de este espacio natural en beneficio de la b\u00fasqueda del lucro\u201d. Lo que ejemplifican con la exclusi\u00f3n de los terrenos protegidos de las estaciones de esqu\u00ed y su mantenimiento, con una nueva concesi\u00f3n de terrenos p\u00fablicos a la empresa privada del Puerto de Navacerrada Estaci\u00f3n de Esqu\u00ed SA, un proyecto privado en esta sierra apoyado por los alcaldes de Navacerrada y Cercedilla, que prev\u00e9 instalar la producci\u00f3n de nieve artificial en 30.000 m\u00b2,\u00a0 y la celebraci\u00f3n de competiciones masivas como el Gran Trail Pe\u00f1alara.<\/p>\n<p>Como acto de protesta y defensa del Parque Nacional de la Sierra de Guadarrama, Ecologistas en Acci\u00f3n ha convocado una concentraci\u00f3n ciudadana el pr\u00f3ximo s\u00e1bado de 16 a 18 horas, en la zona de las taquillas del Puerto de Navacerrada (entre la M-601 y la pista de subida a La Bola). Avisan que la concentraci\u00f3n ha sido comunicada a Delegaci\u00f3n de Gobierno el pasado 24 de agosto, y que para llegar al Puerto, dado los cortes de tren y carretera que habr\u00e1, han organizado una caminata por el camino del Calvario que saldr\u00e1 de la estaci\u00f3n de Cercan\u00edas de Cercedilla a las 11:30 horas.<\/p>\n","protected":false},"excerpt":{"rendered":"A la Vuelta ciclista a Espa\u00f1a 2025 se le complican las cosas conforme llega a la \u00faltima semana&hellip;\n","protected":false},"author":2,"featured_media":105133,"comment_status":"","ping_status":"","sticky":false,"template":"","format":"standard","meta":{"footnotes":""},"categories":[273],"tags":[517,313,312,168,25,24,6688,23,167],"class_list":{"0":"post-105132","1":"post","2":"type-post","3":"status-publish","4":"format-standard","5":"has-post-thumbnail","7":"category-ciclismo","8":"tag-actualidad","9":"tag-ciclismo","10":"tag-cycling","11":"tag-deportes","12":"tag-es","13":"tag-espana","14":"tag-medio-ambiente","15":"tag-spain","16":"tag-sports"},"share_on_mastodon":{"url":"","error":""},"_links":{"self":[{"href":"https:\/\/www.europesays.com\/es\/wp-json\/wp\/v2\/posts\/105132","targetHints":{"allow":["GET"]}}],"collection":[{"href":"https:\/\/www.europesays.com\/es\/wp-json\/wp\/v2\/posts"}],"about":[{"href":"https:\/\/www.europesays.com\/es\/wp-json\/wp\/v2\/types\/post"}],"author":[{"embeddable":true,"href":"https:\/\/www.europesays.com\/es\/wp-json\/wp\/v2\/users\/2"}],"replies":[{"embeddable":true,"href":"https:\/\/www.europesays.com\/es\/wp-json\/wp\/v2\/comments?post=105132"}],"version-history":[{"count":0,"href":"https:\/\/www.europesays.com\/es\/wp-json\/wp\/v2\/posts\/105132\/revisions"}],"wp:featuredmedia":[{"embeddable":true,"href":"https:\/\/www.europesays.com\/es\/wp-json\/wp\/v2\/media\/105133"}],"wp:attachment":[{"href":"https:\/\/www.europesays.com\/es\/wp-json\/wp\/v2\/media?parent=105132"}],"wp:term":[{"taxonomy":"category","embeddable":true,"href":"https:\/\/www.europesays.com\/es\/wp-json\/wp\/v2\/categories?post=105132"},{"taxonomy":"post_tag","embeddable":true,"href":"https:\/\/www.europesays.com\/es\/wp-json\/wp\/v2\/tags?post=105132"}],"curies":[{"name":"wp","href":"https:\/\/api.w.org\/{rel}","templated":true}]}}