{"id":105138,"date":"2025-09-10T08:41:06","date_gmt":"2025-09-10T08:41:06","guid":{"rendered":"https:\/\/www.europesays.com\/es\/105138\/"},"modified":"2025-09-10T08:41:06","modified_gmt":"2025-09-10T08:41:06","slug":"el-captador-de-amadou-le-compara-con-un-9-de-primera-y-le-analiza-con-espacios-es-una-bestia-sigue-estando-muy-por-pulir-en-lo-fisico-y-tecnico-tiene-mucho-margen-de-mejora","status":"publish","type":"post","link":"https:\/\/www.europesays.com\/es\/105138\/","title":{"rendered":"El captador de Amadou le compara con un 9 de Primera\u00a0y le analiza:\u00a0\u00abCon espacios es una bestia. Sigue estando muy por pulir en lo f\u00edsico y t\u00e9cnico, tiene mucho margen de mejora\u00bb"},"content":{"rendered":"<p>\t\t\t\t\t\tDeclaraciones de Pedro Men\u00e9ndez<br \/>\n\t\t\t\t\t\t<strong>09 sep 2025<\/strong> . Actualizado a las 23:00 h.\t\t\t\t\t\t<\/p>\n<p class=\"first-paragraph txt\"><strong>Amadou Matar<\/strong> ya forma parte de la historia del<strong> Real Sporting de Gij\u00f3n<\/strong> al ser el segundo inquilino de la Residencia de Mareo en debutar con el primer equipo, siguiendo de ese modo los pasos de <strong>Pierre Mbemba<\/strong>.<\/p>\n<p class=\"txt\">El delantero recibi\u00f3 la semana pasada un peque\u00f1o reconocimiento, que sirve tambi\u00e9n como motivo de celebraci\u00f3n y est\u00edmulo para el resto de residentes.\u00a0Joaqu\u00edn Alonso, responsable de Relaciones Institucionales del club asturiano, le entreg\u00f3 una camiseta conmemorativa a Amadou, que agradeci\u00f3 el apoyo de todos los trabajadores y compa\u00f1eros desde que lleg\u00f3 a Mareo hace ya m\u00e1s de un a\u00f1o.<\/p>\n<p class=\"txt\">El fichaje de\u00a0Amadou fue un objetivo constante de <strong>Pedro Men\u00e9ndez<\/strong>. El ex captador de la cantera sportinguista le segu\u00eda desde sus tiempos en el <strong>Ra\u00edces<\/strong> y posteriormente en el <strong>Llanera<\/strong>, pero los informes de su primer a\u00f1o fueron descartados en favor de otras apuestas de la cantera rojiblanca. El segundo a\u00f1o no hubo acuerdo en lo econ\u00f3mico y a la tercera fue la vencida, despu\u00e9s de explotar a nivel goleador en la Tercera RFEF.<\/p>\n<p class=\"txt\">\u00abAmadou necesitaba trabajo de base porque nunca estuvo en una cantera profesional, habr\u00eda sido importante haberlo fichado antes porque le habr\u00edas quitado esos goles a un rival directo como el Llanera, pero adem\u00e1s se habr\u00eda ganado una temporada extra en edad sub 23 para formarlo mejor. Eso habr\u00eda sido muy importante porque fisicamente es un portento natural, pero all\u00ed entrenaba a las siete de la tarde, una hora y sin gimnasio, sin estructura profesional&#8230;\u00bb, reflexiona Men\u00e9ndez durante la conversaci\u00f3n con La Voz de Asturias.<\/p>\n<p class=\"txt\">\u00ab<strong>Con espacios es una bestia<\/strong>, siempre lo dec\u00eda, hay partidos rotos con espacios en lo que es una aut\u00e9ntica bestia. A campo abierto va muy bien. Tambi\u00e9n <strong>se defiende de cabeza<\/strong>\u00bb<\/p>\n<p class=\"txt\">&#13;<br \/>\n\t\t&#13;<br \/>\n\t\t\t&#13;<br \/>\n\t\t&#13;<br \/>\n\t\t&#13;<br \/>\n\t\t&#13;<br \/>\n\t\t\t\t\t\t\t\t\t\t\t\t&#13;<br \/>\n\t\t\t\t\t\t\t\t&#13;<br \/>\n&#13;<br \/>\n&#13;<\/p>\n<p>\t\t\t&#13;<br \/>\n\t&#13;<\/p>\n<p>\t\t\t<a href=\"https:\/\/www.lavozdeasturias.es\/noticia\/sporting1905\/2025\/09\/09\/halilovic-encuentra-nuevo-club-tras-ofrecerse-sporting-acaba-contrato-9-meses\/00031757413469258952881.htm\" data-analytics=\"link-embed\" rel=\"nofollow noopener\" target=\"_blank\">Halilovic no encuentra nuevo club tras ofrecerse al Sporting y acaba contrato en 9 meses<\/a><\/p>\n<p class=\"a-min-author\">\n<p>\t\t\t\t\t\t\t\t\t\t\tAlejandro Vigil Mor\u00e1n<\/p>\n<p>\t&#13;<br \/>\n\t&#13;<br \/>\n&#13;<br \/>\n\t\t\t\t&#13;<br \/>\n\t\t\t\t&#13;<br \/>\n\t&#13;<br \/>\n\t\t\t&#13;<br \/>\n\t\t\t&#13;<br \/>\n\t\t&#13;\n<\/p>\n<p class=\"txt\">\u00abSigue estando <strong>muy por pulir en lo f\u00edsico y en lo t\u00e9cnico<\/strong>, tiene mucho margen de mejora. El <strong>juego de espaldas<\/strong> lo debe mejorar mucho, <strong>entender las jugadas<\/strong> y relacionarse con los compa\u00f1eros en las <strong>combinaciones<\/strong>\u00bb, destaca sobre sus puntos a potenciar.<\/p>\n<p class=\"txt\">\u00abSi tienen paciencia, si le cuidan, yo creo que ser\u00e1 futbolista profesional y<strong> no descartemos una futura venta interesante para el club<\/strong>, no es f\u00e1cil encontrar un jugador de ese perfil. Tiene que jugar, que no le pase como el a\u00f1o pasado o como el a\u00f1o pasado con Oy\u00f3n. Deben darle partidos, ser valientes. Si no juega deber\u00eda salir cedido y con un minutaje m\u00ednimo, que juegue, que siga creciendo. Hay que mimarlo, cuidarlo, exigirle\u00bb, explica Pedro.<\/p>\n<p class=\"txt\">\u00abEs un <strong>caso parecido a\u00a0Maroan Sannadi<\/strong>, hice informes de \u00e9l tambi\u00e9n. Es un caso parecido, hizo paso a paso en Tercera, Segunda y Primera RFEF. A Sannadi le han pulido m\u00e1s, pas\u00f3 por el Alav\u00e9s por ejemplo, eso le ayud\u00f3. Adem\u00e1s hay otra diferencia,\u00a0Sannadi es un perro y <strong>Amadou es muy buena gente, demasiado bueno, tiene que chocar m\u00e1s, ser m\u00e1s agresivo contra las centrales<\/strong>, recibe muchos golpes\u00bb.<\/p>\n<p class=\"txt\">\u00ab<strong>Si Sannadi es titular en el Athletic, Amadou tiene capacidad de serlo en el Sporting<\/strong>. Poco a poco, sin prisas, es muy joven y tiene muy poca base, no estar hasta el a\u00f1o pasado en una cantera profesional es un detalle importante en su formaci\u00f3n y se debe tener en cuenta\u00bb<\/p>\n<p class=\"txt\">&#13;<br \/>\n\t\t&#13;<br \/>\n\t\t\t&#13;<br \/>\n\t\t&#13;<br \/>\n\t\t&#13;<br \/>\n\t\t&#13;<br \/>\n\t\t\t\t\t\t\t\t\t\t\t\t&#13;<br \/>\n\t\t\t\t\t\t\t\t&#13;<br \/>\n&#13;<br \/>\n&#13;<\/p>\n<p>\t\t\t&#13;<br \/>\n\t&#13;<\/p>\n<p>\t\t\t<a href=\"https:\/\/www.lavozdeasturias.es\/noticia\/sporting1905\/2025\/09\/09\/nino-sudafricano-hizo-crowdfunding-entrenar-prueba-sporting\/00031757406894647937113.htm\" data-analytics=\"link-embed\" rel=\"nofollow noopener\" target=\"_blank\">El ni\u00f1o sudafricano que hizo un\u00a0crowdfunding para entrenar a prueba con el Sporting<\/a><\/p>\n<p class=\"a-min-author\">\n<p>\t\t\t\t\t\t\t\t\t\t\tAlejandro Vigil Mor\u00e1n<\/p>\n<p>\t&#13;<br \/>\n\t&#13;<br \/>\n&#13;<br \/>\n\t\t\t\t&#13;<br \/>\n\t\t\t\t&#13;<br \/>\n\t&#13;<br \/>\n\t\t\t&#13;<br \/>\n\t\t\t&#13;<br \/>\n\t\t&#13;\n<\/p>\n<p class=\"ladillo\">Quinielona de Sporting1905 y sorteo de camiseta del Sporting<\/p>\n<p class=\"txt\">Todos los suscriptores de pago pueden enviarnos al email sporting1905web@gmail.com su resultado (1 o X o 2 junto a su nick o nombre en caso de no utilizar el foro) de los siguientes partidos: Sporting &#8211; Burgos, Granada &#8211; Legan\u00e9s y Zaragoza &#8211; Albacete.\u00a0El que m\u00e1s acierte al finalizar la temporada recibir\u00e1 una\u00a0camiseta oficial del Sporting\u00a0de la pr\u00f3xima campa\u00f1a.\u00a0Primeros puntuadores:\u00a0asturxixon 1, jes\u00fas mendez 2, fortu 1, prinsal 1, marconato 2, marcos 2, desterrao 2, juanma 1, payo 1.<\/p>\n<p class=\"txt\">Por otro lado, Polakro es el lector que ha ganado el sorteo de la camiseta oficial del Real Sporting de Gij\u00f3n.<\/p>\n<p>&#13;<br \/>\n\tArchivado en:&#13;<br \/>\n\t\t\t\t\t<a href=\"https:\/\/www.lavozdeasturias.es\/temas\/sporting-de-gijon\/\" target=\"_blank\" class=\"mg-l\" rel=\"nofollow noopener\">Sporting de Gij\u00f3n<\/a>&#13;<br \/>\n\t&#13;<\/p>\n","protected":false},"excerpt":{"rendered":"Declaraciones de Pedro Men\u00e9ndez 09 sep 2025 . Actualizado a las 23:00 h. Amadou Matar ya forma parte&hellip;\n","protected":false},"author":2,"featured_media":105139,"comment_status":"","ping_status":"","sticky":false,"template":"","format":"standard","meta":{"footnotes":""},"categories":[268],"tags":[168,25,24,280,282,281,23,4783,167],"class_list":{"0":"post-105138","1":"post","2":"type-post","3":"status-publish","4":"format-standard","5":"has-post-thumbnail","7":"category-futbol","8":"tag-deportes","9":"tag-es","10":"tag-espana","11":"tag-football","12":"tag-futbol","13":"tag-soccer","14":"tag-spain","15":"tag-sporting-de-gijon","16":"tag-sports"},"share_on_mastodon":{"url":"","error":""},"_links":{"self":[{"href":"https:\/\/www.europesays.com\/es\/wp-json\/wp\/v2\/posts\/105138","targetHints":{"allow":["GET"]}}],"collection":[{"href":"https:\/\/www.europesays.com\/es\/wp-json\/wp\/v2\/posts"}],"about":[{"href":"https:\/\/www.europesays.com\/es\/wp-json\/wp\/v2\/types\/post"}],"author":[{"embeddable":true,"href":"https:\/\/www.europesays.com\/es\/wp-json\/wp\/v2\/users\/2"}],"replies":[{"embeddable":true,"href":"https:\/\/www.europesays.com\/es\/wp-json\/wp\/v2\/comments?post=105138"}],"version-history":[{"count":0,"href":"https:\/\/www.europesays.com\/es\/wp-json\/wp\/v2\/posts\/105138\/revisions"}],"wp:featuredmedia":[{"embeddable":true,"href":"https:\/\/www.europesays.com\/es\/wp-json\/wp\/v2\/media\/105139"}],"wp:attachment":[{"href":"https:\/\/www.europesays.com\/es\/wp-json\/wp\/v2\/media?parent=105138"}],"wp:term":[{"taxonomy":"category","embeddable":true,"href":"https:\/\/www.europesays.com\/es\/wp-json\/wp\/v2\/categories?post=105138"},{"taxonomy":"post_tag","embeddable":true,"href":"https:\/\/www.europesays.com\/es\/wp-json\/wp\/v2\/tags?post=105138"}],"curies":[{"name":"wp","href":"https:\/\/api.w.org\/{rel}","templated":true}]}}