{"id":105140,"date":"2025-09-10T08:42:08","date_gmt":"2025-09-10T08:42:08","guid":{"rendered":"https:\/\/www.europesays.com\/es\/105140\/"},"modified":"2025-09-10T08:42:08","modified_gmt":"2025-09-10T08:42:08","slug":"ursula-corbero-anuncia-que-espera-su-primer-hijo-con-chino-darin-no-es-ia-el-mundo","status":"publish","type":"post","link":"https:\/\/www.europesays.com\/es\/105140\/","title":{"rendered":"\u00darsula Corber\u00f3 anuncia que espera su primer hijo con Chino Dar\u00edn: &quot;No es IA&quot; &#8211; El Mundo"},"content":{"rendered":"<ol>\n<li><a href=\"https:\/\/news.google.com\/rss\/articles\/CBMigAFBVV95cUxPM2l5aWVjV0o2SzNHUGp5YV9iNnZrYmh6dXhUbElqWmJSZkpqRm5jaVFTYy1iQUZIQ1E4U25aVC1zWWZ4M2JsXzRtcW9nV1pqcGpzbzluNEVzaUg4RjZEWFVqdGhjS2d1Q1BYVEkwV3NfRHdTRDNyWTcteW9CV0stRtIBgAFBVV95cUxOWFRVemxiVmhUY1MtY2FfVEtKS1hybGlub2p0RGV6V2V1ZHdtRFFOZEkzSUV2Q1RGdGt1MkEtaVBVOVQ3M1p5WV9peXVQbFE2MmdpSTNfRVVsZm1EbWZBTml5bGpvUGpicU5BeXBZSkx1WUc1NnJKRVZvcXdxM3FTWA?oc=5\" target=\"_blank\" rel=\"nofollow noopener\">\u00darsula Corber\u00f3 anuncia que espera su primer hijo con Chino Dar\u00edn: \u00abNo es IA\u00bb<\/a>&nbsp;&nbsp;El Mundo<\/li>\n<li><a href=\"https:\/\/news.google.com\/rss\/articles\/CBMilwFBVV95cUxPel83Y3g3ZGxLSTJGeTFCQlE5a3h3b0EyQkRza1hab0Q5ZnJlNUNvY1RHMFJXNlIxRkU4RURPdjFrZzMtT3pET2RteUFnZVA2M1VKUUR0VE1vT1ctcWVtelJOUHJZQ1JZVGV0VENUOF81bkpMZExwYXhyV1c4LWtKRnRkNW9YODNpdGZBVlNKeXFia3BsUjNN0gGrAUFVX3lxTFBNTk5obWNvc0tJWXl6cXpvYWQ2OWxWQ3NEbWVrcEdWQkwtbTlUbTBiTHNwZkUtemEtTEZBS3dCUkVYdUdCSVFKZmtfcGJIWnRqV1U3QlpEeURoZ2pVdFdtN1J6Y2xQazJNZ3lkUmVOUUlVZFlSN1FkdjBFNmtldk1qRllzNG1iWnZCSERoLVhPelRocmVraXgxcjFROGx4S1VqVGFjbUtMYXRTWQ?oc=5\" target=\"_blank\" rel=\"nofollow noopener\">\u00darsula Corber\u00f3 anuncia que est\u00e1 embarazada: \u201cEsto no es IA\u201d<\/a>&nbsp;&nbsp;Diario AS<\/li>\n<li><a href=\"https:\/\/news.google.com\/rss\/articles\/CBMixwFBVV95cUxPYkJzYlN3M0dhQjdmenJqVkVzZjdLQXI2VXRDVUt2enFFWkNUNFpHWGwtdms5X3ItLUNmdjVyaHR0VDc2YmJtS05Sb1Y5aU5iRzhwZkItdkp6VExYaXJQbjAwajdZTFRiQUhaeEh5R09uMG1VRU1xcXQ2NG5MTDVINnZIb3JVdTVDdHk5WU5vVHA4Y1JSSklnS3lvMjlfM203ZVNhQXJHbERMVFFSX3p6YzBVNWJpNDVxMGExenpFaFFpTjQ3alVn0gHTAUFVX3lxTE1Oa2dfdE1HRGxobXNSN0RFRDhzb0ZFV0hqcVFwRVVzNlBHU2hUTmUtejVRZVpIZ3IzUW42SGR5RG5vamZEeC1XRU5CM18xcWRNaGJNcDFQWS1yeGVNTGZQZEFmTDB5bGRpWlg1bTlHMXZFcGlxdEloVTZ4blVCdDRNWm5oeXFqQTNmUlNhUlI0cHU4OTB0VUtNMmdqVWR2ZU8yUVA2OUNSSDZ0Yk51TmJOWUJ2OG9IWDRFWGF1a3BBcS1UUjhuRjMxWi0tRkpTcG5OXzA?oc=5\" target=\"_blank\" rel=\"nofollow noopener\">Las primeras reacciones al embarazo de \u00darsula Corber\u00f3<\/a>&nbsp;&nbsp;telecinco.es<\/li>\n<li><a href=\"https:\/\/news.google.com\/rss\/articles\/CBMinwFBVV95cUxPNkxOMzZVWEFfVkZnY0FENnN5SlRqazZXeVVRQzc2TEMtNVpZNmNURkdkQmtNeThaa0xzdFJfbUFZQWxKMDU2ZkJ4bV9rNjE4NEJKNU1pWDhpVkFPRlQ5aGZNTmp3MVoxb1ctRzF5NUdhRmNtempWMFprMEtoY3M5a09QaWtDdzVuX2ZLSUp5Qko4RmdZVW1xTFg0ZlFyclU?oc=5\" target=\"_blank\" rel=\"nofollow noopener\">\u00darsula Corber\u00f3 y Chino Dar\u00edn, un amor que empez\u00f3 con una \u2018declaraci\u00f3n de intenciones\u2019 de la actriz: un oc\u00e9ano de por medio (que los hizo m\u00e1s fuertes) y vacaciones entre Ibiza y el sur de Argentina<\/a>&nbsp;&nbsp;Vanity Fair Espa\u00f1a<\/li>\n<\/ol>\n","protected":false},"excerpt":{"rendered":"\u00darsula Corber\u00f3 anuncia que espera su primer hijo con Chino Dar\u00edn: \u00abNo es IA\u00bb&nbsp;&nbsp;El Mundo \u00darsula Corber\u00f3 anuncia&hellip;\n","protected":false},"author":2,"featured_media":105141,"comment_status":"","ping_status":"","sticky":false,"template":"","format":"standard","meta":{"footnotes":""},"categories":[174],"tags":[255,146,147,25,24,256,720,23,19421],"class_list":{"0":"post-105140","1":"post","2":"type-post","3":"status-publish","4":"format-standard","5":"has-post-thumbnail","7":"category-famosos","8":"tag-celebrities","9":"tag-entertainment","10":"tag-entretenimiento","11":"tag-es","12":"tag-espana","13":"tag-famosos","14":"tag-loc-famosos","15":"tag-spain","16":"tag-ursula-corbero"},"share_on_mastodon":{"url":"","error":""},"_links":{"self":[{"href":"https:\/\/www.europesays.com\/es\/wp-json\/wp\/v2\/posts\/105140","targetHints":{"allow":["GET"]}}],"collection":[{"href":"https:\/\/www.europesays.com\/es\/wp-json\/wp\/v2\/posts"}],"about":[{"href":"https:\/\/www.europesays.com\/es\/wp-json\/wp\/v2\/types\/post"}],"author":[{"embeddable":true,"href":"https:\/\/www.europesays.com\/es\/wp-json\/wp\/v2\/users\/2"}],"replies":[{"embeddable":true,"href":"https:\/\/www.europesays.com\/es\/wp-json\/wp\/v2\/comments?post=105140"}],"version-history":[{"count":0,"href":"https:\/\/www.europesays.com\/es\/wp-json\/wp\/v2\/posts\/105140\/revisions"}],"wp:featuredmedia":[{"embeddable":true,"href":"https:\/\/www.europesays.com\/es\/wp-json\/wp\/v2\/media\/105141"}],"wp:attachment":[{"href":"https:\/\/www.europesays.com\/es\/wp-json\/wp\/v2\/media?parent=105140"}],"wp:term":[{"taxonomy":"category","embeddable":true,"href":"https:\/\/www.europesays.com\/es\/wp-json\/wp\/v2\/categories?post=105140"},{"taxonomy":"post_tag","embeddable":true,"href":"https:\/\/www.europesays.com\/es\/wp-json\/wp\/v2\/tags?post=105140"}],"curies":[{"name":"wp","href":"https:\/\/api.w.org\/{rel}","templated":true}]}}