{"id":105165,"date":"2025-09-10T09:01:09","date_gmt":"2025-09-10T09:01:09","guid":{"rendered":"https:\/\/www.europesays.com\/es\/105165\/"},"modified":"2025-09-10T09:01:09","modified_gmt":"2025-09-10T09:01:09","slug":"la-vuelta-a-espana-toca-fondo-a-la-espera-de-la-ultima-semana-de-competicion-el-debate","status":"publish","type":"post","link":"https:\/\/www.europesays.com\/es\/105165\/","title":{"rendered":"La Vuelta a Espa\u00f1a toca fondo a la espera de la \u00faltima semana de competici\u00f3n &#8211; El Debate"},"content":{"rendered":"<ol>\n<li><a href=\"https:\/\/news.google.com\/rss\/articles\/CBMisgFBVV95cUxQdFA5TDlyRHIzYTBJSnprSjMtbUMwcE5BQ3N0QVdCWERxQWFhQmRDMlFxRVo4S0FyRUNJV2tBeC1udHRzaHUtc05JLVQ0OXpCcVV4T0hpRFVLSWlDSHlTY2NFNG00MG9NNGVveVZFd1lmY0pWTUhVZFl2RkRNZnVnQ0JoQk5QMG5RSV9XSEdIZjVjRmllR3dGT1FmOEdDZjJseDVOVFdnR19mNE9mUnJXTU9n0gG3AUFVX3lxTE93WjBzbmNCWGdsUlF4bjktLXoxVExFSlhCZDBXdm5nWTBscGczekdLZnNpekpJY2hTcUxtc3FuOS1heXNoNExzN1ZoREtqV1k4ak1IZ3dZZ2k0bTBDM1JJYlV5UDAyNUlEbDkxbnVTR0hZUXZ1RThHWl9mbnp6VUNfR1pQYzI3NXN3MlFkcWNhVUM0T1B0Sk9pa2kxLVV3cVJmcmpiZzRFbExMVkZyZkZhVmlQZGtCQQ?oc=5\" target=\"_blank\" rel=\"nofollow noopener\">La Vuelta a Espa\u00f1a toca fondo a la espera de la \u00faltima semana de competici\u00f3n<\/a>&nbsp;&nbsp;El Debate<\/li>\n<li><a href=\"https:\/\/news.google.com\/rss\/articles\/CBMiuwFBVV95cUxNc0JrRGNEMUpRYUJLTk5FZVFEb0ZxTjE4T2lfZXN5WVk2RWZTaVNUbTBkODFUTVFXTWVUTi1BLXNMQTk1Ym5rYzJaa1RPc3BtY0dqLUVSaVdsVWRrcXZQcEthdHJjRGsxTjVoRlN5a2pnaXV4TG13X0dNSFVOZ2ZRTzVJS0Q0MFFUSkJNLUZTMlVYUEFNcG5NUHBIYU5FMklhNkJsZGkzMElnbFpyc3VvMGtDaG51ZlJqYUEw?oc=5\" target=\"_blank\" rel=\"nofollow noopener\">Vingegaard, con MARCA: \u201cSi no coincidiera con Pogacar ya tendr\u00eda cinco grandes\u201d<\/a>&nbsp;&nbsp;MARCA<\/li>\n<li><a href=\"https:\/\/news.google.com\/rss\/articles\/CBMiY0FVX3lxTE9xVW9YZ1F3MTg2NHFMdHBXVmdpQXduUU9XMGl6WVNaZ3p3b3l4NWkwNTBUYzlVNmxOUENEanplR3ZkenpPeFdVTEpPN3d3R0x3TUtwTUdkWE1lSDdBRThqS0ZfRdIBd0FVX3lxTE9lZnA3MlZmOHNtZ2tVY3YtOGRVcDE2eFJvMXRwZXQ0TGh4UE4yb29HV3JjckxnMjM2LWV5ZFpaQnE2TS10T0tIQTM2QWhsVVRqMGlIblo5QktpZ09sbVIyVm5OQkVneXJ4ekxCa1JNWHQ4ZGVCTGNJ?oc=5\" target=\"_blank\" rel=\"nofollow noopener\">Semana final<\/a>&nbsp;&nbsp;Diario AS<\/li>\n<li><a href=\"https:\/\/news.google.com\/rss\/articles\/CBMizAFBVV95cUxNbGJiSVBXYkVWMDhOejFiMlN1LTQtMTNYOVl4TzdUaGZKOGxvNHNkbjdsMXVuc3lLbV9uWTdROUxaZ0hXdzNVVWQ0dlA1bVpWZHNiNGltSFZYVGpRT0J3NFc0NnZWckV6eUh1UEVySXRhdnVSNVNDU0RlYVdSZnFzUHJMUGluNFhKbkg2RWhKZTdyT3ZVelVQLUN1WkhIdDNHQ21IMTAyT0hWM01jaVltNFpUMi1tUTkwQmYxS2xhSVRPanNQNXZlUWNQUng?oc=5\" target=\"_blank\" rel=\"nofollow noopener\">Jonas Vingegaard y otros ciclistas que llegan como protagonistas a la \u00faltima semana de la Vuelta a Espa\u00f1a<\/a>&nbsp;&nbsp;elDiario.es<\/li>\n<li><a href=\"https:\/\/news.google.com\/rss\/articles\/CBMi4gFBVV95cUxPMEFtNnQxZEhOSnEtMWNldVJhMHJRUDZ3WGRUM3l1SEhWV2ZDZnVWb1VSOVJPYWZIN2VvdTRZa0pSZUJId3ViUFJDWHhyYmlqdjNIcnZVRDJ4c281NVdJbjc5Umg0ejlmREYzdzNZVGk3NEFDNjRNV20yWnVqdUlqZDgya0ZjcGZZRlFFTWZXbGJBcW52Q2dyT2V1OGozMExKQmdPdnlrX0VCNTZkblA1VmdPZXNQWUYtSVcwa1V5RE9FdHZJNU9uOUU5VE02bldBWTdhYkFzVS1Rd18tYTZZNDJR?oc=5\" target=\"_blank\" rel=\"nofollow noopener\">Vingegaard pierde a un importante gregario para la semana clave: Campenaerts abandona por enfermedad<\/a>&nbsp;&nbsp;Eurosport<\/li>\n<\/ol>\n","protected":false},"excerpt":{"rendered":"La Vuelta a Espa\u00f1a toca fondo a la espera de la \u00faltima semana de competici\u00f3n&nbsp;&nbsp;El Debate Vingegaard, con&hellip;\n","protected":false},"author":2,"featured_media":104066,"comment_status":"","ping_status":"","sticky":false,"template":"","format":"standard","meta":{"footnotes":""},"categories":[273],"tags":[313,312,168,25,24,23,167],"class_list":{"0":"post-105165","1":"post","2":"type-post","3":"status-publish","4":"format-standard","5":"has-post-thumbnail","7":"category-ciclismo","8":"tag-ciclismo","9":"tag-cycling","10":"tag-deportes","11":"tag-es","12":"tag-espana","13":"tag-spain","14":"tag-sports"},"share_on_mastodon":{"url":"","error":""},"_links":{"self":[{"href":"https:\/\/www.europesays.com\/es\/wp-json\/wp\/v2\/posts\/105165","targetHints":{"allow":["GET"]}}],"collection":[{"href":"https:\/\/www.europesays.com\/es\/wp-json\/wp\/v2\/posts"}],"about":[{"href":"https:\/\/www.europesays.com\/es\/wp-json\/wp\/v2\/types\/post"}],"author":[{"embeddable":true,"href":"https:\/\/www.europesays.com\/es\/wp-json\/wp\/v2\/users\/2"}],"replies":[{"embeddable":true,"href":"https:\/\/www.europesays.com\/es\/wp-json\/wp\/v2\/comments?post=105165"}],"version-history":[{"count":0,"href":"https:\/\/www.europesays.com\/es\/wp-json\/wp\/v2\/posts\/105165\/revisions"}],"wp:featuredmedia":[{"embeddable":true,"href":"https:\/\/www.europesays.com\/es\/wp-json\/wp\/v2\/media\/104066"}],"wp:attachment":[{"href":"https:\/\/www.europesays.com\/es\/wp-json\/wp\/v2\/media?parent=105165"}],"wp:term":[{"taxonomy":"category","embeddable":true,"href":"https:\/\/www.europesays.com\/es\/wp-json\/wp\/v2\/categories?post=105165"},{"taxonomy":"post_tag","embeddable":true,"href":"https:\/\/www.europesays.com\/es\/wp-json\/wp\/v2\/tags?post=105165"}],"curies":[{"name":"wp","href":"https:\/\/api.w.org\/{rel}","templated":true}]}}