{"id":105174,"date":"2025-09-10T09:06:13","date_gmt":"2025-09-10T09:06:13","guid":{"rendered":"https:\/\/www.europesays.com\/es\/105174\/"},"modified":"2025-09-10T09:06:13","modified_gmt":"2025-09-10T09:06:13","slug":"robert-p-hawkins-atrapa-la-luz-de-formentera-con-sus-pinceles","status":"publish","type":"post","link":"https:\/\/www.europesays.com\/es\/105174\/","title":{"rendered":"Robert P. Hawkins atrapa la luz de Formentera con sus pinceles"},"content":{"rendered":"<p class=\"ft-text ft-helper-closenews\">La <a class=\"ft-link ft-link--decoration\" href=\"https:\/\/www.diariodeibiza.es\/tags\/formentera\/\" rel=\"nofollow noopener\" target=\"_blank\">isla de Formentera<\/a> es infinita bajo la mirada de <strong>Robert P. Hawkins <\/strong>(Boston, 1948). Por las manos y los pinceles de este pintor estadounidenses, que vive a caballo entre <strong>Par\u00eds y Formentera,<\/strong> ya han pasado los acantilados de la pitiusa del sur, sus gentes, la vida en los quioscos tradicionales, la posidonia y los paisajes rurales isle\u00f1os.<\/p>\n<p class=\"ft-text\">En su nueva exposici\u00f3n, que lleva por t\u00edtulo <strong>\u2018Luz Ambiental<\/strong>\u2019 y puede visitarse en la sala de exposiciones <strong>Ajuntament Vell de Sant Francesc<\/strong> hasta el 20 de septiembre de 11 a 14 horas y de 19 a 21 horas, Hawkins propone al espectador una quincena de <strong>obras al \u00f3leo de diferente formato y tem\u00e1tica<\/strong> donde la luz es tan protagonista como el paisaje que retrata.<\/p>\n<p class=\"ft-text\">Hay varios <strong>pinares <\/strong>f\u00e1cilmente reconocibles situados en los alrededores de es Ca Mar\u00ed donde el sol del atardecer pinta de tonos anaranjados la memoria de los observadores; agrupaciones de<strong> juncos<\/strong> y de las bellas pero t\u00f3xicas <strong>cebollas albarranas<\/strong> y una enorme tela doble donde reina una majestuosa pradera de <strong>posidonia<\/strong>. Tambi\u00e9n varios<strong> paisajes nocturnos <\/strong>entre los que se cuela a bordo de una <strong>patera <\/strong>la tragedia de la migraci\u00f3n ilegal.<\/p>\n<p class=\"ft-text\"><strong>Salir, pintar y mirar <\/strong><\/p>\n<p class=\"ft-text\">Hawkins viene \u00abde un lugar de Boston donde salir al exterior y pintar es algo casi tan normal como respirar\u00bb, cuenta frente a sus creaciones este paisajista que lleva exponiendo en la isla cada dos a\u00f1os desde 1982. Y as\u00ed lo hace \u00e9l mismo: salir, mirar y pintar, la mayor\u00eda de las veces al natural y con la premura a la que obliga la cambiante luz solar.<\/p>\n<p class=\"ft-text\">Adem\u00e1s, este artista destaca la ventaja de conocer de antemano el espacio f\u00edsico donde se expondr\u00e1n sus telas: \u00abEsta sala es perfecta, y la conozco tan bien que mientras pinto ya s\u00e9 exactamente d\u00f3nde va a estar expuesto el cuadro, la luz que va a recibir&#8230;\u00bb, asegura.<\/p>\n<p data-close=\"closedContent\" class=\"subscribeHideForDisplay\">Suscr\u00edbete para seguir leyendo<\/p>\n","protected":false},"excerpt":{"rendered":"La isla de Formentera es infinita bajo la mirada de Robert P. Hawkins (Boston, 1948). Por las manos&hellip;\n","protected":false},"author":2,"featured_media":105175,"comment_status":"","ping_status":"","sticky":false,"template":"","format":"standard","meta":{"footnotes":""},"categories":[173],"tags":[229,233,231,230,36579,232,234,146,147,25,24,36578,3643,1875,36577,36580,12027,7978,23],"class_list":{"0":"post-105174","1":"post","2":"type-post","3":"status-publish","4":"format-standard","5":"has-post-thumbnail","7":"category-arte-y-diseno","8":"tag-arte","9":"tag-arte-y-diseno","10":"tag-arts","11":"tag-arts-and-design","12":"tag-atrapa","13":"tag-design","14":"tag-diseno","15":"tag-entertainment","16":"tag-entretenimiento","17":"tag-es","18":"tag-espana","19":"tag-hawkins","20":"tag-isla","21":"tag-luz","22":"tag-p","23":"tag-posidonia","24":"tag-robert","25":"tag-sant-francesc","26":"tag-spain"},"share_on_mastodon":{"url":"","error":""},"_links":{"self":[{"href":"https:\/\/www.europesays.com\/es\/wp-json\/wp\/v2\/posts\/105174","targetHints":{"allow":["GET"]}}],"collection":[{"href":"https:\/\/www.europesays.com\/es\/wp-json\/wp\/v2\/posts"}],"about":[{"href":"https:\/\/www.europesays.com\/es\/wp-json\/wp\/v2\/types\/post"}],"author":[{"embeddable":true,"href":"https:\/\/www.europesays.com\/es\/wp-json\/wp\/v2\/users\/2"}],"replies":[{"embeddable":true,"href":"https:\/\/www.europesays.com\/es\/wp-json\/wp\/v2\/comments?post=105174"}],"version-history":[{"count":0,"href":"https:\/\/www.europesays.com\/es\/wp-json\/wp\/v2\/posts\/105174\/revisions"}],"wp:featuredmedia":[{"embeddable":true,"href":"https:\/\/www.europesays.com\/es\/wp-json\/wp\/v2\/media\/105175"}],"wp:attachment":[{"href":"https:\/\/www.europesays.com\/es\/wp-json\/wp\/v2\/media?parent=105174"}],"wp:term":[{"taxonomy":"category","embeddable":true,"href":"https:\/\/www.europesays.com\/es\/wp-json\/wp\/v2\/categories?post=105174"},{"taxonomy":"post_tag","embeddable":true,"href":"https:\/\/www.europesays.com\/es\/wp-json\/wp\/v2\/tags?post=105174"}],"curies":[{"name":"wp","href":"https:\/\/api.w.org\/{rel}","templated":true}]}}