{"id":105186,"date":"2025-09-10T09:15:08","date_gmt":"2025-09-10T09:15:08","guid":{"rendered":"https:\/\/www.europesays.com\/es\/105186\/"},"modified":"2025-09-10T09:15:08","modified_gmt":"2025-09-10T09:15:08","slug":"novo-nordisk-eliminara-9-000-puestos-en-el-mundo","status":"publish","type":"post","link":"https:\/\/www.europesays.com\/es\/105186\/","title":{"rendered":"Novo Nordisk Eliminar\u00e1 9.000 Puestos En El Mundo"},"content":{"rendered":"<p data-type=\"paragraph\" data=\"[object Object]\">El gigante farmac\u00e9utico dan\u00e9s Novo Nordisk anunci\u00f3 el mi\u00e9rcoles que eliminar\u00e1 el 11% de su plantilla, el equivalente a unos 9.000 empleos, debido a la competencia cada vez mayor que enfrenta en sus tratamientos contra la obesidad.<\/p>\n<p data-type=\"paragraph\" data=\"[object Object]\" class=\"emotion-1akm6h5-Paragraph e1e4oisd0\">Mundialmente conocido por el \u00e9xito de sus f\u00e1rmacos para la diabetes y la obesidad, el fabricante de Ozempic y Wegovy dijo en un comunicado que los recortes le permitir\u00edan ahorrar 8.000 millones de coronas (1.300 millones de d\u00f3lares) para finales de 2026.<\/p>\n<p data-type=\"paragraph\" data=\"[object Object]\" class=\"emotion-1akm6h5-Paragraph e1e4oisd0\">En total, la empresa suprimir\u00e1 9.000 puestos de trabajo en los 80 pa\u00edses donde est\u00e1 establecida, de los cuales afectar\u00e1 a 5.000 en Dinamarca.<\/p>\n<p data-type=\"paragraph\" data=\"[object Object]\" class=\"emotion-1akm6h5-Paragraph e1e4oisd0\">Adem\u00e1s, por tercera vez en el a\u00f1o, el laboratorio centenario rebaj\u00f3 sus previsiones para 2025, esperando un crecimiento de los beneficios operativos de entre 4% y 10%, frente al 10% y 16% previstos anteriormente.<\/p>\n<p data-type=\"paragraph\" data=\"[object Object]\" class=\"emotion-1akm6h5-Paragraph e1e4oisd0\">Novo Nordisk afirm\u00f3 que los recortes forman parte de una \u00abtransformaci\u00f3n de toda la empresa para simplificar su organizaci\u00f3n\u00bb.<\/p>\n<p data-type=\"paragraph\" data=\"[object Object]\" class=\"emotion-1akm6h5-Paragraph e1e4oisd0\">\u00abNuestros mercados est\u00e1n evolucionando, especialmente en el \u00e1mbito de la obesidad (&#8230;) Nuestra empresa tambi\u00e9n debe evolucionar. Esto significa inculcar una cultura basada m\u00e1s en el rendimiento, desplegar nuestros recursos de forma a\u00fan m\u00e1s eficaz y dar prioridad a las inversiones que tengan mayor impacto\u00bb, justific\u00f3 el nuevo director general Mike Doustdar, citado en el texto.<\/p>\n<p data-type=\"paragraph\" data=\"[object Object]\" class=\"emotion-1akm6h5-Paragraph e1e4oisd0\">La popularidad de las inyecciones para perder peso de Novo Nordisk la convirti\u00f3 en su momento en la favorita de los inversores, lo que impuls\u00f3 el precio de sus acciones y la convirti\u00f3 en la empresa m\u00e1s valiosa de Europa.<\/p>\n<p data-type=\"paragraph\" data=\"[object Object]\" class=\"emotion-1akm6h5-Paragraph e1e4oisd0\">La empresa se embarc\u00f3 entonces en una campa\u00f1a de contrataci\u00f3n masiva, aumentando su plantilla de 43.700 empleados en 2020 a los 78.400 actuales.<\/p>\n<p data-type=\"paragraph\" data=\"[object Object]\" class=\"emotion-1akm6h5-Paragraph e1e4oisd0\">Sin embargo, el precio de sus acciones ha ca\u00eddo en picado desde el a\u00f1o pasado y las ventas se han ralentizado debido al aumento de la competencia de tratamientos rivales en su principal mercado, Estados Unidos.<\/p>\n<p data-type=\"paragraph\" data=\"[object Object]\" class=\"emotion-1akm6h5-Paragraph e1e4oisd0\">La farmac\u00e9utica danesa se enfrenta a la dura competencia de los tratamientos rivales fabricados por el grupo estadounidense Eli Lilly.<\/p>\n<p data-type=\"paragraph\" data=\"[object Object]\" class=\"emotion-1akm6h5-Paragraph e1e4oisd0\">Adem\u00e1s, su limitada capacidad de producci\u00f3n, tambi\u00e9n llev\u00f3 a la Administraci\u00f3n de Alimentos y Medicamentos de Estados Unidos a autorizar temporalmente a las farmacias crear las denominadas versiones \u00abcompuestas\u00bb o imitadoras de Ozempic y Wegovy.<\/p>\n<p data-type=\"paragraph\" data=\"[object Object]\" class=\"emotion-1akm6h5-Paragraph e1e4oisd0\">Si bien el permiso expir\u00f3 el 22 de mayo, Novo Nordisk afirm\u00f3 el mes pasado que las ventas de versiones gen\u00e9ricas de sus tratamientos continuaban \u00abbajo la falsa apariencia de la &#8216;personalizaci\u00f3n'\u00bb.<\/p>\n<p data-type=\"paragraph\" data=\"[object Object]\" class=\"emotion-1akm6h5-Paragraph e1e4oisd0\">Ozempic es un tratamiento antidiab\u00e9tico inyectable que se hizo popular en las redes sociales por sus propiedades adelgazantes. En cambio, Wegovy, que tiene el mismo principio activo que Ozempic en una dosis diferente, es un medicamento para perder peso.<\/p>\n<p data-type=\"paragraph\" data=\"[object Object]\" class=\"emotion-1akm6h5-Paragraph e1e4oisd0\">Ambos utilizan an\u00e1logos de la hormona GLP-1, que regula los niveles de glucosa en sangre y el apetito.<\/p>\n<p data-type=\"paragraph\" data=\"[object Object]\" class=\"emotion-1akm6h5-Paragraph e1e4oisd0\">cbw\/lth\/jxb\/mmy\/pb<\/p>\n","protected":false},"excerpt":{"rendered":"El gigante farmac\u00e9utico dan\u00e9s Novo Nordisk anunci\u00f3 el mi\u00e9rcoles que eliminar\u00e1 el 11% de su plantilla, el equivalente&hellip;\n","protected":false},"author":2,"featured_media":73675,"comment_status":"","ping_status":"","sticky":false,"template":"","format":"standard","meta":{"footnotes":""},"categories":[80],"tags":[82,20356,2496,95,94,25,24,18101,36583,5693,23,116],"class_list":{"0":"post-105186","1":"post","2":"type-post","3":"status-publish","4":"format-standard","5":"has-post-thumbnail","7":"category-economia","8":"tag-business","9":"tag-despidos","10":"tag-dinamarca","11":"tag-economia","12":"tag-economy","13":"tag-es","14":"tag-espana","15":"tag-farmaceutica","16":"tag-novonordisk","17":"tag-obesidad","18":"tag-spain","19":"tag-synd"},"share_on_mastodon":{"url":"","error":""},"_links":{"self":[{"href":"https:\/\/www.europesays.com\/es\/wp-json\/wp\/v2\/posts\/105186","targetHints":{"allow":["GET"]}}],"collection":[{"href":"https:\/\/www.europesays.com\/es\/wp-json\/wp\/v2\/posts"}],"about":[{"href":"https:\/\/www.europesays.com\/es\/wp-json\/wp\/v2\/types\/post"}],"author":[{"embeddable":true,"href":"https:\/\/www.europesays.com\/es\/wp-json\/wp\/v2\/users\/2"}],"replies":[{"embeddable":true,"href":"https:\/\/www.europesays.com\/es\/wp-json\/wp\/v2\/comments?post=105186"}],"version-history":[{"count":0,"href":"https:\/\/www.europesays.com\/es\/wp-json\/wp\/v2\/posts\/105186\/revisions"}],"wp:featuredmedia":[{"embeddable":true,"href":"https:\/\/www.europesays.com\/es\/wp-json\/wp\/v2\/media\/73675"}],"wp:attachment":[{"href":"https:\/\/www.europesays.com\/es\/wp-json\/wp\/v2\/media?parent=105186"}],"wp:term":[{"taxonomy":"category","embeddable":true,"href":"https:\/\/www.europesays.com\/es\/wp-json\/wp\/v2\/categories?post=105186"},{"taxonomy":"post_tag","embeddable":true,"href":"https:\/\/www.europesays.com\/es\/wp-json\/wp\/v2\/tags?post=105186"}],"curies":[{"name":"wp","href":"https:\/\/api.w.org\/{rel}","templated":true}]}}