{"id":105187,"date":"2025-09-10T09:16:06","date_gmt":"2025-09-10T09:16:06","guid":{"rendered":"https:\/\/www.europesays.com\/es\/105187\/"},"modified":"2025-09-10T09:16:06","modified_gmt":"2025-09-10T09:16:06","slug":"ultima-hora-de-la-guerra-de-rusia-y-ucrania-en-directo-la-ue-sospecha-que-la-entrada-de-drones-rusos-en-polonia-fue-intencionada-internacional","status":"publish","type":"post","link":"https:\/\/www.europesays.com\/es\/105187\/","title":{"rendered":"\u00daltima hora de la guerra de Rusia y Ucrania, en directo | La UE sospecha que la entrada de drones rusos en Polonia fue \u201cintencionada\u201d | Internacional"},"content":{"rendered":"<p class=\"ev-title\">Ucrania afirma que los drones en Polonia muestran que Putin solo quiere \u201crecrudecer la guerra y poner a prueba a Occidente\u201d<\/p>\n<p>El ministro ucranio de Exteriores, Andrii Sibiha, ha denunciado que el ataque masivo de esta noche contra Ucrania y el derribo de varios drones rusos sobre territorio polaco muestran que el presidente ruso, Vlad\u00edmir Putin, est\u00e1 cada vez m\u00e1s convencido de su \u201cimpunidad\u201d y su intenci\u00f3n es recrudecer la guerra y \u201cponer a prueba a Occidente\u201d, algo que seguir\u00e1 haciendo mientras no se enfrente a una respuesta contundente.<\/p>\n<p>\u201cLos drones rusos volando hacia Polonia durante el ataque masivo sobre Ucrania muestran\u00a0que la sensaci\u00f3n de impunidad de Putin sigue creciendo porque no ha sido castigado de forma apropiada por sus cr\u00edmenes anteriores\u201d, ha escrito Sibiha en un mensaje en X.\u00a0\u201cPutin sigue recrudeciendo, expandiendo su guerra y poniendo a prueba a Occidente\u201d, a\u00f1ade, exigiendo una respuesta firme. \u201cCuanto m\u00e1s tiempo siga sin encontrar una respuesta firme, m\u00e1s agresivo se volver\u00e1\u201d. \u201cUna respuesta d\u00e9bil en este momento provocar\u00e1 a Rusia a\u00fan m\u00e1s y entonces, los misiles y drones rusos volar\u00e1n incluso m\u00e1s hacia el interior de Europa\u201d, advierte Sibiha.\u00a0<\/p>\n<p>Reclama el ministro que las defensas a\u00e9reas de pa\u00edses socios de Ucrania puedan ser usadas para interceptar los misiles y drones rusos sobre el espacio a\u00e9reo ucranio, \u201cincluyendo los que se aproximen a las fronteras de la OTAN\u201d, algo que, recuerda el ministro, \u201cUcrania lleva tiempo proponiendo\u201d. \u201cDebe tomarse esa decisi\u00f3n en pro de la seguridad colectiva\u201d.<\/p>\n<p>En ese sentido, reclama a los socios que ayuden a \u201creforzar con urgencia\u201d las defensas a\u00e9reas de Ucrania, que en las \u00faltimas semanas se enfrentan a ataques masivos con cientos de drones y misiles, las oleadas m\u00e1s numerosas desde el inicio de la guerra. En una de ellas, la semana pasada, fue alcanzado un edificio del Gobierno ucranio y en otra, uno de la UE.<\/p>\n<p>Tambi\u00e9n pide \u201cincrementar las sanciones sin demora\u201d y una mayor implicaci\u00f3n de EE UU, que, desde la llegada al poder de Donald Trump, se ha alineado frecuentemente con las posiciones rusas. \u201cPutin solo se pondr\u00e1 a negociar en serio cuando se enfrente a la presi\u00f3n transatl\u00e1ntica. La maquinaria de guerra de Rusia debe ser detenida, y solo puede serlo mediante la fuerza, no la debilidad\u201d, termina.<\/p>\n","protected":false},"excerpt":{"rendered":"Ucrania afirma que los drones en Polonia muestran que Putin solo quiere \u201crecrudecer la guerra y poner a&hellip;\n","protected":false},"author":2,"featured_media":105188,"comment_status":"","ping_status":"","sticky":false,"template":"","format":"standard","meta":{"footnotes":""},"categories":[42],"tags":[8738,17,18,70,71,72,700,13,14,69,7082,11,61,62,63,64,19,20,9,10,15,16,1613,1614,12,7081,21,22,1617,65,66,67],"class_list":{"0":"post-105187","1":"post","2":"type-post","3":"status-publish","4":"format-standard","5":"has-post-thumbnail","7":"category-internacional","8":"tag-ataques-militares","9":"tag-breaking-news","10":"tag-breakingnews","11":"tag-conflictos","12":"tag-conflictos-armados","13":"tag-conflictos-internacionales","14":"tag-europa","15":"tag-featured-news","16":"tag-featurednews","17":"tag-guerra","18":"tag-guerra-de-rusia-en-ucrania","19":"tag-headlines","20":"tag-internacional","21":"tag-international","22":"tag-international-news","23":"tag-internationalnews","24":"tag-latest-news","25":"tag-latestnews","26":"tag-news","27":"tag-noticias","28":"tag-noticias-destacadas","29":"tag-noticiasdestacadas","30":"tag-otan","31":"tag-rusia","32":"tag-titulares","33":"tag-ucrania","34":"tag-ultimas-noticias","35":"tag-ultimasnoticias","36":"tag-union-europea","37":"tag-world","38":"tag-world-news","39":"tag-worldnews"},"share_on_mastodon":{"url":"","error":""},"_links":{"self":[{"href":"https:\/\/www.europesays.com\/es\/wp-json\/wp\/v2\/posts\/105187","targetHints":{"allow":["GET"]}}],"collection":[{"href":"https:\/\/www.europesays.com\/es\/wp-json\/wp\/v2\/posts"}],"about":[{"href":"https:\/\/www.europesays.com\/es\/wp-json\/wp\/v2\/types\/post"}],"author":[{"embeddable":true,"href":"https:\/\/www.europesays.com\/es\/wp-json\/wp\/v2\/users\/2"}],"replies":[{"embeddable":true,"href":"https:\/\/www.europesays.com\/es\/wp-json\/wp\/v2\/comments?post=105187"}],"version-history":[{"count":0,"href":"https:\/\/www.europesays.com\/es\/wp-json\/wp\/v2\/posts\/105187\/revisions"}],"wp:featuredmedia":[{"embeddable":true,"href":"https:\/\/www.europesays.com\/es\/wp-json\/wp\/v2\/media\/105188"}],"wp:attachment":[{"href":"https:\/\/www.europesays.com\/es\/wp-json\/wp\/v2\/media?parent=105187"}],"wp:term":[{"taxonomy":"category","embeddable":true,"href":"https:\/\/www.europesays.com\/es\/wp-json\/wp\/v2\/categories?post=105187"},{"taxonomy":"post_tag","embeddable":true,"href":"https:\/\/www.europesays.com\/es\/wp-json\/wp\/v2\/tags?post=105187"}],"curies":[{"name":"wp","href":"https:\/\/api.w.org\/{rel}","templated":true}]}}