{"id":105195,"date":"2025-09-10T09:21:10","date_gmt":"2025-09-10T09:21:10","guid":{"rendered":"https:\/\/www.europesays.com\/es\/105195\/"},"modified":"2025-09-10T09:21:10","modified_gmt":"2025-09-10T09:21:10","slug":"brian-ortega-perdio-el-conocimiento-durante-30-minutos-durante-el-extremo-corte-de-peso-de-ufc-tenia-miedo-no-voy-a-mentir","status":"publish","type":"post","link":"https:\/\/www.europesays.com\/es\/105195\/","title":{"rendered":"Brian Ortega perdi\u00f3 el conocimiento durante 30 minutos durante el extremo corte de peso de UFC: \u00abTen\u00eda miedo, no voy a mentir\u00bb"},"content":{"rendered":"<p>Brian Ortega casi extra\u00f1\u00f3 su evento principal de UFC Shanghai con Aljamain Sterling hace dos fines de semana. De hecho, fue esencialmente noqueado por su corte de peso anta\u00f1o de aparecer a la escalera.<\/p>\n<p>En los pesajes para el regreso de la promoci\u00f3n a China, Ortega parec\u00eda notablemente demacrado, causando preocupaci\u00f3n por su vitalidad en toda la comunidad. Los informes y los rumores comenzaron a tirarse a posteriori de que Ortega y su oponente Aljamain Sterling cambiaron su choque de 145 libras originalmente programado a un peso atrapado de 153 libras. Al final, Ortega perdi\u00f3 la pelea por osad\u00eda coincidente a posteriori de cinco rondas de combates.<\/p>\n<p>Anuncio<\/p>\n<p>Se rumoreaba que Ortega se hab\u00eda desmayado anta\u00f1o de la pelea, pero permaneci\u00f3 en la pelea a pesar de tener un reemplazo a mano. Hablando en un video publicado en su cuenta de Instagram el martes, Ortega confirm\u00f3 que los informes y los rumores eran en realidad precisos.<\/p>\n<blockquote class=\"content-blockquote\">\n<p>\u201cCortamos peso el jueves, llegamos al primero\u201d, dijo Ortega. \u201cNos pusimos en cuenta \u2018[151 pounds]. Segundo, m\u00e1s tarde, decid\u00ed saltar el arsenal a las 12:00. Cortamos desde la medianoche hasta las 8:00 de la ma\u00f1ana, cortando peso todo el tiempo. Me di cuenta de que ten\u00eda 1.7 [pounds] para seguir tranquilo. Est\u00e1bamos confundidos sobre c\u00f3mo mi cuerpo en realidad no estaba derramando el agua, por qu\u00e9 solo lo sosten\u00eda, pero no importa lo que tengamos para sacar este peso, as\u00ed que lo hicimos.<\/p>\n<\/blockquote>\n<blockquote class=\"content-blockquote\">\n<p>\u201cBajamos las escaleras cerca de de las 8:00, 8 y tantos primaveras, decidimos cortar m\u00e1s peso. Poner los pl\u00e1sticos, el dulce sudor, todo. Hice 20 minutos en la veloc\u00edpedo. Una vez que sal\u00ed, me qued\u00e9 inconsciente. Estuve inconsciente durante unos 30 minutos. Durante ese tiempo, me pusieron hielo. Me pusieron toda la ropa y me dejaron en los cajistas.<\/p>\n<\/blockquote>\n<blockquote class=\"content-blockquote\">\n<p>\u201cSi viste los pesajes, obviamente sabes que parec\u00eda delirante y simplemente saliendo de ser 30 minutos inconsciente en el t\u00fanel, lo que dicen. Luego de eso, pesamos. Pensamos que si no me sent\u00eda admisiblemente o si poco estaba seriamente desanimado, llamar\u00edamos la pelea. No importa qui\u00e9n sea, tu vitalidad es lo primero, siempre lo retraso.<\/p>\n<\/blockquote>\n<blockquote class=\"content-blockquote\">\n<p>\u201cAljamain morapio a m\u00ed, y \u00e9l me habl\u00f3, y \u00e9l dijo: \u2018Oye, hombre, escuch\u00e9 lo que sucedi\u00f3\u2019. Le dije: \u2018Estuve por debajo de 30 minutos, no te mienta. \u00c9l dijo: \u201cYa tienen un lidiador de reemplazo, no te preocupes por eso\u201d. Pero le dije: \u201cNo, no quiero perder tu tiempo\u201d. Y me present\u00e9.<\/p>\n<\/blockquote>\n<blockquote class=\"content-blockquote\">\n<p>\u201cComimos comida, rehidratamos todo el d\u00eda. No me sent\u00ed admisiblemente. Quer\u00eda cancelarla. Me levant\u00e9 y caminando exterior casi me desmay\u00e9 y me desmay\u00e9. Todo en mi cuerpo me dice que no pelee.<\/p>\n<\/blockquote>\n<blockquote class=\"content-blockquote\">\n<p>\u201cEn primer lado, decid\u00ed disputar por mi comunidad. Ese es mi trabajo, aparecer y hacer lo que hago por ellos. Luch\u00e9 por mi comunidad. En segundo lado, luch\u00e9 por ustedes. Siempre me han mostrado sexo, ustedes siempre me han apoyado, sin importar qu\u00e9. Ser\u00eda injusto no aparecer por ustedes, independientemente de las excusas, solo que solo se les ha apoyado y hacen lo que tienen que hacer.<\/p>\n<\/blockquote>\n<blockquote class=\"content-blockquote\">\n<p>\u201cLa pregunta surgi\u00f3 de tal vez no iba a durar. No sab\u00eda qu\u00e9 esperar, si soy honesto. Ten\u00eda miedo, no voy a mentir. Estar inconsciente durante 30 minutos y luego pelear al d\u00eda ulterior, pero decid\u00ed hacerlo, a\u00fan as\u00ed. El resultado fue lo que fue el resultado.<\/p>\n<\/blockquote>\n<blockquote class=\"content-blockquote\">\n<p>\u201cBuen trabajo para \u2018Aljo\u2019 para un plan de encaje admisiblemente jugado. Estaba resbaladizo con su movimiento, lidiador de puntos muy inteligente, pelea inteligente de su parte. Soy m\u00e1s fan\u00e1tico de tener guerras. Ll\u00e1mame chiflado, pero eso era lo que esperaba, una buena conflagraci\u00f3n de agarre, pero no sucedi\u00f3, siquiera la conquista \u2026<\/p>\n<\/blockquote>\n<blockquote class=\"content-blockquote\">\n<p>\u201cEstamos de reverso, nos sentimos admisiblemente\u201d.<\/p>\n<\/blockquote>\n<p>El retador del t\u00edtulo de peso pluma dos veces de 34 primaveras jug\u00f3 con la posibilidad de un regreso superficial anta\u00f1o de su pelea susodicho con Diego Lopes en Confusi\u00f3n UFC en septiembre de 2024. Ortega todav\u00eda perdi\u00f3 ese combate a trav\u00e9s de una osad\u00eda coincidente, pero hizo peso en lo que parec\u00eda \u00f3pticamente ser otro corte de peso duro. \u201cT-City\u201d no ha luchado al sur de 145 libras desde sus d\u00edas anteriores a la UFC hace m\u00e1s de una t\u00e9rmino.<\/p>\n<p>Ha sido un tramo dif\u00edcil para Ortega en los \u00faltimos primaveras. El californiano cabalg\u00f3 en su primer t\u00edtulo de UFC contra Max Holloway como un contendiente invicto 14-0 en 2018, y no ha podido recuperar esa misma atractivo. Ortega no indic\u00f3 en su video de Instagram si le dar\u00e1 o no la oportunidad final de la Divisi\u00f3n de peso pluma a posteriori de caer a 2-5 en sus \u00faltimos siete combates.<\/p>\n","protected":false},"excerpt":{"rendered":"Brian Ortega casi extra\u00f1\u00f3 su evento principal de UFC Shanghai con Aljamain Sterling hace dos fines de semana.&hellip;\n","protected":false},"author":2,"featured_media":105196,"comment_status":"","ping_status":"","sticky":false,"template":"","format":"standard","meta":{"footnotes":""},"categories":[276],"tags":[168,25,24,23,167,343],"class_list":{"0":"post-105195","1":"post","2":"type-post","3":"status-publish","4":"format-standard","5":"has-post-thumbnail","7":"category-ufc","8":"tag-deportes","9":"tag-es","10":"tag-espana","11":"tag-spain","12":"tag-sports","13":"tag-ufc"},"share_on_mastodon":{"url":"","error":""},"_links":{"self":[{"href":"https:\/\/www.europesays.com\/es\/wp-json\/wp\/v2\/posts\/105195","targetHints":{"allow":["GET"]}}],"collection":[{"href":"https:\/\/www.europesays.com\/es\/wp-json\/wp\/v2\/posts"}],"about":[{"href":"https:\/\/www.europesays.com\/es\/wp-json\/wp\/v2\/types\/post"}],"author":[{"embeddable":true,"href":"https:\/\/www.europesays.com\/es\/wp-json\/wp\/v2\/users\/2"}],"replies":[{"embeddable":true,"href":"https:\/\/www.europesays.com\/es\/wp-json\/wp\/v2\/comments?post=105195"}],"version-history":[{"count":0,"href":"https:\/\/www.europesays.com\/es\/wp-json\/wp\/v2\/posts\/105195\/revisions"}],"wp:featuredmedia":[{"embeddable":true,"href":"https:\/\/www.europesays.com\/es\/wp-json\/wp\/v2\/media\/105196"}],"wp:attachment":[{"href":"https:\/\/www.europesays.com\/es\/wp-json\/wp\/v2\/media?parent=105195"}],"wp:term":[{"taxonomy":"category","embeddable":true,"href":"https:\/\/www.europesays.com\/es\/wp-json\/wp\/v2\/categories?post=105195"},{"taxonomy":"post_tag","embeddable":true,"href":"https:\/\/www.europesays.com\/es\/wp-json\/wp\/v2\/tags?post=105195"}],"curies":[{"name":"wp","href":"https:\/\/api.w.org\/{rel}","templated":true}]}}