{"id":10521,"date":"2025-07-29T00:13:06","date_gmt":"2025-07-29T00:13:06","guid":{"rendered":"https:\/\/www.europesays.com\/es\/10521\/"},"modified":"2025-07-29T00:13:06","modified_gmt":"2025-07-29T00:13:06","slug":"de-todos-los-libros-que-he-leido-en-las-vacaciones-de-verano-en-mi-vida-sin-duda-recomendaria-esta-adictiva-novela-que-casi-nadie-conoce-y-se-lee-muy-rapido","status":"publish","type":"post","link":"https:\/\/www.europesays.com\/es\/10521\/","title":{"rendered":"De todos los libros que he le\u00eddo en las vacaciones de verano en mi vida, sin duda recomendar\u00eda esta adictiva novela que casi nadie conoce y se lee muy r\u00e1pido"},"content":{"rendered":"<p data-journey-content=\"true\" data-node-id=\"2\" class=\"css-i9p093 emevuu60\"><strong data-node-id=\"2.0\">Tengo compa\u00f1eros\/as en Hearst que adoran la literatura tanto o m\u00e1s que yo<\/strong>: es un gusto encontrarse con ellos\/as por los pasillos, comentar qu\u00e9 libro estamos leyendo y recomendarse novelas mutuamente. La redactora jefe de ELLE, <a href=\"https:\/\/www.elle.com\/es\/author\/16109\/carmen-bejerano\/\" data-vars-ga-outbound-link=\"https:\/\/www.elle.com\/es\/author\/16109\/carmen-bejerano\/\" data-vars-ga-ux-element=\"Hyperlink\" data-vars-ga-call-to-action=\"Carmen Bejerano\" data-node-id=\"2.2\" class=\"body-link css-103hk4r emevuu60\" rel=\"nofollow noopener\" target=\"_blank\">Carmen Bejerano<\/a>, ha devorado encantada <a href=\"https:\/\/www.elle.com\/es\/living\/ocio-cultura\/a64989422\/nunca-fuimos-tan-felices-novela-claire-lombardo\/\" data-vars-ga-outbound-link=\"https:\/\/www.elle.com\/es\/living\/ocio-cultura\/a64989422\/nunca-fuimos-tan-felices-novela-claire-lombardo\/\" data-vars-ga-ux-element=\"Hyperlink\" data-vars-ga-call-to-action=\"&#039;Nunca fuimos tan felices&#039;\" data-node-id=\"2.4\" class=\"body-link css-103hk4r emevuu60\" rel=\"nofollow noopener\" target=\"_blank\">&#8216;Nunca fuimos tan felices&#8217;<\/a>, de Claire Lombardo; a <a href=\"https:\/\/www.esquire.com\/es\/author\/218938\/rafael-galan\/\" data-vars-ga-outbound-link=\"https:\/\/www.esquire.com\/es\/author\/218938\/rafael-galan\/\" data-vars-ga-ux-element=\"Hyperlink\" data-vars-ga-call-to-action=\"Rafa Gal\u00e1n\" data-node-id=\"2.6\" class=\"body-link css-103hk4r emevuu60\" rel=\"nofollow noopener\" target=\"_blank\">Rafa Gal\u00e1n<\/a>, experto en tecnolog\u00eda de Esquire y uno de los capos de e-commerce, no dejo de recomendarle <a href=\"https:\/\/www.elle.com\/es\/living\/ocio-cultura\/a65251092\/novelas-buenas-adictivas-recomendadas-junio-2025\/\" data-vars-ga-outbound-link=\"https:\/\/www.elle.com\/es\/living\/ocio-cultura\/a65251092\/novelas-buenas-adictivas-recomendadas-junio-2025\/\" data-vars-ga-ux-element=\"Hyperlink\" data-vars-ga-call-to-action=\"&#039;Sandwich&#039;\" data-node-id=\"2.10\" class=\"body-link css-103hk4r emevuu60\" rel=\"nofollow noopener\" target=\"_blank\">&#8216;Sandwich&#8217;<\/a>, de Catherine Newman y ayer mismo, con <a href=\"https:\/\/www.esquire.com\/es\/author\/208265\/ivan-iglesias\/\" data-vars-ga-outbound-link=\"https:\/\/www.esquire.com\/es\/author\/208265\/ivan-iglesias\/\" data-vars-ga-ux-element=\"Hyperlink\" data-vars-ga-call-to-action=\"Iv\u00e1n Iglesias\" data-node-id=\"2.12\" class=\"body-link css-103hk4r emevuu60\" rel=\"nofollow noopener\" target=\"_blank\">Iv\u00e1n Iglesias<\/a>, director digital de las revistas healthy de la casa, hablaba del concepto &#8216;novelas de verano&#8217;.<\/p>\n<p data-journey-content=\"true\" data-node-id=\"3\" class=\"css-i9p093 emevuu60\">Iv\u00e1n me dec\u00eda que \u00e9l <strong data-node-id=\"3.1\">divid\u00eda los libros en &#8216;novelas de invierno&#8217; y <a href=\"https:\/\/www.elle.com\/es\/living\/ocio-cultura\/a65379036\/novelas-policiacas-verano-similares-agatha-christie\/\" data-vars-ga-outbound-link=\"https:\/\/www.elle.com\/es\/living\/ocio-cultura\/a65379036\/novelas-policiacas-verano-similares-agatha-christie\/\" data-vars-ga-ux-element=\"Hyperlink\" data-vars-ga-call-to-action=\"&#039;novelas de verano&#039;\" data-node-id=\"3.1.1\" class=\"body-link css-103hk4r emevuu60\" rel=\"nofollow noopener\" target=\"_blank\">&#8216;novelas de verano&#8217;<\/a>:<\/strong> v\u00e9ase por un lado las obras largas, intensas, que interpelan, que sorprenden por la calidad y que generalmente son dramas; y por otro, libros de f\u00e1cil digesti\u00f3n, de los que te puedes dormir con ellos en la hamaca y que dejan un sabor de boca refrescante. <\/p>\n<p data-journey-content=\"true\" data-node-id=\"4\" class=\"css-i9p093 emevuu60\"><strong data-node-id=\"4.0\">\u00bfEs posible que haya un libro que re\u00fana lo mejor de las dos categor\u00edas? S\u00ed, yo conozco uno estupendo que me le\u00ed en el verano de 2021,<\/strong> una adictiva novela que casi nadie ha le\u00eddo pero que se devora s\u00faper r\u00e1pido. Se trata de <strong data-node-id=\"4.2\">&#8216;El grupo&#8217;, de Mary McCarthy, editado por Impedimenta, que con sus 464 p\u00e1ginas<\/strong> puede ser perfectamente el libro que metas en la maleta estas vacaciones. <\/p>\n<p>&#8216;El grupo&#8217;<\/p>\n<p><a target=\"_blank\" rel=\"nofollow noopener\" data-theme-key=\"base-link\" href=\"https:\/\/www.amazon.es\/dp\/8417553916?tag=ellespain-21\" aria-label=\"25\u00a0\u20ac en Amazon for &#039;El grupo&#039;\" data-href=\"https:\/\/www.amazon.es\/dp\/8417553916\" data-product-url=\"https:\/\/www.amazon.es\/dp\/8417553916\" data-affiliate=\"true\" data-affiliate-url=\"https:\/\/www.amazon.es\/dp\/8417553916?tag=ellespain-21\" data-affiliate-network=\"{&quot;afflink_redirect&quot;:&quot;\/_p\/afflink\/weYI\/amazon-el-grupo-224-impedimenta&quot;,&quot;site_id&quot;:&quot;5545cc0d-2c00-4ffe-8b27-aa070fd2db3c&quot;,&quot;network&quot;:{&quot;name&quot;:&quot;Amazon&quot;},&quot;metadata&quot;:{&quot;links&quot;:{&quot;default&quot;:&quot;https:\/\/www.amazon.es\/dp\/8417553916?tag=ellespain-21&quot;}}}\" data-vars-ga-call-to-action=\"25\u00a0\u20ac en Amazon\" data-vars-ga-media-role=\"\" data-vars-ga-media-type=\"Single Product Embed\" data-vars-ga-outbound-link=\"https:\/\/www.amazon.es\/dp\/8417553916\" data-vars-ga-product-brand=\"IMPEDIMENTA\" data-vars-ga-product-id=\"776730ff-2594-4ae7-8e05-9054208ff547\" data-vars-ga-product-price=\"24,65\u00a0\u20ac\" data-vars-ga-product-retailer-id=\"4fc4f868-707f-45f4-8119-6f146784a79c\" data-vars-ga-product-sem3-brand=\"IMPEDIMENTA\" data-vars-ga-product-sem3-category=\"Ficci\u00f3n contempor\u00e1nea\" data-vars-ga-link-treatment=\"(not set) | (not set)\" data-vars-ga-sku=\"8417553916\" data-vars-ga-magento-tracking=\"1\" class=\"product-image-link ebgq4gw2 e1b8bpvs0 css-g6od0w e1c1bym14\"><img  alt=\"'El grupo'\" title=\"'El grupo'\" src=\"https:\/\/www.europesays.com\/es\/wp-content\/uploads\/2025\/07\/1752756629-71IDS-jqCUL.jpg\" width=\"780\" height=\"1200\" decoding=\"async\" loading=\"lazy\"\/><\/a><\/p>\n<p data-journey-content=\"true\" data-node-id=\"7\" class=\"body-text css-i9p093 emevuu60\">Con una portada preciosa y veraniega, esta novela es<strong data-node-id=\"7.1\"> pionera en la literatura femenina, con tintes feministas<\/strong> (se public\u00f3 en 1963, el mismo a\u00f1o que &#8216;La m\u00edstica de la feminidad&#8217;, de Betty Friedan, uno de los libros fundacionales de la segunda ola feminista) y mucha, mucha valent\u00eda: <strong data-node-id=\"7.3\">plante\u00f3 temas como la salud mental, el aborto, la anticoncepci\u00f3n, <\/strong>la frustraci\u00f3n en el matrimonio y las relaciones extramatrimoniales en una \u00e9poca en la que eran tab\u00fa. De hecho, la publicaci\u00f3n del libro de McCarthy <strong data-node-id=\"7.5\">fue un verdadero esc\u00e1ndalo, a pesar de convertirse en un inmediato bestseller.<\/strong><\/p>\n<p>&#8216;El grupo&#8217;: la novela que escandaliz\u00f3 a Estados Unidos<br data-node-id=\"8.1\"\/><\/p>\n<p data-journey-content=\"true\" data-node-id=\"9\" class=\"css-i9p093 emevuu60\">La novela se ambienta <strong data-node-id=\"9.1\">en 1933,<\/strong> en la \u00e9poca de la Gran Depresi\u00f3n, y <strong data-node-id=\"9.3\">narra la historia de un grupo de nueve amigas que se acaban de licenciar en el Vassar College. <\/strong>El libro narra siete a\u00f1os en su vida, desde la boda de una de ellas hasta su funeral en 1940 y aborda el paso a la edad adulta de unas j\u00f3venes que, aunque lo que se espera de ellas sea casarse y tener hijos, tienen otros planes para su vida.<\/p>\n<p data-journey-content=\"true\" data-node-id=\"10\" class=\"css-i9p093 emevuu60\">El libro mezcla humor, iron\u00eda y una fuerte cr\u00edtica social que, en su \u00e9poca, no fue bien recibida por los sectores m\u00e1s conservadores de Estados Unidos. No era f\u00e1cil hablar de liberaci\u00f3n femenina, desigualdad entre sexos, dilemas sexuales o el choque entre lo que se espera de una mujer y lo que realmente quiere; pero <strong data-node-id=\"10.1\">Mary McCarthy abri\u00f3 con &#8216;El grupo&#8217; una conversaci\u00f3n que, a la larga, fue tan necesaria como constructiva.<\/strong><\/p>\n<p><img alt=\"mary mccarthy autora estadounidense\" title=\"Mary McCarthy autora estadounidense\" loading=\"lazy\" width=\"2602\" height=\"3507\" decoding=\"async\" data-nimg=\"1\" style=\"color:transparent;width:100%;height:auto;\"   src=\"https:\/\/www.europesays.com\/es\/wp-content\/uploads\/2025\/07\/this-is-mary-mccarthy-american-writer-and-author-of-the-news-photo-1752757434.pjpeg\" class=\"css-0 e1g79fud0\"\/><a target=\"_blank\" rel=\"noopener nofollow\" data-theme-key=\"base-link\" href=\"https:\/\/pinterest.com\/pin\/create\/button\/?url=https:\/\/www.elle.com\/es\/living\/ocio-cultura\/a65435733\/el-grupo-mary-mccarthy-novela-impedimenta\/&amp;description=- ElleSpain&amp;media=https:\/\/hips.hearstapps.com\/hmg-prod\/images\/this-is-mary-mccarthy-american-writer-and-author-of-the-news-photo-1752757434.pjpeg?resize=1600:*\" class=\"pinterest css-on9hn5 e1c1bym14\"><img decoding=\"async\" data-dynamic-svg=\"true\" src=\"https:\/\/www.elle.com\/_assets\/design-tokens\/fre\/static\/icons\/social\/pinterest.e8cf655.svg?primary=%2523ffffff\" loading=\"lazy\" data-testid=\"dynamic-svg-base\" height=\"auto\" width=\"auto\" alt=\"pinterest\" class=\"css-4lml0h e1mlxuuw1\"\/><\/a>Bettmann\/\/Getty Images<\/p>\n<p>Mary McCarthy, autora de \u2019El grupo\u2019 <\/p>\n<p data-journey-content=\"true\" data-node-id=\"12\" class=\"css-i9p093 emevuu60\">El libro -que fue <strong data-node-id=\"12.1\">adaptado al cine por Sidney Lumet en 1966 y que puedes ver <a href=\"https:\/\/go.redirectingat.com?id=86370X1578079&amp;url=https%3A%2F%2Ftv.apple.com%2Fes%2Fmovie%2Fel-grupo%2Fumc.cmc.s3prj1bh8hy6gjwolsb7nrie%3FplayableId%3Dtvs.sbd.9001%253A850066491\" target=\"_blank\" rel=\"nofollow noopener\" data-vars-ga-outbound-link=\"https:\/\/tv.apple.com\/es\/movie\/el-grupo\/umc.cmc.s3prj1bh8hy6gjwolsb7nrie?playableId=tvs.sbd.9001%3A850066491\" data-vars-ga-ux-element=\"Hyperlink\" data-vars-ga-call-to-action=\"en Apple TV+\" data-vars-ga-product-id=\"5225be78-694f-49d2-8c41-788903aa2ada\" data-node-id=\"12.1.1\" data-href=\"https:\/\/tv.apple.com\/es\/movie\/el-grupo\/umc.cmc.s3prj1bh8hy6gjwolsb7nrie?playableId=tvs.sbd.9001%3A850066491\" data-product-url=\"https:\/\/tv.apple.com\/es\/movie\/el-grupo\/umc.cmc.s3prj1bh8hy6gjwolsb7nrie?playableId=tvs.sbd.9001%3A850066491\" data-affiliate=\"true\" data-affiliate-url=\"https:\/\/go.redirectingat.com?id=86370X1578079&amp;url=https%3A%2F%2Ftv.apple.com%2Fes%2Fmovie%2Fel-grupo%2Fumc.cmc.s3prj1bh8hy6gjwolsb7nrie%3FplayableId%3Dtvs.sbd.9001%253A850066491\" data-affiliate-network=\"{&quot;afflink_redirect&quot;:&quot;\/_p\/afflink\/weaS\/apple-ael-grupo-applea-tv&quot;,&quot;site_id&quot;:&quot;5545cc0d-2c00-4ffe-8b27-aa070fd2db3c&quot;,&quot;network&quot;:{&quot;name&quot;:&quot;Skimlinks&quot;}}\" data-vars-ga-product-price=\"0,00\u00a0$\" data-vars-ga-product-retailer-id=\"0691d0ce-9063-4cb3-8927-53cf65929858\" data-vars-ga-link-treatment=\"(not set) | (not set)\" class=\"body-link product-links css-103hk4r e1aq0z090\">en Apple TV+<\/a>&#8211; <\/strong>quer\u00eda reflejar c\u00f3mo una sociedad en transformaci\u00f3n, la sociedad posterior al crack del 29, no acababa de admitir una nueva realidad para las mujeres; ellas no ten\u00edan sitio -como tantas veces nos ha ocurrido- a pesar de que estaban fuertemente concienciadas y preparadas para ocupar posiciones en esferas tradicionalmente de hombres.<\/p>\n<p data-journey-content=\"true\" data-node-id=\"13\" class=\"css-i9p093 emevuu60\">Quiz\u00e1s ahora la intensa soy yo: n<strong data-node-id=\"13.1\">o pienses que es un libro sesudo y pesado. No, es fresco y con tintes autobiogr\u00e1ficos<\/strong> (McCarthy se gradu\u00f3 en 1933 en el Vassar College y ten\u00eda fama de ser una chica rebelde y escandalosa). Es un libro lleno de despelleje social con un toque de melancol\u00eda que te emocionar\u00e1 y que guardar\u00e1s en tu estanter\u00eda por a\u00f1os. Y para el final dejo la an\u00e9cdota para el Trivial: <strong data-node-id=\"13.3\">fue la novela en la que se inspir\u00f3 Candace Bushnell para &#8216;Sexo en Nueva York&#8217;. Lo siento, Candace: no le llegaste ni a la altura del bet\u00fan.<\/strong><\/p>\n","protected":false},"excerpt":{"rendered":"Tengo compa\u00f1eros\/as en Hearst que adoran la literatura tanto o m\u00e1s que yo: es un gusto encontrarse con&hellip;\n","protected":false},"author":2,"featured_media":10522,"comment_status":"","ping_status":"","sticky":false,"template":"","format":"standard","meta":{"footnotes":""},"categories":[172],"tags":[1655,224,253,146,147,25,24,225,23],"class_list":{"0":"post-10521","1":"post","2":"type-post","3":"status-publish","4":"format-standard","5":"has-post-thumbnail","7":"category-libros","8":"tag-afiliacion","9":"tag-books","10":"tag-discover","11":"tag-entertainment","12":"tag-entretenimiento","13":"tag-es","14":"tag-espana","15":"tag-libros","16":"tag-spain"},"share_on_mastodon":{"url":"","error":""},"_links":{"self":[{"href":"https:\/\/www.europesays.com\/es\/wp-json\/wp\/v2\/posts\/10521","targetHints":{"allow":["GET"]}}],"collection":[{"href":"https:\/\/www.europesays.com\/es\/wp-json\/wp\/v2\/posts"}],"about":[{"href":"https:\/\/www.europesays.com\/es\/wp-json\/wp\/v2\/types\/post"}],"author":[{"embeddable":true,"href":"https:\/\/www.europesays.com\/es\/wp-json\/wp\/v2\/users\/2"}],"replies":[{"embeddable":true,"href":"https:\/\/www.europesays.com\/es\/wp-json\/wp\/v2\/comments?post=10521"}],"version-history":[{"count":0,"href":"https:\/\/www.europesays.com\/es\/wp-json\/wp\/v2\/posts\/10521\/revisions"}],"wp:featuredmedia":[{"embeddable":true,"href":"https:\/\/www.europesays.com\/es\/wp-json\/wp\/v2\/media\/10522"}],"wp:attachment":[{"href":"https:\/\/www.europesays.com\/es\/wp-json\/wp\/v2\/media?parent=10521"}],"wp:term":[{"taxonomy":"category","embeddable":true,"href":"https:\/\/www.europesays.com\/es\/wp-json\/wp\/v2\/categories?post=10521"},{"taxonomy":"post_tag","embeddable":true,"href":"https:\/\/www.europesays.com\/es\/wp-json\/wp\/v2\/tags?post=10521"}],"curies":[{"name":"wp","href":"https:\/\/api.w.org\/{rel}","templated":true}]}}