{"id":105223,"date":"2025-09-10T09:42:11","date_gmt":"2025-09-10T09:42:11","guid":{"rendered":"https:\/\/www.europesays.com\/es\/105223\/"},"modified":"2025-09-10T09:42:11","modified_gmt":"2025-09-10T09:42:11","slug":"el-proyecto-del-horneo-eon-es-un-ahora-o-nunca-para-apostar-por-el-balonmano-alicante","status":"publish","type":"post","link":"https:\/\/www.europesays.com\/es\/105223\/","title":{"rendered":"El proyecto del Horneo E\u00d3N es un ahora o nunca para apostar por el balonmano Alicante"},"content":{"rendered":"<p class=\"paragraph\" id=\"paragraph_1\">El balonmano alicantino vela armas para <strong>el regreso, 33 a\u00f1os despu\u00e9s, de la m\u00e1xima categor\u00eda al Pitiu Rochel<\/strong>. El Horneo E\u00d3N Alicante recoge el testigo para dar <a href=\"https:\/\/www.elespanol.com\/alicante\/deporte\/20250718\/estreno-sonado-horneo-eon-alicante-debut-pitiu-rochel-todopoderoso-barca\/1003743854513_0.html?utm_cmp_rs=linksinline\" rel=\"nofollow noopener\" target=\"_blank\">la bienvenida a la competici\u00f3n este s\u00e1bado ante el Bar\u00e7a<\/a>, el gran dominador de la competici\u00f3n durante los \u00faltimos tres lustros.<\/p>\n<p class=\"paragraph\" id=\"paragraph_2\"><strong>Iv\u00e1n Montoya, uno de los refuerzos de lujo<\/strong>, encarna mejor que nadie los nuevos tiempos que se avecinan y el regreso del hijo pr\u00f3digo a Alicante tras una larga experiencia en la \u00e9lite.<\/p>\n<p class=\"paragraph\" id=\"paragraph_3\">El pivote, de 26 a\u00f1os, <strong>analiza para EL ESPA\u00d1OL de Alicante la pretemporada, el debut y lo que se puede esperar<\/strong> del Horneo E\u00d3N en la pista. M\u00e1s all\u00e1 de lo deportivo, el alicantino afirma que la temporada ser\u00e1 clave para asentar el proyecto, por lo que pide la implicaci\u00f3n de toda la sociedad alicantina para lograrlo.<\/p>\n<p><img loading=\"lazy\" decoding=\"async\" alt=\"Pepe S\u00e1nchez, fundador del Horneo E\u00d3N.\" height=\"180\" src=\"https:\/\/www.europesays.com\/es\/wp-content\/uploads\/2025\/09\/1003743795831_256300856_320x180.jpg\" width=\"320\" data-lazy-status=\"processed\" data-lazy-info=\"remove loading item 1\"\/><\/p>\n<p class=\"paragraph\" id=\"paragraph_4\"><strong>Las pretemporadas no son de fiar, al menos en cuanto a los resultados. \u00bfC\u00f3mo llega el equipo a nivel de sensaciones?<\/strong><\/p>\n<p class=\"paragraph\" id=\"paragraph_5\">Los resultados positivos nunca vienen mal, pero lo importante es crear automatismos y adaptarnos los unos a los otros. Hemos realizado muchos fichajes (13) y necesitamos tiempo. Lo mejor es que no ha habido lesiones de importancia.<\/p>\n<p class=\"paragraph\" id=\"paragraph_6\"><strong>Usted, pese a su juventud, tiene una amplia experiencia en la Asobal, pero imagino que jugar ahora en casa es especial. \u00bfC\u00f3mo lo lleva?<\/strong><\/p>\n<p class=\"paragraph\" id=\"paragraph_7\">Por una parte es una temporada m\u00e1s, pero por otra es evidente que tiene un punto especial e ilusionante. Jugar en casa es un plus a\u00f1adido. Hay ganas de empezar, pero con los a\u00f1os los nervios se controlan mejor.<\/p>\n<p class=\"paragraph\" id=\"paragraph_8\"><strong>El Horneo E\u00d3N arranca ante el Bar\u00e7a. \u00bfHubiera preferido un rival m\u00e1s asequible para el debut o es mejor comenzar a lo grande contra el gigante azulgrana?<\/strong><\/p>\n<p class=\"paragraph\" id=\"paragraph_9\">Es lo que ha tocado. Desde un punto social a lo mejor es lo mejor para enganchar a la gente desde el primer d\u00eda despu\u00e9s de tanto tiempo sin balonmano de \u00e9lite. En lo deportivo\u2026 al final tienes que jugar dos veces contra ellos. Pase lo que pase no es un partido para sacar conclusiones porque es la primera jornada. \u00bfDe qu\u00e9 sirve puntuar ante el Bar\u00e7a si luego no sumamos m\u00e1s? Es un partido para disfrutar.<\/p>\n<p><img decoding=\"async\" alt=\"Torriko celebra una victoria en el pasado curso.\" height=\"180\" loading=\"lazy\" width=\"320\" data-lazy-status=\"processed\" id=\"535d590ffb\" src=\"https:\/\/www.elespanol.com\/alicante\/deporte\/otros-deportes\/20250909\/ivan-montoya-proyecto-horneo-eon-ahora-nunca-apostar-balonmano-alicante\/[\" https:=\"\" data-lazy-info=\"changed src\"\/><\/p>\n<p class=\"paragraph\" id=\"paragraph_10\"><strong>Usted es el \u00fanico de la plantilla que puede presumir de haber vencido al Bar\u00e7a, el pasado a\u00f1o, con el Granollers. \u00bfCree que el equipo catal\u00e1n se ha humanizado en los \u00faltimos a\u00f1os o sigue siendo inabordable?<\/strong><\/p>\n<p class=\"paragraph\" id=\"paragraph_11\">Haberles ganado est\u00e1 bien, pero es una an\u00e9cdota. No s\u00e9 si son mejores o peores que otros a\u00f1os, pero lo que pienso es que hay que poner en valor lo que hacen. Si lo ganan todo, como en los \u00faltimos a\u00f1os, es por m\u00e9rito de ellos. Y si se dejan puntos, hay que darle valor a los rivales. No s\u00e9 si son m\u00e1s humanos que antes, lo que s\u00e9 es que vamos a preparar el partido para intentar hacerles da\u00f1o.<\/p>\n<p class=\"paragraph\" id=\"paragraph_12\"><strong>Para un ni\u00f1o formado en Agustinos, \u00bfqu\u00e9 supone volver ahora como jugador de \u00e9lite al Pitiu ante su gente?<\/strong><\/p>\n<p class=\"paragraph\" id=\"paragraph_13\">Algo muy especial. Yo he jugado de ni\u00f1o en el Pitiu y he visto much\u00edsimos partidos de los mayores en ese pabell\u00f3n. Es una pista con mucha historia. Tanto las instituciones, como jugadores, directiva y afici\u00f3n tenemos que estar a la altura. Tenemos que apostar por el balonmano, porque esta oportunidad no es f\u00e1cil de tener.<\/p>\n<p class=\"paragraph\" id=\"paragraph_14\"><strong>El Horneo E\u00d3N se ha convertido en el referente de la provincia y de la regi\u00f3n. \u00bfCree que estamos ante el inicio de la segunda edad dorada del balonmano en Alicante?<\/strong><\/p>\n<p class=\"paragraph\" id=\"paragraph_15\">Espero que s\u00ed, pero se tiene que ver el apoyo de todos. Es una gran oportunidad, un ahora o nunca para apostar por el balonmano en Alicante.<\/p>\n<p>M\u00e1s all\u00e1 de los colegios<\/p>\n<p class=\"paragraph\" id=\"paragraph_16\"><strong>Usted tuvo que salir muy joven de la ciudad para buscar su lugar en la \u00e9lite. \u00bfConf\u00eda en que el Horneo E\u00d3N sea un modelo para la inagotable cantera alicantina, capaz de unir a todas las familias del balonmano de la ciudad?<\/strong><\/p>\n<p class=\"paragraph\" id=\"paragraph_17\">Ojal\u00e1 en Alicante sepamos ver que hay vida m\u00e1s all\u00e1 de los colegios y hacer un proyecto com\u00fan para todos. Yo me fui porque tuve una oferta irrechazable del Puerto de Sagunto, pero ojal\u00e1 me hubiera podido quedar. Este proyecto es una ocasi\u00f3n para que Alicante est\u00e9 unida y reme en la misma direcci\u00f3n, porque es el momento.<\/p>\n<p class=\"paragraph\" id=\"paragraph_18\"><strong>Ya sabe que el balonmano alicantino ha estado muy atomizado\u2026No ser\u00e1 f\u00e1cil esa uni\u00f3n despu\u00e9s de tantas d\u00e9cadas de recelo.<\/strong><\/p>\n<p class=\"paragraph\" id=\"paragraph_19\">Yo soy de Agustinos, pero no es necesario perder la identidad de cada sitio para hacer el camino unidos. Simplemente hay que ir m\u00e1s all\u00e1.<\/p>\n<p class=\"paragraph\" id=\"paragraph_20\"><strong>Volvemos al presente, \u00bfve al equipo capaz de lograr la permanencia sin sufrir?<\/strong><\/p>\n<p class=\"paragraph\" id=\"paragraph_21\">Hay que ir paso a paso. No nos ponemos l\u00edmites, pero la realidad es que un reci\u00e9n ascendido est\u00e1 siempre m\u00e1s cerca de pelear por evitar el descenso que de Europa. Es lo que manda la l\u00f3gica, aunque no vamos a renunciar a nada. Nos espera una temporada exigente y dura, pero muy atractiva porque es muy igualada.<\/p>\n<p><img decoding=\"async\" alt=\"Iv\u00e1n Montoya durante un partido de pretemporada.\" data-imgm=\"true\" height=\"180\" loading=\"lazy\"  src=\"https:\/\/www.europesays.com\/es\/wp-content\/uploads\/2025\/09\/1003743917654_258564041_1024x576.jpg\"  width=\"320\"\/><\/p>\n<p>                                                            Iv\u00e1n Montoya durante un partido de pretemporada.<\/p>\n<p>                    Carla Cort\u00e9s<\/p>\n<p>                    E\u00f3n<\/p>\n<p class=\"paragraph\" id=\"paragraph_22\"><strong>\u00bfQu\u00e9 tipo de equipo vamos a ver en la pista?<\/strong><\/p>\n<p class=\"paragraph\" id=\"paragraph_23\">Pues uno cl\u00e1sico de Fernando Latorre (entrenador). Incisivo, aguerrido, directo, muy de uno contra uno y combativo. Vamos a luchar todos los partidos. Tenemos muchas variantes y alternativas. S\u00f3lo falta que todo se mezcle bien y no tener lesiones.<\/p>\n<p class=\"paragraph\" id=\"paragraph_24\"><strong>Llama la atenci\u00f3n la cantidad de goles encajados en los partidos de pretemporada. \u00bfEs una an\u00e9cdota o hay que preocuparse?<\/strong><\/p>\n<p class=\"paragraph\" id=\"paragraph_25\">Los partidos de pretemporada son m\u00e1s r\u00e1pidos, con m\u00e1s ritmo y se cometen m\u00e1s errores, por lo que hay m\u00e1s posesiones. M\u00e1s que el n\u00famero de goles hay que analizar c\u00f3mo llegan esas acciones. Es algo que se ir\u00e1 viendo con el paso de la competici\u00f3n.<\/p>\n<p class=\"paragraph\" id=\"paragraph_26\"><strong>Usted es uno de los pivotes m\u00e1s reputados de la competici\u00f3n, acostumbrado a pelear por metas muy ambiciosas. \u00bfQu\u00e9 le puede aportar al equipo?<\/strong><\/p>\n<p class=\"paragraph\" id=\"paragraph_27\">Creo que, adem\u00e1s de mi juego, la experiencia acumulada en la Asobal dentro de la pista, pero tambi\u00e9n fuera de ella, puedo sumar muchas cosas al grupo.<\/p>\n","protected":false},"excerpt":{"rendered":"El balonmano alicantino vela armas para el regreso, 33 a\u00f1os despu\u00e9s, de la m\u00e1xima categor\u00eda al Pitiu Rochel.&hellip;\n","protected":false},"author":2,"featured_media":105224,"comment_status":"","ping_status":"","sticky":false,"template":"","format":"standard","meta":{"footnotes":""},"categories":[278],"tags":[36585,376,168,2958,25,24,375,2713,1675,1915,23,167],"class_list":{"0":"post-105223","1":"post","2":"type-post","3":"status-publish","4":"format-standard","5":"has-post-thumbnail","7":"category-balonmano","8":"tag-alicante-ciudad","9":"tag-balonmano","10":"tag-deportes","11":"tag-entrevistas","12":"tag-es","13":"tag-espana","14":"tag-handball","15":"tag-jugadores","16":"tag-liga-asobal","17":"tag-otros-deportes","18":"tag-spain","19":"tag-sports"},"share_on_mastodon":{"url":"","error":""},"_links":{"self":[{"href":"https:\/\/www.europesays.com\/es\/wp-json\/wp\/v2\/posts\/105223","targetHints":{"allow":["GET"]}}],"collection":[{"href":"https:\/\/www.europesays.com\/es\/wp-json\/wp\/v2\/posts"}],"about":[{"href":"https:\/\/www.europesays.com\/es\/wp-json\/wp\/v2\/types\/post"}],"author":[{"embeddable":true,"href":"https:\/\/www.europesays.com\/es\/wp-json\/wp\/v2\/users\/2"}],"replies":[{"embeddable":true,"href":"https:\/\/www.europesays.com\/es\/wp-json\/wp\/v2\/comments?post=105223"}],"version-history":[{"count":0,"href":"https:\/\/www.europesays.com\/es\/wp-json\/wp\/v2\/posts\/105223\/revisions"}],"wp:featuredmedia":[{"embeddable":true,"href":"https:\/\/www.europesays.com\/es\/wp-json\/wp\/v2\/media\/105224"}],"wp:attachment":[{"href":"https:\/\/www.europesays.com\/es\/wp-json\/wp\/v2\/media?parent=105223"}],"wp:term":[{"taxonomy":"category","embeddable":true,"href":"https:\/\/www.europesays.com\/es\/wp-json\/wp\/v2\/categories?post=105223"},{"taxonomy":"post_tag","embeddable":true,"href":"https:\/\/www.europesays.com\/es\/wp-json\/wp\/v2\/tags?post=105223"}],"curies":[{"name":"wp","href":"https:\/\/api.w.org\/{rel}","templated":true}]}}