{"id":105240,"date":"2025-09-10T09:52:14","date_gmt":"2025-09-10T09:52:14","guid":{"rendered":"https:\/\/www.europesays.com\/es\/105240\/"},"modified":"2025-09-10T09:52:14","modified_gmt":"2025-09-10T09:52:14","slug":"crecer-entre-dos-artistas-homenaje-a-claude-picasso-en-el-museo-picasso-de-barcelona","status":"publish","type":"post","link":"https:\/\/www.europesays.com\/es\/105240\/","title":{"rendered":"\u201cCrecer entre dos artistas. Homenaje a Claude Picasso\u201d en el Museo Picasso de Barcelona"},"content":{"rendered":"<p>Vuelvo al curso escolar para recomendarles una visita: el<b> Museo Picasso de Barcelona<\/b> mantiene abierta hasta el 26 de octubre la exposici\u00f3n <b>\u201cCrecer entre dos artistas. Homenaje a Claude Picasso\u201d<\/b>, la exposici\u00f3n es un recorrido \u00edntimo por la infancia de Claude (1947-2023) y Paloma (1949) en La Galloise (Vallauris) y por la obra que esa vida familiar. Es, adem\u00e1s, un tributo expl\u00edcito a Claude. La muestra puede visitarse en la primera planta del <b>Palau Finestres.<\/b><\/p>\n<p>Con concepto, <b>supervisi\u00f3n y comisariado de Paloma Picasso y Emmanuel Guigon,<\/b> este proyecto re\u00fane obra de <a title=\"Picasso\" href=\"https:\/\/www.larazon.es\/tags\/pablo-picasso-1\" target=\"_blank\" rel=\"nofollow noopener\">Picasso<\/a> y de <a title=\"Gilot\" href=\"https:\/\/www.larazon.es\/cultura\/fallece-francoise-gilot-unica-mujer-que-abandono-picasso_20230606647f7cb7a7fe8d000105c3dc.html\" target=\"_blank\" rel=\"nofollow noopener\">Gilot<\/a>, documentaci\u00f3n fotogr\u00e1fica (Robert Capa, Edward Quinn, entre otros) y materiales que evidencian lo difusa de la l\u00ednea entre juego y creaci\u00f3n en la casa-taller familiar del sur de Francia tras la Segunda Guerra Mundial. La exposici\u00f3n subraya c\u00f3mo el nacimiento de los hijos modific\u00f3 el trabajo de Picasso y c\u00f3mo Gilot convirti\u00f3 la vida familiar en tema central de su pintura, saquen ustedes sus conclusiones del porque.<\/p>\n<p>La exposici\u00f3n se estructura en <b>cinco \u00e1mbitos<\/b> que me parecen fascinantes:<\/p>\n<p>En la Sala 1.<b> La Galloise, un hogar,<\/b> se introduce el contexto de Vallauris, la instalaci\u00f3n de la familia y el clima creativo que rode\u00f3 a los ni\u00f1os. Se muestran, entre otros, linograbados y carteles para Vallauris (1951-1960), fruto de la colaboraci\u00f3n con el impresor Hidalgo Arn\u00e9s, y las conocidas \u201csombras chinescas\u201d que Picasso colg\u00f3 en La Galloise en septiembre de 1952.<\/p>\n<p>En la Sala 2. <b>Picasso y la vida familiar. Los juguetes<\/b>, se documenta la integraci\u00f3n del juego infantil en la obra del pintor: coches de juguete de Claude que se transforman en rostro de simio en \u201cLa mona y su cr\u00eda\u201d (1951); mu\u00f1ecas con el rostro de Paloma para las que Gilot teji\u00f3 ropa; arlequines articulados de cart\u00f3n y figuras recortadas a partir de cajetillas de tabaco. La l\u00ednea entre juguete y obra desaparece, como muestran las piezas y testimonios de la \u00e9poca.<\/p>\n<p><img decoding=\"async\" loading=\"lazy\" src=\"https:\/\/www.europesays.com\/es\/wp-content\/uploads\/2025\/09\/123.jpg\" alt=\"Pablo Picasso. Mosquetero. 1952\" width=\"414\" height=\"586\"\/><b>Pablo Picasso. Mosquetero. 1952<\/b>Pablo Picasso<\/p>\n<p>La Sala 3. <b>Fran\u00e7oise Gilot,<\/b> es un n\u00facleo dedicado a su producci\u00f3n: \u00f3leos y dibujos donde la maternidad y la vida dom\u00e9stica \u2014\u201cLa mesa del jard\u00edn con Claude\u201d (1952), \u201cLa lecci\u00f3n de lectura\u201d\u2014 se convierten en motivo principal. Aqu\u00ed pueden encontrar su propio relato sobre el trabajo en Vallauris, el cuidado de los ni\u00f1os y la relaci\u00f3n con Picasso tras su separaci\u00f3n.<\/p>\n<p>La Sala 4. <b>Vallauris<\/b>, explora el v\u00ednculo de Picasso con la cer\u00e1mica desde su visita al taller Madoura en 1946, de la mano de Suzanne y Georges Rami\u00e9, y su regreso a un entorno mar\u00edtimo que consideraba propio. Incluye documentaci\u00f3n de Luciano Emmer filmando a Picasso en 1953 y obras como \u201cPaloma\u201d (29 de enero de 1953).<\/p>\n<p>En la Sala 5. <b>Claude Picasso<\/b>, cierra con el papel de Claude como testigo y mediador de aquel universo, incluyendo la pel\u00edcula \u201cAtelier 74\u201d (codirigida con Thierry Spitzer) que registr\u00f3 el estado del taller de La Californie un a\u00f1o despu\u00e9s de la muerte de su padre, junto a otras piezas que subrayan su mirada sobre el espacio creativo.<\/p>\n<p><img decoding=\"async\" loading=\"lazy\" src=\"https:\/\/www.europesays.com\/es\/wp-content\/uploads\/2025\/09\/1757497934_833_123.jpg\" alt=\" Estudio para la escultura La mona y su cr\u00eda. Mona-coches. 1950\" width=\"1571\" height=\"1970\"\/><b> Estudio para la escultura La mona y su cr\u00eda. Mona-coches. 1950<\/b>Pablo Picasso<\/p>\n<p>A\u00fan quedan semanas para disfrutar de una muestra de car\u00e1cter temporal que ofrece claves de lectura poco vistas sobre el Picasso familiar. Es una oportunidad para comprender c\u00f3mo el juego, la familia y la vida cotidiana activaron una v\u00eda de trabajo esencial en Picasso y, en paralelo, la obra de Fran\u00e7oise Gilot. La exposici\u00f3n combina piezas, fotos y testimonios de \u00e9poca.<\/p>\n<p>He intentado imaginarme como ser\u00eda la vida de Fran\u00e7oise y Claude m\u00e1s all\u00e1 de lo art\u00edstico, y he decidido volver de ese pensamiento. Quedarme con que <b>Fran\u00e7oise Gilot fue la \u00fanica mujer que dej\u00f3 a Picasso<\/b> y le demostr\u00f3 que hab\u00eda mucha m\u00e1s vida (y mucho arte) lejos de \u00e9l. Lo dicho, est\u00e1n a tiempo.<\/p>\n","protected":false},"excerpt":{"rendered":"Vuelvo al curso escolar para recomendarles una visita: el Museo Picasso de Barcelona mantiene abierta hasta el 26&hellip;\n","protected":false},"author":2,"featured_media":105241,"comment_status":"","ping_status":"","sticky":false,"template":"","format":"standard","meta":{"footnotes":""},"categories":[173],"tags":[229,233,231,230,232,234,146,147,25,24,23],"class_list":{"0":"post-105240","1":"post","2":"type-post","3":"status-publish","4":"format-standard","5":"has-post-thumbnail","7":"category-arte-y-diseno","8":"tag-arte","9":"tag-arte-y-diseno","10":"tag-arts","11":"tag-arts-and-design","12":"tag-design","13":"tag-diseno","14":"tag-entertainment","15":"tag-entretenimiento","16":"tag-es","17":"tag-espana","18":"tag-spain"},"share_on_mastodon":{"url":"","error":""},"_links":{"self":[{"href":"https:\/\/www.europesays.com\/es\/wp-json\/wp\/v2\/posts\/105240","targetHints":{"allow":["GET"]}}],"collection":[{"href":"https:\/\/www.europesays.com\/es\/wp-json\/wp\/v2\/posts"}],"about":[{"href":"https:\/\/www.europesays.com\/es\/wp-json\/wp\/v2\/types\/post"}],"author":[{"embeddable":true,"href":"https:\/\/www.europesays.com\/es\/wp-json\/wp\/v2\/users\/2"}],"replies":[{"embeddable":true,"href":"https:\/\/www.europesays.com\/es\/wp-json\/wp\/v2\/comments?post=105240"}],"version-history":[{"count":0,"href":"https:\/\/www.europesays.com\/es\/wp-json\/wp\/v2\/posts\/105240\/revisions"}],"wp:featuredmedia":[{"embeddable":true,"href":"https:\/\/www.europesays.com\/es\/wp-json\/wp\/v2\/media\/105241"}],"wp:attachment":[{"href":"https:\/\/www.europesays.com\/es\/wp-json\/wp\/v2\/media?parent=105240"}],"wp:term":[{"taxonomy":"category","embeddable":true,"href":"https:\/\/www.europesays.com\/es\/wp-json\/wp\/v2\/categories?post=105240"},{"taxonomy":"post_tag","embeddable":true,"href":"https:\/\/www.europesays.com\/es\/wp-json\/wp\/v2\/tags?post=105240"}],"curies":[{"name":"wp","href":"https:\/\/api.w.org\/{rel}","templated":true}]}}